{"id":80872,"date":"2024-06-02T15:57:36","date_gmt":"2024-06-02T20:57:36","guid":{"rendered":"https:\/\/www.evafm.net\/sitio\/?p=80872"},"modified":"2024-06-02T15:57:36","modified_gmt":"2024-06-02T20:57:36","slug":"carapaz-en-el-tour-de-suiza","status":"publish","type":"post","link":"https:\/\/www.evafm.net\/sitio\/carapaz-en-el-tour-de-suiza\/","title":{"rendered":"Carapaz en el Tour de Suiza"},"content":{"rendered":"<p><strong>El Tour de Suiza,<\/strong> o tambi\u00e9n <strong>llamada Vuelta a Suiza,<\/strong> es una de las carreras m\u00e1s importantes del calendario de la<\/p>\n<p>Uni\u00f3n Ciclista Internacional.<\/p>\n<p>Se trata de una carrera de ocho etapas, que se corri\u00f3 por primera vez en 1933 y que solo se suspendi\u00f3 en <strong>1940 y 1943<\/strong><\/p>\n<p>debido a la Segunda Guerra Mundial y en 2020 por la pandemia del Covid-19.<\/p>\n<p>&nbsp;<\/p>\n<p>Esta competencia se disputa, habitualmente, a mediados de junio y sirve como preparaci\u00f3n para el <strong>Tour de Francia. <\/strong><\/p>\n<p>Grandes ciclistas de la historia han ganado en Suiza, como<\/p>\n<p><strong>Gino Bartali, Eddy Merckx, Jan Ullrich, Richie Porte, Egan Bernal.<\/strong><\/p>\n<p>En esa lista tambi\u00e9n aparece el ecuatoriano <strong>Richard Carapaz,<\/strong> que gan\u00f3 la etapa reina y tambi\u00e9n se qued\u00f3 con la<\/p>\n<p>clasificaci\u00f3n general, en 2021, la mejor temporada de su carrera como profesional.<\/p>\n<p>&#8216;Richie&#8217; vuelve este a\u00f1o a Suiza con la intenci\u00f3n de encontrar su mejor estado de forma, antes de ir al Tour de Francia<\/p>\n<p>su principal objetivo de la temporada.<\/p>\n<p>La edici\u00f3n 2024 del Tour de Suiza presenta un recorrido muy variado, con una contrarreloj individual el primer d\u00eda<\/p>\n<p>dos etapas de media monta\u00f1a, cuatro etapas de alta monta\u00f1a y una cronoescalada el \u00faltimo d\u00eda.<\/p>\n<p>Hasta el momento, en la lista de inscritos aparecen algunos rivales importantes de<\/p>\n<p>Richard Carapaz como Mattias Skjelmose, Enric Mas, Joao Almeida, Marc Hirschi, Thomas Pidcock y Egan Bernal.<\/p>\n<p>&nbsp;<\/p>\n<p>La competencia saldr\u00e1 el 9 de junio de Vaduz (capital de Liechtenstein), recorrer\u00e1 casi todo el territorio suizo y terminar\u00e1<\/p>\n<p>el 16 de junio en Villars-sur-Ollon. En Ecuador, el Tour de Suiza se podr\u00e1 ver a trav\u00e9s de la se\u00f1al de <strong>DSports y DGO. (D)<\/strong><\/p>\n<p><strong>Etapa 1 (contrarreloj)<\/strong><\/p>\n<p>De Vaduz a Vaduz Distancia: 4,8 kil\u00f3metros<\/p>\n<p><strong>Fecha:<\/strong> Domingo 9 de junio de 2024<\/p>\n<p><strong>Horario de transmisi\u00f3n:<\/strong> 08:00 <strong>(hora de Ecuador)<\/strong><\/p>\n<p><strong>Etapa 2 (media monta\u00f1a) <\/strong><\/p>\n<p>De Vaduz a Regensdorf Distancia: 176,9 kil\u00f3metros<\/p>\n<p>Fecha: Lunes 10 de junio de 2024<\/p>\n<p>Horario de transmisi\u00f3n: 08:00 <strong>(hora de Ecuador)<\/strong><\/p>\n<p><strong>Etapa 3 (media monta\u00f1a) <\/strong><\/p>\n<p>De Steinmaur a R\u00fcschlikon<\/p>\n<p>Distancia: 161,7 kil\u00f3metros<\/p>\n<p>Fecha: Martes 11 de junio de 2024<\/p>\n<p>Horario de transmisi\u00f3n: 08:00 <strong>(hora de Ecuador)<\/strong><\/p>\n<p><small><\/small><\/p>\n<p><strong>Etapa 4 (alta monta\u00f1a)<\/strong><\/p>\n<p>De R\u00fcschlikon a San Gottardo<\/p>\n<p><strong>Distancia:<\/strong> 170,9 kil\u00f3metros<\/p>\n<p><strong>Fecha:<\/strong> Mi\u00e9rcoles 12 de junio de 2024<\/p>\n<p>Horario de transmisi\u00f3n: 08:00 <strong>(hora de Ecuador)<\/strong><\/p>\n<p><strong>Etapa 5 (alta monta\u00f1a)<\/strong><\/p>\n<p>De Ambri a Car\u00ed<\/p>\n<p><strong>Distancia:<\/strong> 148,6 kil\u00f3metros<\/p>\n<p><strong>Fecha:<\/strong> Jueves 13 de junio de 2024<\/p>\n<p>Horario de transmisi\u00f3n: 08:00<strong> (hora de Ecuador)<\/strong><\/p>\n<p><strong>Etapa 6 (alta monta\u00f1a)<\/strong><\/p>\n<p>De Locarno a Blatten-Belalp<\/p>\n<p>Distancia: 151,4 kil\u00f3metros<\/p>\n<p><strong>Fecha<\/strong>: Viernes 14 de junio de 2024<\/p>\n<p><strong>Horario de transmisi\u00f3n:<\/strong> 07:00 <strong>(hora de Ecuador)<\/strong><\/p>\n<p><strong>Etapa 7 (alta monta\u00f1a) <\/strong><\/p>\n<p>De Villars-sur-Ollon a Villars-sur-Ollon<\/p>\n<p><strong> Distancia:<\/strong> 118,2 kil\u00f3metros<\/p>\n<p><strong>Fecha:<\/strong> S\u00e1bado 15 de junio de 2024<\/p>\n<p>Horario de transmisi\u00f3n: 08:00 <strong>(hora de Ecuador)<\/strong><\/p>\n<p><strong>Etapa 8 (cronoescalada) <\/strong><\/p>\n<p>De Aigle a Villars-sur-Ollon<\/p>\n<p><strong>Distancia:<\/strong> 15,7 kil\u00f3metros<\/p>\n<p><strong>Fecha:<\/strong> Domingo 16 de junio de 2024<\/p>\n<p>Horario de transmisi\u00f3n: 08:00 <strong>(hora de Ecuador)<\/strong><\/p>\n<p>Fuente: evafm.net &#8211; primicias.ec<\/p>\n<div class=\"gsp_post_data\" \r\n\t            data-post_type=\"post\" \r\n\t            data-cat=\"deportes-internacionales\" \r\n\t            data-modified=\"120\"\r\n\t            data-created=\"1717343856\"\r\n\t            data-title=\"Carapaz en el Tour de Suiza\" \r\n\t            data-home=\"https:\/\/www.evafm.net\/sitio\"><\/div>","protected":false},"excerpt":{"rendered":"<p>El Tour de Suiza, o tambi\u00e9n llamada Vuelta a Suiza, es una de las carreras m\u00e1s importantes del calendario de la Uni\u00f3n Ciclista Internacional. Se trata de una carrera de ocho etapas, que se corri\u00f3 por primera vez en 1933 y que solo se suspendi\u00f3 en 1940 y 1943 debido a la Segunda Guerra Mundial&#8230;<\/p>\n","protected":false},"author":5,"featured_media":80873,"comment_status":"closed","ping_status":"open","sticky":false,"template":"","format":"standard","meta":{"_joinchat":[],"footnotes":""},"categories":[1342],"tags":[],"class_list":["post-80872","post","type-post","status-publish","format-standard","has-post-thumbnail","hentry","category-deportes-internacionales","have-post-thumb"],"_links":{"self":[{"href":"https:\/\/www.evafm.net\/sitio\/wp-json\/wp\/v2\/posts\/80872","targetHints":{"allow":["GET"]}}],"collection":[{"href":"https:\/\/www.evafm.net\/sitio\/wp-json\/wp\/v2\/posts"}],"about":[{"href":"https:\/\/www.evafm.net\/sitio\/wp-json\/wp\/v2\/types\/post"}],"author":[{"embeddable":true,"href":"https:\/\/www.evafm.net\/sitio\/wp-json\/wp\/v2\/users\/5"}],"replies":[{"embeddable":true,"href":"https:\/\/www.evafm.net\/sitio\/wp-json\/wp\/v2\/comments?post=80872"}],"version-history":[{"count":1,"href":"https:\/\/www.evafm.net\/sitio\/wp-json\/wp\/v2\/posts\/80872\/revisions"}],"predecessor-version":[{"id":80874,"href":"https:\/\/www.evafm.net\/sitio\/wp-json\/wp\/v2\/posts\/80872\/revisions\/80874"}],"wp:featuredmedia":[{"embeddable":true,"href":"https:\/\/www.evafm.net\/sitio\/wp-json\/wp\/v2\/media\/80873"}],"wp:attachment":[{"href":"https:\/\/www.evafm.net\/sitio\/wp-json\/wp\/v2\/media?parent=80872"}],"wp:term":[{"taxonomy":"category","embeddable":true,"href":"https:\/\/www.evafm.net\/sitio\/wp-json\/wp\/v2\/categories?post=80872"},{"taxonomy":"post_tag","embeddable":true,"href":"https:\/\/www.evafm.net\/sitio\/wp-json\/wp\/v2\/tags?post=80872"}],"curies":[{"name":"wp","href":"https:\/\/api.w.org\/{rel}","templated":true}]}}