{"id":80899,"date":"2024-06-03T15:24:36","date_gmt":"2024-06-03T20:24:36","guid":{"rendered":"https:\/\/www.evafm.net\/sitio\/?p=80899"},"modified":"2024-06-03T15:24:36","modified_gmt":"2024-06-03T20:24:36","slug":"facundo-castelli-tendra-para-20-dias-de-recuperacion-con-emelec","status":"publish","type":"post","link":"https:\/\/www.evafm.net\/sitio\/facundo-castelli-tendra-para-20-dias-de-recuperacion-con-emelec\/","title":{"rendered":"Facundo Castelli tendr\u00e1 para 20 d\u00edas de recuperaci\u00f3n con Emelec"},"content":{"rendered":"<p>Apenas 13 minutos en cancha dur\u00f3 Facundo Castelli en el \u00faltimo empate sin goles de <strong>Emelec ante Libertad, por la Fecha 15 de LigaPro<\/strong><\/p>\n<p>en el estadio <strong>Capwell. <\/strong><\/p>\n<p>El delantero de 29 a\u00f1os de edad sufri\u00f3 un esguince de rodilla derecha m\u00e1s contusi\u00f3n, seg\u00fan public\u00f3 el equipo &#8216;el\u00e9ctrico&#8217; este 3 de junio<\/p>\n<p>en sus redes sociales.<\/p>\n<p>\u00abLuego de realizada la evaluaci\u00f3n m\u00e9dica y de imagen<\/p>\n<p>El tiempo estimado de recuperaci\u00f3n es de 20 d\u00edas\u00bb, detalla.<\/p>\n<p>La ausencia de Castelli, por suerte, no afectar\u00e1 en el esquema inicial ya que el campeonato local se paralizar\u00e1 por la disputa de la<\/p>\n<p>Copa Am\u00e9rica 2024.<\/p>\n<p>Una vez culminada, se reanudar\u00e1 la segunda etapa del certamen.<\/p>\n<p>Emelec, que oficializ\u00f3 la salida del t\u00e9cnico Hern\u00e1n Torres, termin\u00f3 sexto en la tabla de posiciones con 25 puntos y a\u00fan est\u00e1 en la<\/p>\n<p>b\u00fasqueda de un reemplazante para el estratega colombiano. <strong>(D)<\/strong><\/p>\n<p>&nbsp;<\/p>\n<div class=\"css-1dbjc4n r-18u37iz r-kzbkwu\">\n<div class=\"css-1dbjc4n r-eqz5dr r-1777fci r-4amgru r-1kh6xel\">\n<div class=\"css-1dbjc4n r-1ny4l3l\">\n<div class=\"css-1dbjc4n r-1wbh5a2 r-dnmrzs r-1ny4l3l\">\n<div class=\"css-1dbjc4n r-1wbh5a2 r-dnmrzs r-1ny4l3l\">\n<div class=\"css-1dbjc4n r-1awozwy r-18u37iz r-dnmrzs\">\n<div class=\"css-901oao r-1awozwy r-18jsvk2 r-6koalj r-1qd0xha r-a023e6 r-b88u0q r-rjixqe r-bcqeeo r-1udh08x r-3s2u2q r-qvutc0\" dir=\"auto\"><strong><span class=\"css-901oao css-16my406 css-1hf3ou5 r-poiln3 r-bcqeeo r-qvutc0\"><span class=\"css-901oao css-16my406 r-poiln3 r-bcqeeo r-qvutc0\">Club Sport Emelec<\/span><\/span><\/strong><\/div>\n<div class=\"css-901oao r-18jsvk2 r-xoduu5 r-18u37iz r-1q142lx r-1qd0xha r-a023e6 r-16dba41 r-rjixqe r-bcqeeo r-qvutc0\" dir=\"auto\"><\/div>\n<\/div>\n<div class=\"css-1dbjc4n r-1awozwy r-18u37iz r-1wbh5a2\">\n<div class=\"css-1dbjc4n\">\n<div class=\"css-901oao css-1hf3ou5 r-14j79pv r-18u37iz r-1qd0xha r-1wvb978 r-a023e6 r-16dba41 r-rjixqe r-bcqeeo r-qvutc0\" dir=\"ltr\"><strong><span class=\"css-901oao css-16my406 r-poiln3 r-bcqeeo r-qvutc0\">@CSEmelec<\/span><\/strong><\/div>\n<\/div>\n<div class=\"css-1dbjc4n r-18u37iz r-1q142lx\">\n<div class=\"css-901oao r-14j79pv r-1q142lx r-1qd0xha r-a023e6 r-16dba41 r-rjixqe r-bcqeeo r-s1qlax r-qvutc0\" dir=\"auto\" aria-hidden=\"true\"><\/div>\n<\/div>\n<\/div>\n<\/div>\n<\/div>\n<\/div>\n<\/div>\n<\/div>\n<div class=\"css-1dbjc4n\">\n<div class=\"css-901oao r-18jsvk2 r-1dqbpge r-1qd0xha r-adyw6z r-16dba41 r-135wba7 r-bcqeeo r-bnwqim r-qvutc0\" dir=\"auto\" lang=\"es\" data-testid=\"tweetText\"><strong><span class=\"css-901oao css-16my406 r-poiln3 r-bcqeeo r-qvutc0\"> Parte m\u00e9dico<\/span><\/strong><\/div>\n<\/div>\n<p><img decoding=\"async\" src=\"https:\/\/pbs.twimg.com\/media\/GPKoiZ4akAU0MH0?format=jpg&amp;name=small\" alt=\"Imagen\" \/><\/p>\n<p>&nbsp;<\/p>\n<p>&nbsp;<\/p>\n<div class=\"gsp_post_data\" \r\n\t            data-post_type=\"post\" \r\n\t            data-cat=\"deportes-ecuador\" \r\n\t            data-modified=\"120\"\r\n\t            data-created=\"1717428276\"\r\n\t            data-title=\"Facundo Castelli tendr\u00e1 para 20 d\u00edas de recuperaci\u00f3n con Emelec\" \r\n\t            data-home=\"https:\/\/www.evafm.net\/sitio\"><\/div>","protected":false},"excerpt":{"rendered":"<p>Apenas 13 minutos en cancha dur\u00f3 Facundo Castelli en el \u00faltimo empate sin goles de Emelec ante Libertad, por la Fecha 15 de LigaPro en el estadio Capwell. El delantero de 29 a\u00f1os de edad sufri\u00f3 un esguince de rodilla derecha m\u00e1s contusi\u00f3n, seg\u00fan public\u00f3 el equipo &#8216;el\u00e9ctrico&#8217; este 3 de junio en sus redes&#8230;<\/p>\n","protected":false},"author":5,"featured_media":80901,"comment_status":"closed","ping_status":"open","sticky":false,"template":"","format":"standard","meta":{"_joinchat":[],"footnotes":""},"categories":[1557],"tags":[],"class_list":["post-80899","post","type-post","status-publish","format-standard","has-post-thumbnail","hentry","category-deportes-ecuador","have-post-thumb"],"_links":{"self":[{"href":"https:\/\/www.evafm.net\/sitio\/wp-json\/wp\/v2\/posts\/80899","targetHints":{"allow":["GET"]}}],"collection":[{"href":"https:\/\/www.evafm.net\/sitio\/wp-json\/wp\/v2\/posts"}],"about":[{"href":"https:\/\/www.evafm.net\/sitio\/wp-json\/wp\/v2\/types\/post"}],"author":[{"embeddable":true,"href":"https:\/\/www.evafm.net\/sitio\/wp-json\/wp\/v2\/users\/5"}],"replies":[{"embeddable":true,"href":"https:\/\/www.evafm.net\/sitio\/wp-json\/wp\/v2\/comments?post=80899"}],"version-history":[{"count":1,"href":"https:\/\/www.evafm.net\/sitio\/wp-json\/wp\/v2\/posts\/80899\/revisions"}],"predecessor-version":[{"id":80902,"href":"https:\/\/www.evafm.net\/sitio\/wp-json\/wp\/v2\/posts\/80899\/revisions\/80902"}],"wp:featuredmedia":[{"embeddable":true,"href":"https:\/\/www.evafm.net\/sitio\/wp-json\/wp\/v2\/media\/80901"}],"wp:attachment":[{"href":"https:\/\/www.evafm.net\/sitio\/wp-json\/wp\/v2\/media?parent=80899"}],"wp:term":[{"taxonomy":"category","embeddable":true,"href":"https:\/\/www.evafm.net\/sitio\/wp-json\/wp\/v2\/categories?post=80899"},{"taxonomy":"post_tag","embeddable":true,"href":"https:\/\/www.evafm.net\/sitio\/wp-json\/wp\/v2\/tags?post=80899"}],"curies":[{"name":"wp","href":"https:\/\/api.w.org\/{rel}","templated":true}]}}