{"id":80907,"date":"2024-06-04T14:23:32","date_gmt":"2024-06-04T19:23:32","guid":{"rendered":"https:\/\/www.evafm.net\/sitio\/?p=80907"},"modified":"2024-06-04T14:23:32","modified_gmt":"2024-06-04T19:23:32","slug":"miguel-parrales-cerca-de-reforzar-a-imbabura","status":"publish","type":"post","link":"https:\/\/www.evafm.net\/sitio\/miguel-parrales-cerca-de-reforzar-a-imbabura\/","title":{"rendered":"Miguel Parrales cerca de reforzar a Imbabura"},"content":{"rendered":"<p>Miguel Parrales, delantero de Liga Deportiva Universitaria de Quito, no ha gozado de minutos, puesto que ha sido opacado<\/p>\n<p>por delanteros en mejor momento.<\/p>\n<p>&nbsp;<\/p>\n<p>Fue goleador de la temporadas pasada con Guayaquil City y este a\u00f1o quiso romperla en un equipo que s\u00ed tiene presi\u00f3n<\/p>\n<p>sin embargo, las cosas no se han dado.<\/p>\n<div class=\"td-a-rec td-a-rec-id-content_inlineleft  tdi_2 td_block_template_1\"><\/div>\n<p>Reporta<strong> Camilo Taufic,<\/strong> a trav\u00e9s de su cuenta de X, que el atacante llegar\u00eda a Imbabura de <strong>Joe Armas para la Fase 2<\/strong>.<\/p>\n<p>Todo ya estar\u00eda arreglado.<strong> (D)<\/strong><\/p>\n<div class=\"css-1dbjc4n r-18u37iz r-kzbkwu\">\n<div class=\"css-1dbjc4n r-eqz5dr r-1777fci r-4amgru r-1kh6xel\">\n<div class=\"css-1dbjc4n r-1ny4l3l\">\n<div class=\"css-1dbjc4n r-1wbh5a2 r-dnmrzs r-1ny4l3l\">\n<div class=\"css-1dbjc4n r-1wbh5a2 r-dnmrzs r-1ny4l3l\">\n<div class=\"css-1dbjc4n r-1awozwy r-18u37iz r-dnmrzs\">\n<div dir=\"auto\"><\/div>\n<div dir=\"auto\"><\/div>\n<div class=\"css-901oao r-1awozwy r-18jsvk2 r-6koalj r-1qd0xha r-a023e6 r-b88u0q r-rjixqe r-bcqeeo r-1udh08x r-3s2u2q r-qvutc0\" dir=\"auto\"><strong><span class=\"css-901oao css-16my406 css-1hf3ou5 r-poiln3 r-bcqeeo r-qvutc0\"><span class=\"css-901oao css-16my406 r-poiln3 r-bcqeeo r-qvutc0\">Camilo Taufic M\u00a0<\/span><\/span><\/strong><\/div>\n<div class=\"css-901oao r-18jsvk2 r-xoduu5 r-18u37iz r-1q142lx r-1qd0xha r-a023e6 r-16dba41 r-rjixqe r-bcqeeo r-qvutc0\" dir=\"auto\"><\/div>\n<\/div>\n<div class=\"css-1dbjc4n r-1awozwy r-18u37iz r-1wbh5a2\">\n<div class=\"css-1dbjc4n\">\n<div class=\"css-901oao css-1hf3ou5 r-14j79pv r-18u37iz r-1qd0xha r-1wvb978 r-a023e6 r-16dba41 r-rjixqe r-bcqeeo r-qvutc0\" dir=\"ltr\"><strong><span class=\"css-901oao css-16my406 r-poiln3 r-bcqeeo r-qvutc0\">@camilin86<\/span><\/strong><\/div>\n<\/div>\n<div class=\"css-1dbjc4n r-18u37iz r-1q142lx\">\n<div class=\"css-901oao r-14j79pv r-1q142lx r-1qd0xha r-a023e6 r-16dba41 r-rjixqe r-bcqeeo r-s1qlax r-qvutc0\" dir=\"auto\" aria-hidden=\"true\"><\/div>\n<\/div>\n<\/div>\n<\/div>\n<\/div>\n<\/div>\n<\/div>\n<\/div>\n<div class=\"css-1dbjc4n\">\n<div class=\"css-901oao r-18jsvk2 r-1dqbpge r-1qd0xha r-adyw6z r-16dba41 r-135wba7 r-bcqeeo r-bnwqim r-qvutc0\" dir=\"auto\" lang=\"es\" data-testid=\"tweetText\"><span class=\"css-901oao css-16my406 r-poiln3 r-bcqeeo r-qvutc0\">Todo arreglado para que el goleador del 2023 Miguel Parrales juegue en el Imbabura este semestre!<\/span><\/div>\n<\/div>\n<div dir=\"auto\" lang=\"es\" data-testid=\"tweetText\"><\/div>\n<div dir=\"auto\" lang=\"es\" data-testid=\"tweetText\"><\/div>\n<div dir=\"auto\" lang=\"es\" data-testid=\"tweetText\">Fuente: evafm.net &#8211; primicias.ec<\/div>\n<div class=\"css-1dbjc4n r-1awozwy r-18u37iz r-1bymd8e\">\n<div class=\"css-901oao css-1hf3ou5 r-18jsvk2 r-1qd0xha r-a023e6 r-16dba41 r-rjixqe r-bcqeeo r-qvutc0\" dir=\"auto\">\n<div class=\"css-1dbjc4n r-xoduu5\">\n<div class=\"css-1dbjc4n r-1d09ksm r-1471scf r-18u37iz r-1wbh5a2\"><\/div>\n<\/div>\n<\/div>\n<\/div>\n<div class=\"gsp_post_data\" \r\n\t            data-post_type=\"post\" \r\n\t            data-cat=\"deportes-ecuador\" \r\n\t            data-modified=\"120\"\r\n\t            data-created=\"1717511012\"\r\n\t            data-title=\"Miguel Parrales cerca de reforzar a Imbabura\" \r\n\t            data-home=\"https:\/\/www.evafm.net\/sitio\"><\/div>","protected":false},"excerpt":{"rendered":"<p>Miguel Parrales, delantero de Liga Deportiva Universitaria de Quito, no ha gozado de minutos, puesto que ha sido opacado por delanteros en mejor momento. &nbsp; Fue goleador de la temporadas pasada con Guayaquil City y este a\u00f1o quiso romperla en un equipo que s\u00ed tiene presi\u00f3n sin embargo, las cosas no se han dado. Reporta&#8230;<\/p>\n","protected":false},"author":5,"featured_media":80908,"comment_status":"closed","ping_status":"open","sticky":false,"template":"","format":"standard","meta":{"_joinchat":[],"footnotes":""},"categories":[1557],"tags":[],"class_list":["post-80907","post","type-post","status-publish","format-standard","has-post-thumbnail","hentry","category-deportes-ecuador","have-post-thumb"],"_links":{"self":[{"href":"https:\/\/www.evafm.net\/sitio\/wp-json\/wp\/v2\/posts\/80907","targetHints":{"allow":["GET"]}}],"collection":[{"href":"https:\/\/www.evafm.net\/sitio\/wp-json\/wp\/v2\/posts"}],"about":[{"href":"https:\/\/www.evafm.net\/sitio\/wp-json\/wp\/v2\/types\/post"}],"author":[{"embeddable":true,"href":"https:\/\/www.evafm.net\/sitio\/wp-json\/wp\/v2\/users\/5"}],"replies":[{"embeddable":true,"href":"https:\/\/www.evafm.net\/sitio\/wp-json\/wp\/v2\/comments?post=80907"}],"version-history":[{"count":1,"href":"https:\/\/www.evafm.net\/sitio\/wp-json\/wp\/v2\/posts\/80907\/revisions"}],"predecessor-version":[{"id":80909,"href":"https:\/\/www.evafm.net\/sitio\/wp-json\/wp\/v2\/posts\/80907\/revisions\/80909"}],"wp:featuredmedia":[{"embeddable":true,"href":"https:\/\/www.evafm.net\/sitio\/wp-json\/wp\/v2\/media\/80908"}],"wp:attachment":[{"href":"https:\/\/www.evafm.net\/sitio\/wp-json\/wp\/v2\/media?parent=80907"}],"wp:term":[{"taxonomy":"category","embeddable":true,"href":"https:\/\/www.evafm.net\/sitio\/wp-json\/wp\/v2\/categories?post=80907"},{"taxonomy":"post_tag","embeddable":true,"href":"https:\/\/www.evafm.net\/sitio\/wp-json\/wp\/v2\/tags?post=80907"}],"curies":[{"name":"wp","href":"https:\/\/api.w.org\/{rel}","templated":true}]}}