{"id":80917,"date":"2024-06-06T12:54:28","date_gmt":"2024-06-06T17:54:28","guid":{"rendered":"https:\/\/www.evafm.net\/sitio\/?p=80917"},"modified":"2024-06-06T12:54:41","modified_gmt":"2024-06-06T17:54:41","slug":"con-miller-bolanos-titular-guayaquil-city-empato-ante-idv-juniors","status":"publish","type":"post","link":"https:\/\/www.evafm.net\/sitio\/con-miller-bolanos-titular-guayaquil-city-empato-ante-idv-juniors\/","title":{"rendered":"Con Miller Bola\u00f1os titular, Guayaquil City empat\u00f3 ante IDV Juniors"},"content":{"rendered":"<p><strong>Guayaquil City igual\u00f3 0-0<\/strong> ante <strong>Independiente Juniors,<\/strong> en el estadio<strong> Christian Ben\u00edtez, por la Fecha 13 &#8211; Etapa 1 de la LigaPro. <\/strong><\/p>\n<p>Y<strong> Miller Bola\u00f1os<\/strong> luci\u00f3 el dorsal 10.<\/p>\n<p>La presencia del jugador en la cancha ocurri\u00f3 una semana despu\u00e9s de un confuso episodio a la salida de una urbanizaci\u00f3n privada en Daule.<\/p>\n<p>La Comisi\u00f3n de tr\u00e1nsito confirm\u00f3 que \u00abse registr\u00f3 un percance de tr\u00e1nsito que involucr\u00f3 la p\u00e9rdida de pista y estrellamiento de un veh\u00edculo.<\/p>\n<p>En videos que circulan en redes sociales, se observa a un reconocido deportista en el lugar del incidente\u00bb.<\/p>\n<p>Aunque detall\u00f3 que Miller Bola\u00f1os no fue quien conduc\u00eda el veh\u00edculo, sino una \u00abpersona de sexo femenino\u00bb, quien fue<\/p>\n<p>\u00abpuesta a \u00f3rdenes de la Autoridad competente, ya que las pruebas de alcotest demostraron que superaba el l\u00edmite de alcohol en la sangre<\/p>\n<p>permitido para conducir veh\u00edculos\u00bb.<\/p>\n<p>De todas formas, el jugador de 33 a\u00f1os se reincorpor\u00f3 a los entrenamientos de su equipo, que se mantiene octavo en la tabla de posiciones. <strong>(D)<\/strong><\/p>\n<div class=\"css-1dbjc4n r-1awozwy r-18u37iz r-dnmrzs\">\n<div class=\"css-901oao r-1awozwy r-18jsvk2 r-6koalj r-1qd0xha r-a023e6 r-b88u0q r-rjixqe r-bcqeeo r-1udh08x r-3s2u2q r-qvutc0\" dir=\"auto\"><strong><span class=\"css-901oao css-16my406 css-1hf3ou5 r-poiln3 r-bcqeeo r-qvutc0\"><span class=\"css-901oao css-16my406 r-poiln3 r-bcqeeo r-qvutc0\">Guayaquil City FC<\/span><\/span><\/strong><\/div>\n<div class=\"css-901oao r-18jsvk2 r-xoduu5 r-18u37iz r-1q142lx r-1qd0xha r-a023e6 r-16dba41 r-rjixqe r-bcqeeo r-qvutc0\" dir=\"auto\"><\/div>\n<\/div>\n<div class=\"css-1dbjc4n r-1awozwy r-18u37iz r-1wbh5a2\">\n<div class=\"css-1dbjc4n\">\n<div class=\"css-901oao css-1hf3ou5 r-14j79pv r-18u37iz r-1qd0xha r-1wvb978 r-a023e6 r-16dba41 r-rjixqe r-bcqeeo r-qvutc0\" dir=\"ltr\"><strong><span class=\"css-901oao css-16my406 r-poiln3 r-bcqeeo r-qvutc0\">@GuayaquilCityFC<\/span><\/strong><\/div>\n<\/div>\n<\/div>\n<div dir=\"ltr\"><\/div>\n<div dir=\"ltr\">\n<div class=\"css-1dbjc4n r-1awozwy r-18u37iz r-dnmrzs\"><\/div>\n<\/div>\n<div class=\"css-1dbjc4n r-1awozwy r-18u37iz r-1wbh5a2\">\n<div class=\"css-1dbjc4n r-18u37iz r-1q142lx\">\n<div class=\"css-901oao r-14j79pv r-1q142lx r-1qd0xha r-a023e6 r-16dba41 r-rjixqe r-bcqeeo r-s1qlax r-qvutc0\" dir=\"auto\" aria-hidden=\"true\"><img fetchpriority=\"high\" decoding=\"async\" class=\"\" src=\"https:\/\/pbs.twimg.com\/media\/GPVj1wVWAAAnexj?format=jpg&amp;name=360x360\" alt=\"Imagen\" width=\"480\" height=\"600\" \/><\/div>\n<\/div>\n<\/div>\n<div dir=\"auto\" aria-hidden=\"true\"><\/div>\n<div dir=\"auto\" aria-hidden=\"true\"><\/div>\n<div dir=\"auto\" aria-hidden=\"true\"><img decoding=\"async\" class=\"\" src=\"https:\/\/pbs.twimg.com\/media\/GPVj1wXXkAAS6M_?format=jpg&amp;name=large\" alt=\"Imagen\" width=\"479\" height=\"599\" \/><\/div>\n<div dir=\"auto\" aria-hidden=\"true\"><\/div>\n<div dir=\"auto\" aria-hidden=\"true\"><\/div>\n<div dir=\"auto\" aria-hidden=\"true\">Fuente: evafm.net &#8211; primicias.ec<\/div>\n<div class=\"gsp_post_data\" \r\n\t            data-post_type=\"post\" \r\n\t            data-cat=\"deportes-ecuador\" \r\n\t            data-modified=\"120\"\r\n\t            data-created=\"1717678468\"\r\n\t            data-title=\"Con Miller Bola\u00f1os titular, Guayaquil City empat\u00f3 ante IDV Juniors\" \r\n\t            data-home=\"https:\/\/www.evafm.net\/sitio\"><\/div>","protected":false},"excerpt":{"rendered":"<p>Guayaquil City igual\u00f3 0-0 ante Independiente Juniors, en el estadio Christian Ben\u00edtez, por la Fecha 13 &#8211; Etapa 1 de la LigaPro. Y Miller Bola\u00f1os luci\u00f3 el dorsal 10. La presencia del jugador en la cancha ocurri\u00f3 una semana despu\u00e9s de un confuso episodio a la salida de una urbanizaci\u00f3n privada en Daule. La Comisi\u00f3n&#8230;<\/p>\n","protected":false},"author":5,"featured_media":80918,"comment_status":"closed","ping_status":"open","sticky":false,"template":"","format":"standard","meta":{"_joinchat":[],"footnotes":""},"categories":[1557],"tags":[],"class_list":["post-80917","post","type-post","status-publish","format-standard","has-post-thumbnail","hentry","category-deportes-ecuador","have-post-thumb"],"_links":{"self":[{"href":"https:\/\/www.evafm.net\/sitio\/wp-json\/wp\/v2\/posts\/80917","targetHints":{"allow":["GET"]}}],"collection":[{"href":"https:\/\/www.evafm.net\/sitio\/wp-json\/wp\/v2\/posts"}],"about":[{"href":"https:\/\/www.evafm.net\/sitio\/wp-json\/wp\/v2\/types\/post"}],"author":[{"embeddable":true,"href":"https:\/\/www.evafm.net\/sitio\/wp-json\/wp\/v2\/users\/5"}],"replies":[{"embeddable":true,"href":"https:\/\/www.evafm.net\/sitio\/wp-json\/wp\/v2\/comments?post=80917"}],"version-history":[{"count":1,"href":"https:\/\/www.evafm.net\/sitio\/wp-json\/wp\/v2\/posts\/80917\/revisions"}],"predecessor-version":[{"id":80919,"href":"https:\/\/www.evafm.net\/sitio\/wp-json\/wp\/v2\/posts\/80917\/revisions\/80919"}],"wp:featuredmedia":[{"embeddable":true,"href":"https:\/\/www.evafm.net\/sitio\/wp-json\/wp\/v2\/media\/80918"}],"wp:attachment":[{"href":"https:\/\/www.evafm.net\/sitio\/wp-json\/wp\/v2\/media?parent=80917"}],"wp:term":[{"taxonomy":"category","embeddable":true,"href":"https:\/\/www.evafm.net\/sitio\/wp-json\/wp\/v2\/categories?post=80917"},{"taxonomy":"post_tag","embeddable":true,"href":"https:\/\/www.evafm.net\/sitio\/wp-json\/wp\/v2\/tags?post=80917"}],"curies":[{"name":"wp","href":"https:\/\/api.w.org\/{rel}","templated":true}]}}