{"id":80920,"date":"2024-06-06T13:03:57","date_gmt":"2024-06-06T18:03:57","guid":{"rendered":"https:\/\/www.evafm.net\/sitio\/?p=80920"},"modified":"2024-06-06T14:05:37","modified_gmt":"2024-06-06T19:05:37","slug":"por-senal-abierta-teleamazonas-transmitira-la-copa-ecuador-2024","status":"publish","type":"post","link":"https:\/\/www.evafm.net\/sitio\/por-senal-abierta-teleamazonas-transmitira-la-copa-ecuador-2024\/","title":{"rendered":"\u00a1Por se\u00f1al abierta! Teleamazonas transmitir\u00e1 la Copa Ecuador 2024"},"content":{"rendered":"<p><strong>Teleamazonas y Torneos<\/strong> llegaron a un acuerdo para transmitir, en vivo y para todo el pa\u00eds, la tercera edici\u00f3n de la <strong>Copa Ecuador. <\/strong><\/p>\n<p>&nbsp;<\/p>\n<p>\u00abNos alegra seguir concretando acuerdos que permitan ampliar la difusi\u00f3n y la llegada a todos los aficionados de la <strong>Copa Ecuador<\/strong><\/p>\n<p><strong> DirecTV,<\/strong> la copa de todos los ecuatorianos\u201d, dijo Gustavo Isaack, presidente de Torneos.<\/p>\n<p>&nbsp;<\/p>\n<p>Un total de 32 equipos de Serie A, Serie B y Segunda Categor\u00eda se enfrentar\u00e1n en esta edici\u00f3n del torneo, que arrancar\u00e1 en junio.<\/p>\n<p><strong>La Copa Ecuador<\/strong> tendr\u00e1 una fase clasificatoria, una previa y una eliminatoria, hasta llegar a la final \u00fanica, en noviembre.<\/p>\n<p>Hasta el momento, la FEF no ha confirmado las fechas exactas.<\/p>\n<p>&nbsp;<\/p>\n<p>El torneo se podr\u00e1 ver a trav\u00e9s de la se\u00f1al de <strong>DirecTV y DGO<\/strong> y algunos de los partidos m\u00e1s importantes se transmitir\u00e1n por la<\/p>\n<p>se\u00f1al abierta de Teleamazonas.<\/p>\n<p>\u00abDirecTV ofrecer\u00e1 la m\u00e1s amplia cobertura de la <strong>Copa Ecuador,<\/strong> con programaci\u00f3n especial y la transmisi\u00f3n de los partidos<\/p>\n<p>en vivo a trav\u00e9s de las se\u00f1ales de <strong>DSports y DGO\u00bb,<\/strong> se inform\u00f3 a trav\u00e9s de un comunicado.<\/p>\n<p>El campe\u00f3n del torneo clasificar\u00e1 a un torneo Conmebol en 2025 y disputar\u00e1 la Supercopa Ecuador, contra el campe\u00f3n de la <strong>LigaPro.<\/strong><\/p>\n<p>Adem\u00e1s, la FEF estableci\u00f3 los premios econ\u00f3micos, que se dividir\u00e1n as\u00ed:<\/p>\n<p><strong>campe\u00f3n USD 340.000 y subcampe\u00f3n USD 200.000.<\/strong><\/p>\n<p><strong>Sobre Torneos:<\/strong><\/p>\n<p>Es una empresa que lleva m\u00e1s de <strong>40 a\u00f1os en la industria del f\u00fatbol. <\/strong><\/p>\n<p>Actualmente, produce las Copas Libertadores y Sudamericana para Argentina, Brasil, Colombia, Paraguay, Per\u00fa y Uruguay.<\/p>\n<p>Torneos ha participado en la producci\u00f3n de 10 Copas del Mundo, 23 Copas Libertadores, 22 Copas Sudamericana, 15 Copas Davis<\/p>\n<p>16 ATP de Buenos Aires y un sinn\u00famero de eventos.<\/p>\n<p>Esta empresa adquiri\u00f3 los derechos de organizaci\u00f3n y gesti\u00f3n de la Copa Ecuador, as\u00ed como la explotaci\u00f3n de los derechos audiovisuales<\/p>\n<p>y de transmisi\u00f3n en Ecuador y el exterior.<strong> (D)<\/strong><\/p>\n<blockquote class=\"twitter-tweet\" data-width=\"550\" data-dnt=\"true\">\n<p lang=\"es\" dir=\"ltr\"><a href=\"https:\/\/twitter.com\/hashtag\/ATENCI%C3%93N?src=hash&amp;ref_src=twsrc%5Etfw\">#ATENCI\u00d3N<\/a> | La <a href=\"https:\/\/twitter.com\/hashtag\/CopaEcuador2024?src=hash&amp;ref_src=twsrc%5Etfw\">#CopaEcuador2024<\/a> se vivir\u00e1 en La Cancha de Teleamazonas \ud83d\udcaa\ud83e\udd29 \u00a1No te pierdas las emociones del f\u00fatbol en el Canal de la familia ecuatoriana!<\/p>\n<p>V\u00eda: <a href=\"https:\/\/twitter.com\/Alfonso_Laso?ref_src=twsrc%5Etfw\">@Alfonso_Laso<\/a> <a href=\"https:\/\/t.co\/E6m3epmNBR\">pic.twitter.com\/E6m3epmNBR<\/a><\/p>\n<p>&mdash; Teleamazonas (@teleamazonasec) <a href=\"https:\/\/twitter.com\/teleamazonasec\/status\/1798448762328633533?ref_src=twsrc%5Etfw\">June 5, 2024<\/a><\/p><\/blockquote>\n<p><script async src=\"https:\/\/platform.twitter.com\/widgets.js\" charset=\"utf-8\"><\/script><\/p>\n<p>&nbsp;<\/p>\n<p>&nbsp;<\/p>\n<p>Fuente: evafm.net &#8211; primicias.ec<\/p>\n<p>&nbsp;<\/p>\n<div class=\"gsp_post_data\" \r\n\t            data-post_type=\"post\" \r\n\t            data-cat=\"deportes-ecuador\" \r\n\t            data-modified=\"120\"\r\n\t            data-created=\"1717679037\"\r\n\t            data-title=\"\u00a1Por se\u00f1al abierta! Teleamazonas transmitir\u00e1 la Copa Ecuador 2024\" \r\n\t            data-home=\"https:\/\/www.evafm.net\/sitio\"><\/div>","protected":false},"excerpt":{"rendered":"<p>Teleamazonas y Torneos llegaron a un acuerdo para transmitir, en vivo y para todo el pa\u00eds, la tercera edici\u00f3n de la Copa Ecuador. &nbsp; \u00abNos alegra seguir concretando acuerdos que permitan ampliar la difusi\u00f3n y la llegada a todos los aficionados de la Copa Ecuador DirecTV, la copa de todos los ecuatorianos\u201d, dijo Gustavo Isaack,&#8230;<\/p>\n","protected":false},"author":5,"featured_media":80921,"comment_status":"closed","ping_status":"open","sticky":false,"template":"","format":"standard","meta":{"_joinchat":[],"footnotes":""},"categories":[1557],"tags":[],"class_list":["post-80920","post","type-post","status-publish","format-standard","has-post-thumbnail","hentry","category-deportes-ecuador","have-post-thumb"],"_links":{"self":[{"href":"https:\/\/www.evafm.net\/sitio\/wp-json\/wp\/v2\/posts\/80920","targetHints":{"allow":["GET"]}}],"collection":[{"href":"https:\/\/www.evafm.net\/sitio\/wp-json\/wp\/v2\/posts"}],"about":[{"href":"https:\/\/www.evafm.net\/sitio\/wp-json\/wp\/v2\/types\/post"}],"author":[{"embeddable":true,"href":"https:\/\/www.evafm.net\/sitio\/wp-json\/wp\/v2\/users\/5"}],"replies":[{"embeddable":true,"href":"https:\/\/www.evafm.net\/sitio\/wp-json\/wp\/v2\/comments?post=80920"}],"version-history":[{"count":1,"href":"https:\/\/www.evafm.net\/sitio\/wp-json\/wp\/v2\/posts\/80920\/revisions"}],"predecessor-version":[{"id":80922,"href":"https:\/\/www.evafm.net\/sitio\/wp-json\/wp\/v2\/posts\/80920\/revisions\/80922"}],"wp:featuredmedia":[{"embeddable":true,"href":"https:\/\/www.evafm.net\/sitio\/wp-json\/wp\/v2\/media\/80921"}],"wp:attachment":[{"href":"https:\/\/www.evafm.net\/sitio\/wp-json\/wp\/v2\/media?parent=80920"}],"wp:term":[{"taxonomy":"category","embeddable":true,"href":"https:\/\/www.evafm.net\/sitio\/wp-json\/wp\/v2\/categories?post=80920"},{"taxonomy":"post_tag","embeddable":true,"href":"https:\/\/www.evafm.net\/sitio\/wp-json\/wp\/v2\/tags?post=80920"}],"curies":[{"name":"wp","href":"https:\/\/api.w.org\/{rel}","templated":true}]}}