{"id":80924,"date":"2024-06-06T13:47:16","date_gmt":"2024-06-06T18:47:16","guid":{"rendered":"https:\/\/www.evafm.net\/sitio\/?p=80924"},"modified":"2024-06-06T13:47:16","modified_gmt":"2024-06-06T18:47:16","slug":"cristhian-noboa-sobre-su-operacion-de-su-rodilla","status":"publish","type":"post","link":"https:\/\/www.evafm.net\/sitio\/cristhian-noboa-sobre-su-operacion-de-su-rodilla\/","title":{"rendered":"Cristhian Noboa sobre su operacion de su rodilla"},"content":{"rendered":"<p><strong>Cristhian Noboa<\/strong> habl\u00f3 de todo el sufrimiento que ha pasado tras dos operaciones y la incertidumbre sobre su rodilla.<\/p>\n<p>&nbsp;<\/p>\n<p>En febrero de este a\u00f1o, el ecuatoriano sufri\u00f3 un esguince en su rodilla derecha y ten\u00eda previsto un tiempo de recuperaci\u00f3n<\/p>\n<p>de dos semanas, pero sigue sin poder jugar.<\/p>\n<p>El &#8216;Zar&#8217; convers\u00f3 en una entrevista con <strong>Francisco Molestina en el programa GOU!. <\/strong><\/p>\n<p>Ah\u00ed rompi\u00f3 el silencio y explic\u00f3 todo lo que ha pasado con su lesi\u00f3n.<\/p>\n<p>Lo que parec\u00eda algo sencillo termin\u00f3 agrav\u00e1ndose al punto de pensar en que pod\u00eda perder su pierna.<\/p>\n<p>Cristhian Noboa fue operado en dos ocasiones e incluso tuvo un co\u00e1gulo.<\/p>\n<p>&nbsp;<\/p>\n<p>\u00abEl doctor llega al hospital corriendo, me mira y me ve el muslo as\u00ed y dice<\/p>\n<p>&#8216;Lev\u00e1ntenle la pierna&#8217; y yo estoy llorando del dolor\u00bb.<\/p>\n<p>\u00abY me dice \u00a1lev\u00e1ntale la pierna!<\/p>\n<p>&#8216;El co\u00e1gulo prefiero que se vaya para arriba a que se vaya a un pulm\u00f3n&#8217;<\/p>\n<p>O sea era perder mi pierna o perder un pulm\u00f3n\u00bb.<\/p>\n<p>El mediocampista se sinti\u00f3 destrozado. No sab\u00eda en realidad qu\u00e9 ocurr\u00eda con su rodilla, con su pierna.<\/p>\n<p><strong>\u00abQuer\u00eda que alguien me sane\u00bb.<\/strong><\/p>\n<p><small><\/small><\/p>\n<p>Noboa cont\u00f3 que estuvo unas cinco semanas hospitalizado y que el dolor segu\u00eda.<\/p>\n<p>Era intenso.<\/p>\n<p>\u00abHasta que algo dentro de m\u00ed me dec\u00eda \u2018t\u00fa necesitas caminar\u2019.<\/p>\n<p>Por lo que camin\u00f3 y el dolor baj\u00f3, se redujo.<\/p>\n<p>Luego de trabajar con varios m\u00e9dicos en el pa\u00eds, se cans\u00f3 de no saber qu\u00e9 ocurre con su rodilla.<\/p>\n<p>As\u00ed que busc\u00f3 a otro especialista.<\/p>\n<p>Este le dijo que descanse en los meses de junio y julio, en agosto fortalecer\u00e1 su pierna y <strong>Cristhian Noboa esperar\u00e1. (D)<\/strong><\/p>\n<p><iframe title=\"El Zar Cristhian Noboa con Pancho Molestina | La verdad sobre su lesi\u00f3n | Gou! Dale Play #04\" width=\"1200\" height=\"675\" src=\"https:\/\/www.youtube.com\/embed\/JKCHOuTRCp4?feature=oembed\" frameborder=\"0\" allow=\"accelerometer; autoplay; clipboard-write; encrypted-media; gyroscope; picture-in-picture; web-share\" referrerpolicy=\"strict-origin-when-cross-origin\" allowfullscreen><\/iframe><\/p>\n<p>&nbsp;<\/p>\n<p>Fuente: evafm.net &#8211; primicias.ec<\/p>\n<div class=\"gsp_post_data\" \r\n\t            data-post_type=\"post\" \r\n\t            data-cat=\"deportes-ecuador\" \r\n\t            data-modified=\"120\"\r\n\t            data-created=\"1717681636\"\r\n\t            data-title=\"Cristhian Noboa sobre su operacion de su rodilla\" \r\n\t            data-home=\"https:\/\/www.evafm.net\/sitio\"><\/div>","protected":false},"excerpt":{"rendered":"<p>Cristhian Noboa habl\u00f3 de todo el sufrimiento que ha pasado tras dos operaciones y la incertidumbre sobre su rodilla. &nbsp; En febrero de este a\u00f1o, el ecuatoriano sufri\u00f3 un esguince en su rodilla derecha y ten\u00eda previsto un tiempo de recuperaci\u00f3n de dos semanas, pero sigue sin poder jugar. El &#8216;Zar&#8217; convers\u00f3 en una entrevista&#8230;<\/p>\n","protected":false},"author":5,"featured_media":80925,"comment_status":"closed","ping_status":"open","sticky":false,"template":"","format":"standard","meta":{"_joinchat":[],"footnotes":""},"categories":[1557],"tags":[],"class_list":["post-80924","post","type-post","status-publish","format-standard","has-post-thumbnail","hentry","category-deportes-ecuador","have-post-thumb"],"_links":{"self":[{"href":"https:\/\/www.evafm.net\/sitio\/wp-json\/wp\/v2\/posts\/80924","targetHints":{"allow":["GET"]}}],"collection":[{"href":"https:\/\/www.evafm.net\/sitio\/wp-json\/wp\/v2\/posts"}],"about":[{"href":"https:\/\/www.evafm.net\/sitio\/wp-json\/wp\/v2\/types\/post"}],"author":[{"embeddable":true,"href":"https:\/\/www.evafm.net\/sitio\/wp-json\/wp\/v2\/users\/5"}],"replies":[{"embeddable":true,"href":"https:\/\/www.evafm.net\/sitio\/wp-json\/wp\/v2\/comments?post=80924"}],"version-history":[{"count":1,"href":"https:\/\/www.evafm.net\/sitio\/wp-json\/wp\/v2\/posts\/80924\/revisions"}],"predecessor-version":[{"id":80926,"href":"https:\/\/www.evafm.net\/sitio\/wp-json\/wp\/v2\/posts\/80924\/revisions\/80926"}],"wp:featuredmedia":[{"embeddable":true,"href":"https:\/\/www.evafm.net\/sitio\/wp-json\/wp\/v2\/media\/80925"}],"wp:attachment":[{"href":"https:\/\/www.evafm.net\/sitio\/wp-json\/wp\/v2\/media?parent=80924"}],"wp:term":[{"taxonomy":"category","embeddable":true,"href":"https:\/\/www.evafm.net\/sitio\/wp-json\/wp\/v2\/categories?post=80924"},{"taxonomy":"post_tag","embeddable":true,"href":"https:\/\/www.evafm.net\/sitio\/wp-json\/wp\/v2\/tags?post=80924"}],"curies":[{"name":"wp","href":"https:\/\/api.w.org\/{rel}","templated":true}]}}