{"id":80931,"date":"2024-06-06T14:32:02","date_gmt":"2024-06-06T19:32:02","guid":{"rendered":"https:\/\/www.evafm.net\/sitio\/?p=80931"},"modified":"2024-06-06T14:32:02","modified_gmt":"2024-06-06T19:32:02","slug":"formato-calendario-y-premios-de-la-copa-ecuador-2024","status":"publish","type":"post","link":"https:\/\/www.evafm.net\/sitio\/formato-calendario-y-premios-de-la-copa-ecuador-2024\/","title":{"rendered":"Formato, calendario y premios de la Copa Ecuador 2024"},"content":{"rendered":"<p>Mejor tarde que nunca, los clubes han recibido informaci\u00f3n concreta del formato, las fechas y los premios de la <strong>Copa Ecuador 2024-<\/strong><\/p>\n<p>torneo que volver\u00e1 a disputarse luego de un a\u00f1o de interrupici\u00f3n, organizado por la <strong>Federaci\u00f3n Ecuatoriana de F\u00fatbol<\/strong>\u00a0(FEF).<\/p>\n<p>A continuaci\u00f3n, todos los detalles: formato, calendario, premios y televisaci\u00f3n.\u00a0<strong>\u00a1Arranca ya!.<\/strong><\/p>\n<p>&nbsp;<\/p>\n<p>La \u00faltima edici\u00f3n fue en 2022 y el campe\u00f3n fue\u00a0<strong>Independiente del Valle,<\/strong> que le gan\u00f3 la final a 9 de Octubre en el<\/p>\n<p>Estadio Ol\u00edmpico Atahualpa de Quito.<\/p>\n<p><strong>En 2023 no se realiz\u00f3 esta competici\u00f3n que daba un cupo en la Copa Libertadores debido a falta de dinero y deudas <\/strong><\/p>\n<p><strong>que se manten\u00eda con la FEF, seg\u00fan inform\u00f3 el presidente Egas.<\/strong><\/p>\n<p>&nbsp;<\/p>\n<p><strong>\u00bfC\u00f3mo se jugar\u00e1?<\/strong><\/p>\n<p>Etapa clasificatoria <strong>(cuatro equipos)<\/strong><\/p>\n<p>&nbsp;<\/p>\n<p>Se llevar\u00e1 a cabo durante los meses de junio y julio y contar\u00e1 con el segundo y el tercero de la LNFA <strong>(Liga Nacional de F\u00fatbol Amateur)<\/strong>.<\/p>\n<p>Sumado a esto, tambi\u00e9n participar\u00e1n los dos equipos ubicados en las \u00faltimas posiciones de la tabla general de rendimiento de los<\/p>\n<p>equipos campeones del 2023 de sus etapas provinciales.<\/p>\n<p>&nbsp;<\/p>\n<h3><em>Primera Etapa (32 equipos)<\/em><\/h3>\n<p>Se desarrollar\u00e1 en julio.<\/p>\n<p>La misma tendr\u00e1 diez equipos de la Serie B, 19 equipos campeones de la etapa provincial del <strong>ascenso nacional 2023<\/strong><\/p>\n<p>el campe\u00f3n de la LNFA 2023 y dos ganadores de la etapa clasificatoria <strong>(es decir, dos que vienen de la anterior fase).<\/strong><\/p>\n<p>&nbsp;<\/p>\n<h3><em>Segunda Etapa (32 equipos)<\/em><\/h3>\n<p>Tendr\u00e1 lugar en agosto, donde se disputar\u00e1n los dieciseisavos, octavos, cuartos y semis.<\/p>\n<p>Aqu\u00ed entrar\u00e1n en acci\u00f3n los 16 equipos de la Serie A, que se ver\u00e1n las caras con otros 16 equipos clasificados de la <strong>Primera Etapa.<\/strong><\/p>\n<p>&nbsp;<\/p>\n<h3><em>Tercera Etapa (dos equipos)<\/em><\/h3>\n<p>Final \u00fanica <strong>(desaparece el cuadrangular de semifinales).<\/strong><\/p>\n<p>&nbsp;<\/p>\n<p><img fetchpriority=\"high\" decoding=\"async\" class=\"\" src=\"https:\/\/www.ole.com.ar\/images\/2024\/06\/05\/szPHRGrNZ_720x0__1.jpg\" alt=\"El formato de la Copa Ecuador (foto @MishellCanseco1).\" width=\"810\" height=\"316\" \/><\/p>\n<p>&nbsp;<\/p>\n<p><strong>Premios:<\/strong><\/p>\n<p>El campe\u00f3n tendr\u00e1 el <strong>cuarto cupo<\/strong> de Ecuador para la<strong> Copa Libertadores 2025 (Fase 1)<\/strong><\/p>\n<p>m\u00e1s<strong> 340.000 d\u00f3lares.<\/strong><\/p>\n<p>&nbsp;<\/p>\n<h3><em>La escala de premios:<\/em><\/h3>\n<ul>\n<li>Subcampe\u00f3n $200 mil.<\/li>\n<li>Semifinalistas: $80 mil.<\/li>\n<li>Cuartos de final: $50 mil<\/li>\n<li>Octavos de final: 30 mil<\/li>\n<li>Primera fase: $20 mil<\/li>\n<li>Fase previa: $10 mil<\/li>\n<\/ul>\n<p>&nbsp;<\/p>\n<p><strong>\u00bfPor donde se podra ver La Copa Ecuador?<\/strong><\/p>\n<div class=\"custom-text \">\n<p><strong>DirecTV sell\u00f3 un acuerdo con Torneos<\/strong>, empresa argentina l\u00edder en la regi\u00f3n en la industria del deporte y el entretenimiento<\/p>\n<p>para ser <strong>main sponsor de la Copa Ecuador DirectTV<\/strong>\u00a0y para transmitir en vivo los partidos del campeonato y programaci\u00f3n<\/p>\n<p>especial\u00a0<strong>a trav\u00e9s de su se\u00f1al DSports y de DGO<\/strong>, su exclusiva plataforma de streaming y televisi\u00f3n en vivo.<\/p>\n<\/div>\n<div class=\"custom-text \">\n<p>&nbsp;<\/p>\n<p>Esta nueva edici\u00f3n de la Copa Ecuador podr\u00e1 realizarse este a\u00f1o gracias al acuerdo entre Torneos<\/p>\n<p>y con la Federaci\u00f3n Ecuatoriana de F\u00fatbol (FEF).<\/p>\n<p><strong>Ese entendimiento tambi\u00e9n permitir\u00e1 realizar la gran final conocida como Supercopa.<\/strong><\/p>\n<\/div>\n<div class=\"custom-text \">\n<p>&nbsp;<\/p>\n<p>A su vez,\u00a0<strong>Torneos lleg\u00f3 a un acuerdo con Teleamazonas<\/strong>\u00a0para la transmisi\u00f3n de encuentros de la Copa Ecuador DIRECTV.<\/p>\n<p>De esta manera, los partidos m\u00e1s relevantes de la nueva edici\u00f3n del campeonato m\u00e1s emocionante del pa\u00eds podr\u00e1n verse en todo<\/p>\n<p>Ecuador a trav\u00e9s de la<strong>\u00a0se\u00f1al abierta referente en Ecuador<\/strong>, con vasta experiencia en transmisiones deportivas como la<\/p>\n<p>Copa Mundial de la FIFA.<\/p>\n<\/div>\n<div class=\"custom-text \">\n<p><strong>\u201cNos alegra seguir concretando acuerdos que permitan ampliar la difusi\u00f3n y la llegada a todos los aficionados <\/strong><\/p>\n<p><strong>de la Copa Ecuador DIRECTV, la copa de todos los ecuatorianos\u201d,\u00a0<\/strong>asegur\u00f3 Gustavo Isaack, presidente de Torneos.<\/p>\n<\/div>\n<p>&nbsp;<\/p>\n<p>Torneos tiene a su cargo los derechos relativos a la<strong>\u00a0organizaci\u00f3n y gesti\u00f3n integral<\/strong>\u00a0de la Copa Ecuador DIRECTV as\u00ed como la<strong>\u00a0<\/strong><\/p>\n<p><strong>explotaci\u00f3n de los derechos audiovisuales y de transmisi\u00f3n en Ecuador y el exterior. (D)<\/strong><\/p>\n<p>&nbsp;<\/p>\n<p>&nbsp;<\/p>\n<p><img decoding=\"async\" class=\"\" src=\"https:\/\/www.ole.com.ar\/images\/2024\/05\/14\/JGt5qSFAQ_720x0__1.jpg\" alt=\"Gustavo Isaack, presidente de Torneos.\" width=\"599\" height=\"399\" data-nimg=\"future\" \/><\/p>\n<p><strong><span class=\"epigraphe\">Gustavo Isaack, presidente de Torneos.<\/span><\/strong><\/p>\n<p>&nbsp;<\/p>\n<p>Fuente: evafm.net &#8211; ole.com .ar<\/p>\n<div class=\"gsp_post_data\" \r\n\t            data-post_type=\"post\" \r\n\t            data-cat=\"deportes-ecuador\" \r\n\t            data-modified=\"120\"\r\n\t            data-created=\"1717684322\"\r\n\t            data-title=\"Formato, calendario y premios de la Copa Ecuador 2024\" \r\n\t            data-home=\"https:\/\/www.evafm.net\/sitio\"><\/div>","protected":false},"excerpt":{"rendered":"<p>Mejor tarde que nunca, los clubes han recibido informaci\u00f3n concreta del formato, las fechas y los premios de la Copa Ecuador 2024- torneo que volver\u00e1 a disputarse luego de un a\u00f1o de interrupici\u00f3n, organizado por la Federaci\u00f3n Ecuatoriana de F\u00fatbol\u00a0(FEF). A continuaci\u00f3n, todos los detalles: formato, calendario, premios y televisaci\u00f3n.\u00a0\u00a1Arranca ya!. &nbsp; La \u00faltima edici\u00f3n&#8230;<\/p>\n","protected":false},"author":5,"featured_media":80932,"comment_status":"closed","ping_status":"open","sticky":false,"template":"","format":"standard","meta":{"_joinchat":[],"footnotes":""},"categories":[1557],"tags":[],"class_list":["post-80931","post","type-post","status-publish","format-standard","has-post-thumbnail","hentry","category-deportes-ecuador","have-post-thumb"],"_links":{"self":[{"href":"https:\/\/www.evafm.net\/sitio\/wp-json\/wp\/v2\/posts\/80931","targetHints":{"allow":["GET"]}}],"collection":[{"href":"https:\/\/www.evafm.net\/sitio\/wp-json\/wp\/v2\/posts"}],"about":[{"href":"https:\/\/www.evafm.net\/sitio\/wp-json\/wp\/v2\/types\/post"}],"author":[{"embeddable":true,"href":"https:\/\/www.evafm.net\/sitio\/wp-json\/wp\/v2\/users\/5"}],"replies":[{"embeddable":true,"href":"https:\/\/www.evafm.net\/sitio\/wp-json\/wp\/v2\/comments?post=80931"}],"version-history":[{"count":1,"href":"https:\/\/www.evafm.net\/sitio\/wp-json\/wp\/v2\/posts\/80931\/revisions"}],"predecessor-version":[{"id":80933,"href":"https:\/\/www.evafm.net\/sitio\/wp-json\/wp\/v2\/posts\/80931\/revisions\/80933"}],"wp:featuredmedia":[{"embeddable":true,"href":"https:\/\/www.evafm.net\/sitio\/wp-json\/wp\/v2\/media\/80932"}],"wp:attachment":[{"href":"https:\/\/www.evafm.net\/sitio\/wp-json\/wp\/v2\/media?parent=80931"}],"wp:term":[{"taxonomy":"category","embeddable":true,"href":"https:\/\/www.evafm.net\/sitio\/wp-json\/wp\/v2\/categories?post=80931"},{"taxonomy":"post_tag","embeddable":true,"href":"https:\/\/www.evafm.net\/sitio\/wp-json\/wp\/v2\/tags?post=80931"}],"curies":[{"name":"wp","href":"https:\/\/api.w.org\/{rel}","templated":true}]}}