{"id":80943,"date":"2024-06-08T15:03:05","date_gmt":"2024-06-08T20:03:05","guid":{"rendered":"https:\/\/www.evafm.net\/sitio\/?p=80943"},"modified":"2024-06-08T15:03:05","modified_gmt":"2024-06-08T20:03:05","slug":"posibles-alineaciones-de-ecuador-vs-argentina-amistoso-frcha-fifa","status":"publish","type":"post","link":"https:\/\/www.evafm.net\/sitio\/posibles-alineaciones-de-ecuador-vs-argentina-amistoso-frcha-fifa\/","title":{"rendered":"Posibles alineaciones de Ecuador vs Argentina amistoso Frcha FIFA"},"content":{"rendered":"<p>La selecci\u00f3n de Ecuador disputar\u00e1 su primer partido amistoso de esta Fecha FIFA de junio, como preparaci\u00f3n para la Copa Am\u00e9rica.<\/p>\n<p>La Tri jugar\u00e1 ante Argentina el domingo 9 de junio desde las 17:00<strong> (hora de Ecuador)<\/strong> en el estadio <strong>Soldier Field, en Chicago.<\/strong><\/p>\n<p>Para este encuentro, el director t\u00e9cnico <strong>F\u00e9lix S\u00e1nchez Bas<\/strong> contar\u00e1 con la plantilla de 26 futbolistas convocados para la Copa Am\u00e9rica<\/p>\n<p>aunque <strong>Kevin Rodr\u00edguez<\/strong> realiza trabajos diferenciados y est\u00e1 en duda.<\/p>\n<p>Se espera que el entrenador espa\u00f1ol ponga a los mejores futbolistas en cancha para este amistoso, que le brindar\u00e1 sus primeras conclusiones<\/p>\n<p>antes de su debut en la Copa Am\u00e9rica.<\/p>\n<p>Por su parte, Argentina tambi\u00e9n pondr\u00eda una alineaci\u00f3n de lujo.<\/p>\n<p>Los dirigidos por Lionel Scaloni, actuales campeones mundiales, saltar\u00edan a la cancha con <strong>Lionel Messi como titular.<\/strong><\/p>\n<p>&nbsp;<\/p>\n<p><strong>Posibles alineaciones<\/strong><\/p>\n<p><strong>Ecuador:<\/strong><\/p>\n<p><strong>\u00a0<\/strong>Alexander Dom\u00ednguez; \u00c1ngelo Preciado, F\u00e9lix Torres, Willian Pacho, Piero Hincapi\u00e9; Mois\u00e9s Caicedo, Carlos Gruezo (o Joao Ortiz)<\/p>\n<p>John Yeboah, Kendry P\u00e1ez, Jeremy Sarmiento; Enner Valencia.<\/p>\n<p>&nbsp;<\/p>\n<p><strong>Argentina:<\/strong><\/p>\n<p>Emiliano Mart\u00ednez; Gonzalo Montiel, Cristian Romero, Nicol\u00e1s Otamendi, Marcos Acu\u00f1a; Rodrigo De Paul, Leandro Paredes<\/p>\n<p>Giovani Lo Celso; Lionel Messi, Lautaro Mart\u00ednez, \u00c1ngel Di Mar\u00eda.<\/p>\n<p>Fuente: evafm.net &#8211; primicias.ec<\/p>\n<div class=\"gsp_post_data\" \r\n\t            data-post_type=\"post\" \r\n\t            data-cat=\"deportes-internacionales,general\" \r\n\t            data-modified=\"120\"\r\n\t            data-created=\"1717858985\"\r\n\t            data-title=\"Posibles alineaciones de Ecuador vs Argentina amistoso Frcha FIFA\" \r\n\t            data-home=\"https:\/\/www.evafm.net\/sitio\"><\/div>","protected":false},"excerpt":{"rendered":"<p>La selecci\u00f3n de Ecuador disputar\u00e1 su primer partido amistoso de esta Fecha FIFA de junio, como preparaci\u00f3n para la Copa Am\u00e9rica. La Tri jugar\u00e1 ante Argentina el domingo 9 de junio desde las 17:00 (hora de Ecuador) en el estadio Soldier Field, en Chicago. Para este encuentro, el director t\u00e9cnico F\u00e9lix S\u00e1nchez Bas contar\u00e1 con&#8230;<\/p>\n","protected":false},"author":5,"featured_media":80944,"comment_status":"closed","ping_status":"open","sticky":false,"template":"","format":"standard","meta":{"_joinchat":[],"footnotes":""},"categories":[1342,1720],"tags":[],"class_list":["post-80943","post","type-post","status-publish","format-standard","has-post-thumbnail","hentry","category-deportes-internacionales","category-general","have-post-thumb"],"_links":{"self":[{"href":"https:\/\/www.evafm.net\/sitio\/wp-json\/wp\/v2\/posts\/80943","targetHints":{"allow":["GET"]}}],"collection":[{"href":"https:\/\/www.evafm.net\/sitio\/wp-json\/wp\/v2\/posts"}],"about":[{"href":"https:\/\/www.evafm.net\/sitio\/wp-json\/wp\/v2\/types\/post"}],"author":[{"embeddable":true,"href":"https:\/\/www.evafm.net\/sitio\/wp-json\/wp\/v2\/users\/5"}],"replies":[{"embeddable":true,"href":"https:\/\/www.evafm.net\/sitio\/wp-json\/wp\/v2\/comments?post=80943"}],"version-history":[{"count":1,"href":"https:\/\/www.evafm.net\/sitio\/wp-json\/wp\/v2\/posts\/80943\/revisions"}],"predecessor-version":[{"id":80945,"href":"https:\/\/www.evafm.net\/sitio\/wp-json\/wp\/v2\/posts\/80943\/revisions\/80945"}],"wp:featuredmedia":[{"embeddable":true,"href":"https:\/\/www.evafm.net\/sitio\/wp-json\/wp\/v2\/media\/80944"}],"wp:attachment":[{"href":"https:\/\/www.evafm.net\/sitio\/wp-json\/wp\/v2\/media?parent=80943"}],"wp:term":[{"taxonomy":"category","embeddable":true,"href":"https:\/\/www.evafm.net\/sitio\/wp-json\/wp\/v2\/categories?post=80943"},{"taxonomy":"post_tag","embeddable":true,"href":"https:\/\/www.evafm.net\/sitio\/wp-json\/wp\/v2\/tags?post=80943"}],"curies":[{"name":"wp","href":"https:\/\/api.w.org\/{rel}","templated":true}]}}