{"id":80946,"date":"2024-06-08T15:22:27","date_gmt":"2024-06-08T20:22:27","guid":{"rendered":"https:\/\/www.evafm.net\/sitio\/?p=80946"},"modified":"2024-06-08T15:22:27","modified_gmt":"2024-06-08T20:22:27","slug":"deportivo-cali-hizo-oficial-a-hernan-torres-como-dt","status":"publish","type":"post","link":"https:\/\/www.evafm.net\/sitio\/deportivo-cali-hizo-oficial-a-hernan-torres-como-dt\/","title":{"rendered":"Deportivo Cali hizo oficial a Hern\u00e1n Torres como DT"},"content":{"rendered":"<p>Luego de varios rumores que lo ubicaban en Colombia durante todo este semestre, y de que Emelec incluso lleg\u00f3 a desmentir su salida<\/p>\n<p>Hern\u00e1n Torres tiene nuevo equipo.<\/p>\n<p>El director t\u00e9cnico colombiano fue anunciado oficialmente como el nuevo entrenador del Deportivo Cali, este s\u00e1bado 8 de junio.<\/p>\n<p>&nbsp;<\/p>\n<p>\u00abLa voz del pueblo es la voz de Dios.<\/p>\n<p>El comandante de nuestras batallas ha arribado.<\/p>\n<p>Que la victoria sea nuestro objetivo y la experiencia el camino hacia ella\u00bb, public\u00f3 el club colombiano, junto a un emotivo video<\/p>\n<p>de presentaci\u00f3n.<\/p>\n<p><strong>Esta ser\u00e1 la segunda etapa de Hern\u00e1n Torres en el Deportivo Cali. <\/strong><\/p>\n<p>Su anterior per\u00edodo fue de 2001 a 2003, aunque en este tiempo fue asistente t\u00e9cnico.<\/p>\n<p>El entrenador colombiano dej\u00f3 Emelec luego de los irregulares resultados tras su paso por el banquillo &#8216;el\u00e9ctrico&#8217;.<\/p>\n<p>El &#8216;Bombillo&#8217; culmin\u00f3 la primera etapa de la LigaPro en el sexto puesto, a 10 puntos del ganador, <strong>Independiente del Valle. (D)<\/strong><\/p>\n<p>&nbsp;<\/p>\n<blockquote class=\"twitter-tweet\" data-width=\"550\" data-dnt=\"true\">\n<p lang=\"es\" dir=\"ltr\">\ud835\udc3f\ud835\udc4e \ud835\udc63\ud835\udc5c\ud835\udc67 \ud835\udc51\ud835\udc52\ud835\udc59 \ud835\udc5d\ud835\udc62\ud835\udc52\ud835\udc4f\ud835\udc59\ud835\udc5c \ud835\udc52\ud835\udc60 \ud835\udc59\ud835\udc4e \ud835\udc63\ud835\udc5c\ud835\udc67 \ud835\udc51\ud835\udc52 \ud835\udc37\ud835\udc56\ud835\udc5c\ud835\udc60. <\/p>\n<p>\ud83e\udee1 \ud835\udc38\ud835\udc59 \ud835\udc50\ud835\udc5c\ud835\udc5a\ud835\udc4e\ud835\udc5b\ud835\udc51\ud835\udc4e\ud835\udc5b\ud835\udc61\ud835\udc52 \ud835\udc51\ud835\udc52 \ud835\udc5b\ud835\udc62\ud835\udc52\ud835\udc60\ud835\udc61\ud835\udc5f\ud835\udc4e\ud835\udc60 \ud835\udc4f\ud835\udc4e\ud835\udc61\ud835\udc4e\ud835\udc59\ud835\udc59\ud835\udc4e\ud835\udc60 \u210e\ud835\udc4e \ud835\udc4e\ud835\udc5f\ud835\udc5f\ud835\udc56\ud835\udc4f\ud835\udc4e\ud835\udc51\ud835\udc5c. <\/p>\n<p>\ud835\udc44\ud835\udc62\ud835\udc52 \ud835\udc59\ud835\udc4e \ud835\udc63\ud835\udc56\ud835\udc50\ud835\udc61\ud835\udc5c\ud835\udc5f\ud835\udc56\ud835\udc4e \ud835\udc60\ud835\udc52\ud835\udc4e \ud835\udc5b\ud835\udc62\ud835\udc52\ud835\udc60\ud835\udc61\ud835\udc5f\ud835\udc5c \ud835\udc5c\ud835\udc4f\ud835\udc57\ud835\udc52\ud835\udc61\ud835\udc56\ud835\udc63\ud835\udc5c \ud835\udc66 \ud835\udc59\ud835\udc4e \ud835\udc52\ud835\udc65\ud835\udc5d\ud835\udc52\ud835\udc5f\ud835\udc56\ud835\udc52\ud835\udc5b\ud835\udc50\ud835\udc56\ud835\udc4e \ud835\udc52\ud835\udc59 \ud835\udc50\ud835\udc4e\ud835\udc5a\ud835\udc56\ud835\udc5b\ud835\udc5c\u2026 <a href=\"https:\/\/t.co\/jIAjAMlImI\">pic.twitter.com\/jIAjAMlImI<\/a><\/p>\n<p>&mdash; Deportivo Cali (@AsoDeporCali) <a href=\"https:\/\/twitter.com\/AsoDeporCali\/status\/1799426989947842684?ref_src=twsrc%5Etfw\">June 8, 2024<\/a><\/p><\/blockquote>\n<p><script async src=\"https:\/\/platform.twitter.com\/widgets.js\" charset=\"utf-8\"><\/script><\/p>\n<p>&nbsp;<\/p>\n<p>Fuente: evafm.net &#8211; primicias.ec<\/p>\n<div class=\"gsp_post_data\" \r\n\t            data-post_type=\"post\" \r\n\t            data-cat=\"deportes-internacionales\" \r\n\t            data-modified=\"120\"\r\n\t            data-created=\"1717860147\"\r\n\t            data-title=\"Deportivo Cali hizo oficial a Hern\u00e1n Torres como DT\" \r\n\t            data-home=\"https:\/\/www.evafm.net\/sitio\"><\/div>","protected":false},"excerpt":{"rendered":"<p>Luego de varios rumores que lo ubicaban en Colombia durante todo este semestre, y de que Emelec incluso lleg\u00f3 a desmentir su salida Hern\u00e1n Torres tiene nuevo equipo. El director t\u00e9cnico colombiano fue anunciado oficialmente como el nuevo entrenador del Deportivo Cali, este s\u00e1bado 8 de junio. &nbsp; \u00abLa voz del pueblo es la voz&#8230;<\/p>\n","protected":false},"author":5,"featured_media":80947,"comment_status":"closed","ping_status":"open","sticky":false,"template":"","format":"standard","meta":{"_joinchat":[],"footnotes":""},"categories":[1342],"tags":[],"class_list":["post-80946","post","type-post","status-publish","format-standard","has-post-thumbnail","hentry","category-deportes-internacionales","have-post-thumb"],"_links":{"self":[{"href":"https:\/\/www.evafm.net\/sitio\/wp-json\/wp\/v2\/posts\/80946","targetHints":{"allow":["GET"]}}],"collection":[{"href":"https:\/\/www.evafm.net\/sitio\/wp-json\/wp\/v2\/posts"}],"about":[{"href":"https:\/\/www.evafm.net\/sitio\/wp-json\/wp\/v2\/types\/post"}],"author":[{"embeddable":true,"href":"https:\/\/www.evafm.net\/sitio\/wp-json\/wp\/v2\/users\/5"}],"replies":[{"embeddable":true,"href":"https:\/\/www.evafm.net\/sitio\/wp-json\/wp\/v2\/comments?post=80946"}],"version-history":[{"count":1,"href":"https:\/\/www.evafm.net\/sitio\/wp-json\/wp\/v2\/posts\/80946\/revisions"}],"predecessor-version":[{"id":80948,"href":"https:\/\/www.evafm.net\/sitio\/wp-json\/wp\/v2\/posts\/80946\/revisions\/80948"}],"wp:featuredmedia":[{"embeddable":true,"href":"https:\/\/www.evafm.net\/sitio\/wp-json\/wp\/v2\/media\/80947"}],"wp:attachment":[{"href":"https:\/\/www.evafm.net\/sitio\/wp-json\/wp\/v2\/media?parent=80946"}],"wp:term":[{"taxonomy":"category","embeddable":true,"href":"https:\/\/www.evafm.net\/sitio\/wp-json\/wp\/v2\/categories?post=80946"},{"taxonomy":"post_tag","embeddable":true,"href":"https:\/\/www.evafm.net\/sitio\/wp-json\/wp\/v2\/tags?post=80946"}],"curies":[{"name":"wp","href":"https:\/\/api.w.org\/{rel}","templated":true}]}}