{"id":80950,"date":"2024-06-08T15:28:43","date_gmt":"2024-06-08T20:28:43","guid":{"rendered":"https:\/\/www.evafm.net\/sitio\/?p=80950"},"modified":"2024-06-08T15:28:43","modified_gmt":"2024-06-08T20:28:43","slug":"barcelona-sc-no-jugaria-la-copa-ecuador-2024","status":"publish","type":"post","link":"https:\/\/www.evafm.net\/sitio\/barcelona-sc-no-jugaria-la-copa-ecuador-2024\/","title":{"rendered":"Barcelona SC no jugar\u00eda la Copa Ecuador 2024"},"content":{"rendered":"<p>La presencia de <strong>Barcelona SC<\/strong> en la tercera edici\u00f3n de la Copa Ecuador, que arrancar\u00eda en junio, es una inc\u00f3gnita.<\/p>\n<p>Y es que la dirigencia del equipo &#8216;torero&#8217;, liderada por Antonio Alvarez, habr\u00eda desistido de jugar este torneo por<\/p>\n<p>mala organizaci\u00f3n de la FEF, que reci\u00e9n lo oficializ\u00f3 el pasado 10 de mayo.<\/p>\n<p>La decisi\u00f3n de Barcelona SC pasar\u00eda, adem\u00e1s, por la intenci\u00f3n de la Ecuaf\u00fatbol de gestionar la venta de entradas<\/p>\n<p>e ingresos por taquilla.<\/p>\n<p>Los Art\u00edculos 35, 36 y 37 del reglamento la Copa Ecuador hacen referencia justamente al control y venta de boletos<\/p>\n<p>que tendr\u00e1 absoluto control de la FEF y con lo que varios clubes no estar\u00edan de acuerdo.<\/p>\n<p>&nbsp;<\/p>\n<p>La Copa Ecuador tendr\u00e1 una fase clasificatoria, una previa y una eliminatoria, hasta llegar a la final \u00fanica, en noviembre.<\/p>\n<p>&nbsp;<\/p>\n<p>Hasta el momento, la FEF no ha confirmado las fechas exactas.<\/p>\n<p>Teleamazonas, con la producci\u00f3n de la empresa argentina Torneos, transmitir\u00e1 los mejores partidos de la <strong>Copa Ecuador DirecTV 2024. (D)<\/strong><\/p>\n<div class=\"css-1dbjc4n r-18u37iz r-kzbkwu\">\n<div class=\"css-1dbjc4n r-eqz5dr r-1777fci r-4amgru r-1kh6xel\">\n<div class=\"css-1dbjc4n r-1ny4l3l\">\n<div class=\"css-1dbjc4n r-1wbh5a2 r-dnmrzs r-1ny4l3l\">\n<div class=\"css-1dbjc4n r-1wbh5a2 r-dnmrzs r-1ny4l3l\">\n<div class=\"css-1dbjc4n r-1awozwy r-18u37iz r-dnmrzs\">\n<div dir=\"auto\"><\/div>\n<div class=\"css-901oao r-1awozwy r-18jsvk2 r-6koalj r-1qd0xha r-a023e6 r-b88u0q r-rjixqe r-bcqeeo r-1udh08x r-3s2u2q r-qvutc0\" dir=\"auto\"><strong><span class=\"css-901oao css-16my406 css-1hf3ou5 r-poiln3 r-bcqeeo r-qvutc0\"><span class=\"css-901oao css-16my406 r-poiln3 r-bcqeeo r-qvutc0\">Copa Ecuador<\/span><\/span><\/strong><\/div>\n<div class=\"css-901oao r-18jsvk2 r-xoduu5 r-18u37iz r-1q142lx r-1qd0xha r-a023e6 r-16dba41 r-rjixqe r-bcqeeo r-qvutc0\" dir=\"auto\"><\/div>\n<\/div>\n<div class=\"css-1dbjc4n r-1awozwy r-18u37iz r-1wbh5a2\">\n<div class=\"css-1dbjc4n\">\n<div class=\"css-901oao css-1hf3ou5 r-14j79pv r-18u37iz r-1qd0xha r-1wvb978 r-a023e6 r-16dba41 r-rjixqe r-bcqeeo r-qvutc0\" dir=\"ltr\"><strong><span class=\"css-901oao css-16my406 r-poiln3 r-bcqeeo r-qvutc0\">@CopaEcuador<\/span><\/strong><\/div>\n<\/div>\n<div class=\"css-1dbjc4n r-18u37iz r-1q142lx\">\n<div class=\"css-901oao r-14j79pv r-1q142lx r-1qd0xha r-a023e6 r-16dba41 r-rjixqe r-bcqeeo r-s1qlax r-qvutc0\" dir=\"auto\" aria-hidden=\"true\"><\/div>\n<\/div>\n<\/div>\n<\/div>\n<\/div>\n<\/div>\n<\/div>\n<\/div>\n<div class=\"css-1dbjc4n\">\n<div class=\"css-901oao r-18jsvk2 r-1dqbpge r-1qd0xha r-adyw6z r-16dba41 r-135wba7 r-bcqeeo r-bnwqim r-qvutc0\" dir=\"auto\" lang=\"es\" data-testid=\"tweetText\"><strong><span class=\"css-901oao css-16my406 r-poiln3 r-bcqeeo r-qvutc0\">Para el campe\u00f3n de la copa de todos<\/span><\/strong><\/div>\n<\/div>\n<p><img decoding=\"async\" src=\"https:\/\/pbs.twimg.com\/media\/GPZ8lJeWEAA-CYn?format=jpg&amp;name=small\" alt=\"Imagen\" \/><\/p>\n<p>&nbsp;<\/p>\n<p>Fuente: evafm.net &#8211; primicias.ec<\/p>\n<div class=\"gsp_post_data\" \r\n\t            data-post_type=\"post\" \r\n\t            data-cat=\"deportes-ecuador\" \r\n\t            data-modified=\"120\"\r\n\t            data-created=\"1717860523\"\r\n\t            data-title=\"Barcelona SC no jugar\u00eda la Copa Ecuador 2024\" \r\n\t            data-home=\"https:\/\/www.evafm.net\/sitio\"><\/div>","protected":false},"excerpt":{"rendered":"<p>La presencia de Barcelona SC en la tercera edici\u00f3n de la Copa Ecuador, que arrancar\u00eda en junio, es una inc\u00f3gnita. Y es que la dirigencia del equipo &#8216;torero&#8217;, liderada por Antonio Alvarez, habr\u00eda desistido de jugar este torneo por mala organizaci\u00f3n de la FEF, que reci\u00e9n lo oficializ\u00f3 el pasado 10 de mayo. La decisi\u00f3n&#8230;<\/p>\n","protected":false},"author":5,"featured_media":80951,"comment_status":"closed","ping_status":"open","sticky":false,"template":"","format":"standard","meta":{"_joinchat":[],"footnotes":""},"categories":[1557],"tags":[],"class_list":["post-80950","post","type-post","status-publish","format-standard","has-post-thumbnail","hentry","category-deportes-ecuador","have-post-thumb"],"_links":{"self":[{"href":"https:\/\/www.evafm.net\/sitio\/wp-json\/wp\/v2\/posts\/80950","targetHints":{"allow":["GET"]}}],"collection":[{"href":"https:\/\/www.evafm.net\/sitio\/wp-json\/wp\/v2\/posts"}],"about":[{"href":"https:\/\/www.evafm.net\/sitio\/wp-json\/wp\/v2\/types\/post"}],"author":[{"embeddable":true,"href":"https:\/\/www.evafm.net\/sitio\/wp-json\/wp\/v2\/users\/5"}],"replies":[{"embeddable":true,"href":"https:\/\/www.evafm.net\/sitio\/wp-json\/wp\/v2\/comments?post=80950"}],"version-history":[{"count":2,"href":"https:\/\/www.evafm.net\/sitio\/wp-json\/wp\/v2\/posts\/80950\/revisions"}],"predecessor-version":[{"id":80953,"href":"https:\/\/www.evafm.net\/sitio\/wp-json\/wp\/v2\/posts\/80950\/revisions\/80953"}],"wp:featuredmedia":[{"embeddable":true,"href":"https:\/\/www.evafm.net\/sitio\/wp-json\/wp\/v2\/media\/80951"}],"wp:attachment":[{"href":"https:\/\/www.evafm.net\/sitio\/wp-json\/wp\/v2\/media?parent=80950"}],"wp:term":[{"taxonomy":"category","embeddable":true,"href":"https:\/\/www.evafm.net\/sitio\/wp-json\/wp\/v2\/categories?post=80950"},{"taxonomy":"post_tag","embeddable":true,"href":"https:\/\/www.evafm.net\/sitio\/wp-json\/wp\/v2\/tags?post=80950"}],"curies":[{"name":"wp","href":"https:\/\/api.w.org\/{rel}","templated":true}]}}