{"id":80958,"date":"2024-06-08T18:37:36","date_gmt":"2024-06-08T23:37:36","guid":{"rendered":"https:\/\/www.evafm.net\/sitio\/?p=80958"},"modified":"2024-06-08T18:37:36","modified_gmt":"2024-06-08T23:37:36","slug":"independiente-del-valle-denuncia-a-genaro-huacon","status":"publish","type":"post","link":"https:\/\/www.evafm.net\/sitio\/independiente-del-valle-denuncia-a-genaro-huacon\/","title":{"rendered":"Independiente del Valle denuncia a Genaro Huac\u00f3n"},"content":{"rendered":"<p>Este 7 de junio, <strong>Independiente del Valle<\/strong> inform\u00f3 que present\u00f3 una denuncia forma en la <strong>Fiscal\u00eda General del Estado.<\/strong><\/p>\n<p>en contra de <strong>Genaro Huac\u00f3n<\/strong> por<strong> \u00abdelito de extorsi\u00f3n\u00bb<\/strong> en el caso del jugador <strong>Alexander Bola\u00f1os. <\/strong><\/p>\n<p>&nbsp;<\/p>\n<p>\u00abComo ha sucedido en el pasado, ser\u00e1 la justicia la encargada de investigar y sancionar a Genaro Huac\u00f3n, quien<\/p>\n<p>con sus delitos ha afectado no solo al club, sus funcionarios y\/o directivos, sino a la integridad del f\u00fatbol ecuatoriano\u00bb<\/p>\n<p>detalla el comunicado.<\/p>\n<p><strong>Huac\u00f3n<\/strong> denunci\u00f3 a <strong>Alexander Bola\u00f1os<\/strong> en una entrevista con una radio uruguaya.<\/p>\n<p>Afirm\u00f3 que el jugador en realidad se llama <strong>Romario y tiene m\u00e1s de 24 a\u00f1os.<\/strong><\/p>\n<p><strong>En 2012 yo llev\u00e9 a Alexander a Portoviejo. <\/strong><\/p>\n<p>En ese momento no se pod\u00eda hacer la transferencia por un tema de edad y ah\u00ed hicimos el cambio de nombre y de fecha<\/p>\n<p>de nacimiento\u00bb dijo <strong>Huac\u00f3n el martes 9 de abril.<\/strong><\/p>\n<p>&nbsp;<\/p>\n<p>Y agreg\u00f3 que, en 2016, su t\u00edo le<strong> \u00abofreci\u00f3 dinero\u00bb<\/strong> a cambio de su silencio.<\/p>\n<p>&nbsp;<\/p>\n<p>\u00abMe pidieron confidencialidad en el tema.<\/p>\n<p>Desde ese momento hasta ahora no me han pagado nada.<\/p>\n<p>Si me hubiesen pagado, yo no dec\u00eda nada\u00bb.<\/p>\n<p>&nbsp;<\/p>\n<p>Por ahora,<strong> Alexander Bola\u00f1os<\/strong> no es tomado en cuenta en el equipo de<strong> Javier Gandolfi,<\/strong> ya que la<\/p>\n<p>Federaci\u00f3n Ecuatoriana de F\u00fatbol lo suspendi\u00f3 provisionalmente, hasta que se solucione su proceso investigativo. <strong>(D)<\/strong><\/p>\n<p>&nbsp;<\/p>\n<div class=\"css-1dbjc4n r-18u37iz r-kzbkwu\">\n<div class=\"css-1dbjc4n r-eqz5dr r-1777fci r-4amgru r-1kh6xel\">\n<div class=\"css-1dbjc4n r-1ny4l3l\">\n<div class=\"css-1dbjc4n r-1wbh5a2 r-dnmrzs r-1ny4l3l\">\n<div class=\"css-1dbjc4n r-1wbh5a2 r-dnmrzs r-1ny4l3l\">\n<div class=\"css-1dbjc4n r-1awozwy r-18u37iz r-dnmrzs\">\n<div class=\"css-901oao r-1awozwy r-18jsvk2 r-6koalj r-1qd0xha r-a023e6 r-b88u0q r-rjixqe r-bcqeeo r-1udh08x r-3s2u2q r-qvutc0\" dir=\"auto\"><strong><span class=\"css-901oao css-16my406 css-1hf3ou5 r-poiln3 r-bcqeeo r-qvutc0\"><span class=\"css-901oao css-16my406 r-poiln3 r-bcqeeo r-qvutc0\">Independiente del Valle<\/span><\/span><\/strong><\/div>\n<div class=\"css-901oao r-18jsvk2 r-xoduu5 r-18u37iz r-1q142lx r-1qd0xha r-a023e6 r-16dba41 r-rjixqe r-bcqeeo r-qvutc0\" dir=\"auto\"><\/div>\n<\/div>\n<div class=\"css-1dbjc4n r-1awozwy r-18u37iz r-1wbh5a2\">\n<div class=\"css-1dbjc4n\">\n<div class=\"css-901oao css-1hf3ou5 r-14j79pv r-18u37iz r-1qd0xha r-1wvb978 r-a023e6 r-16dba41 r-rjixqe r-bcqeeo r-qvutc0\" dir=\"ltr\"><strong><span class=\"css-901oao css-16my406 r-poiln3 r-bcqeeo r-qvutc0\">@IDV_EC<\/span><\/strong><\/div>\n<\/div>\n<\/div>\n<\/div>\n<\/div>\n<\/div>\n<\/div>\n<\/div>\n<div class=\"css-1dbjc4n\">\n<div class=\"css-901oao r-18jsvk2 r-1dqbpge r-1qd0xha r-adyw6z r-16dba41 r-135wba7 r-bcqeeo r-bnwqim r-qvutc0\" dir=\"auto\" lang=\"es\" data-testid=\"tweetText\"><strong><span class=\"css-901oao css-16my406 r-poiln3 r-bcqeeo r-qvutc0\">Comunicado Oficial | Independiente del Valle a la comunidad<\/span><\/strong><\/div>\n<\/div>\n<p><img fetchpriority=\"high\" decoding=\"async\" class=\"\" src=\"https:\/\/pbs.twimg.com\/media\/GPfejRnWsAAeQ1W?format=jpg&amp;name=small\" alt=\"Imagen\" width=\"469\" height=\"586\" \/><\/p>\n<p>&nbsp;<\/p>\n<p>&nbsp;<\/p>\n<p>Fuente: evafm.net &#8211; primicias.ec<\/p>\n<div class=\"gsp_post_data\" \r\n\t            data-post_type=\"post\" \r\n\t            data-cat=\"deportes-ecuador\" \r\n\t            data-modified=\"120\"\r\n\t            data-created=\"1717871856\"\r\n\t            data-title=\"Independiente del Valle denuncia a Genaro Huac\u00f3n\" \r\n\t            data-home=\"https:\/\/www.evafm.net\/sitio\"><\/div>","protected":false},"excerpt":{"rendered":"<p>Este 7 de junio, Independiente del Valle inform\u00f3 que present\u00f3 una denuncia forma en la Fiscal\u00eda General del Estado. en contra de Genaro Huac\u00f3n por \u00abdelito de extorsi\u00f3n\u00bb en el caso del jugador Alexander Bola\u00f1os. &nbsp; \u00abComo ha sucedido en el pasado, ser\u00e1 la justicia la encargada de investigar y sancionar a Genaro Huac\u00f3n, quien&#8230;<\/p>\n","protected":false},"author":5,"featured_media":80959,"comment_status":"closed","ping_status":"open","sticky":false,"template":"","format":"standard","meta":{"_joinchat":[],"footnotes":""},"categories":[1557],"tags":[],"class_list":["post-80958","post","type-post","status-publish","format-standard","has-post-thumbnail","hentry","category-deportes-ecuador","have-post-thumb"],"_links":{"self":[{"href":"https:\/\/www.evafm.net\/sitio\/wp-json\/wp\/v2\/posts\/80958","targetHints":{"allow":["GET"]}}],"collection":[{"href":"https:\/\/www.evafm.net\/sitio\/wp-json\/wp\/v2\/posts"}],"about":[{"href":"https:\/\/www.evafm.net\/sitio\/wp-json\/wp\/v2\/types\/post"}],"author":[{"embeddable":true,"href":"https:\/\/www.evafm.net\/sitio\/wp-json\/wp\/v2\/users\/5"}],"replies":[{"embeddable":true,"href":"https:\/\/www.evafm.net\/sitio\/wp-json\/wp\/v2\/comments?post=80958"}],"version-history":[{"count":1,"href":"https:\/\/www.evafm.net\/sitio\/wp-json\/wp\/v2\/posts\/80958\/revisions"}],"predecessor-version":[{"id":80960,"href":"https:\/\/www.evafm.net\/sitio\/wp-json\/wp\/v2\/posts\/80958\/revisions\/80960"}],"wp:featuredmedia":[{"embeddable":true,"href":"https:\/\/www.evafm.net\/sitio\/wp-json\/wp\/v2\/media\/80959"}],"wp:attachment":[{"href":"https:\/\/www.evafm.net\/sitio\/wp-json\/wp\/v2\/media?parent=80958"}],"wp:term":[{"taxonomy":"category","embeddable":true,"href":"https:\/\/www.evafm.net\/sitio\/wp-json\/wp\/v2\/categories?post=80958"},{"taxonomy":"post_tag","embeddable":true,"href":"https:\/\/www.evafm.net\/sitio\/wp-json\/wp\/v2\/tags?post=80958"}],"curies":[{"name":"wp","href":"https:\/\/api.w.org\/{rel}","templated":true}]}}