{"id":80961,"date":"2024-06-08T18:43:34","date_gmt":"2024-06-08T23:43:34","guid":{"rendered":"https:\/\/www.evafm.net\/sitio\/?p=80961"},"modified":"2024-06-08T18:43:34","modified_gmt":"2024-06-08T23:43:34","slug":"santiago-jacome-demanda-a-liga-de-quito","status":"publish","type":"post","link":"https:\/\/www.evafm.net\/sitio\/santiago-jacome-demanda-a-liga-de-quito\/","title":{"rendered":"Santiago J\u00e1come demanda a Liga de Quito"},"content":{"rendered":"<p><strong>Las demandas siguen llegando a Liga de Quito. <\/strong><\/p>\n<p>Luego de denuncias de varios extrabajadores, como <strong>Diego Castro,<\/strong> exgerente de la Comisi\u00f3n de F\u00fatbol, o<strong> Fernando Iza,<\/strong> exfisioterapeuta<\/p>\n<p>ahora <strong>Santiago J\u00e1come<\/strong> anunci\u00f3 que demandar\u00e1 al conjunto <strong>&#8216;albo&#8217;. <\/strong><\/p>\n<p>El quite\u00f1o, quien fue futbolista del equipo durante 15 temporadas y luego ejerci\u00f3 el cargo de director deportivo, dej\u00f3 el club a principios<\/p>\n<p>del a\u00f1o, luego de la salida de la <strong>Comisi\u00f3n de F\u00fatbol.<\/strong><\/p>\n<p><strong>Santiago J\u00e1come<\/strong> demanda a Liga de Quito por valores pendientes.<\/p>\n<p>\u00c9l explica que intent\u00f3 concretar una reuni\u00f3n con la dirigencia actual, liderada por Isaac \u00c1lvarez, para solucionar este problema, pero no recibi\u00f3<\/p>\n<p>una respuesta al respecto.<\/p>\n<p>\u00abPed\u00ed una reuni\u00f3n, una reuni\u00f3n nada m\u00e1s, y lo arregl\u00e1bamos en cinco minutos, pero no ha sido posible.<\/p>\n<p>Ya est\u00e1, si en cinco meses no intentaron hablar conmigo, que m\u00e1s tengo qu\u00e9 hacer\u00bb, dijo en una entrevista con el medio <strong>Direct Futbol.<\/strong><\/p>\n<p>\u00abHoy, cualquier cosa la tienen que hablar con mi abogado.<\/p>\n<p>Yo no hablo m\u00e1s, lo intent\u00e9, di todos los pasos para no llegar a esto, para poder solucionar, pero no me dejaron otra opci\u00f3n.<\/p>\n<p>Listo, no hablo m\u00e1s\u00bb.<\/p>\n<p>Liga de Quito viene de un mal semestre en lo deportivo, en el que perdi\u00f3 la Recopa y qued\u00f3 fuera de la <strong>Copa Libertadores. <\/strong><\/p>\n<p>Esto caus\u00f3 la salida del director t\u00e9cnico <strong>Josep Alc\u00e1cer<\/strong> y a\u00fan no se anuncia qui\u00e9n ser\u00e1 su reemplazo. <strong>(D)<\/strong><\/p>\n<div class=\"gsp_post_data\" \r\n\t            data-post_type=\"post\" \r\n\t            data-cat=\"deportes-ecuador\" \r\n\t            data-modified=\"120\"\r\n\t            data-created=\"1717872214\"\r\n\t            data-title=\"Santiago J\u00e1come demanda a Liga de Quito\" \r\n\t            data-home=\"https:\/\/www.evafm.net\/sitio\"><\/div>","protected":false},"excerpt":{"rendered":"<p>Las demandas siguen llegando a Liga de Quito. Luego de denuncias de varios extrabajadores, como Diego Castro, exgerente de la Comisi\u00f3n de F\u00fatbol, o Fernando Iza, exfisioterapeuta ahora Santiago J\u00e1come anunci\u00f3 que demandar\u00e1 al conjunto &#8216;albo&#8217;. El quite\u00f1o, quien fue futbolista del equipo durante 15 temporadas y luego ejerci\u00f3 el cargo de director deportivo, dej\u00f3&#8230;<\/p>\n","protected":false},"author":5,"featured_media":80962,"comment_status":"closed","ping_status":"open","sticky":false,"template":"","format":"standard","meta":{"_joinchat":[],"footnotes":""},"categories":[1557],"tags":[],"class_list":["post-80961","post","type-post","status-publish","format-standard","has-post-thumbnail","hentry","category-deportes-ecuador","have-post-thumb"],"_links":{"self":[{"href":"https:\/\/www.evafm.net\/sitio\/wp-json\/wp\/v2\/posts\/80961","targetHints":{"allow":["GET"]}}],"collection":[{"href":"https:\/\/www.evafm.net\/sitio\/wp-json\/wp\/v2\/posts"}],"about":[{"href":"https:\/\/www.evafm.net\/sitio\/wp-json\/wp\/v2\/types\/post"}],"author":[{"embeddable":true,"href":"https:\/\/www.evafm.net\/sitio\/wp-json\/wp\/v2\/users\/5"}],"replies":[{"embeddable":true,"href":"https:\/\/www.evafm.net\/sitio\/wp-json\/wp\/v2\/comments?post=80961"}],"version-history":[{"count":1,"href":"https:\/\/www.evafm.net\/sitio\/wp-json\/wp\/v2\/posts\/80961\/revisions"}],"predecessor-version":[{"id":80963,"href":"https:\/\/www.evafm.net\/sitio\/wp-json\/wp\/v2\/posts\/80961\/revisions\/80963"}],"wp:featuredmedia":[{"embeddable":true,"href":"https:\/\/www.evafm.net\/sitio\/wp-json\/wp\/v2\/media\/80962"}],"wp:attachment":[{"href":"https:\/\/www.evafm.net\/sitio\/wp-json\/wp\/v2\/media?parent=80961"}],"wp:term":[{"taxonomy":"category","embeddable":true,"href":"https:\/\/www.evafm.net\/sitio\/wp-json\/wp\/v2\/categories?post=80961"},{"taxonomy":"post_tag","embeddable":true,"href":"https:\/\/www.evafm.net\/sitio\/wp-json\/wp\/v2\/tags?post=80961"}],"curies":[{"name":"wp","href":"https:\/\/api.w.org\/{rel}","templated":true}]}}