{"id":80968,"date":"2024-06-08T19:11:27","date_gmt":"2024-06-09T00:11:27","guid":{"rendered":"https:\/\/www.evafm.net\/sitio\/?p=80968"},"modified":"2024-06-08T19:11:27","modified_gmt":"2024-06-09T00:11:27","slug":"muere-christian-cobos-presidente-del-playas-fc","status":"publish","type":"post","link":"https:\/\/www.evafm.net\/sitio\/muere-christian-cobos-presidente-del-playas-fc\/","title":{"rendered":"Muere Christian Cobos, presidente del Playas FC"},"content":{"rendered":"<p><strong>Christian Andr\u00e9s Cobos N\u00fa\u00f1ez<\/strong>, presidente del<strong> Club Playas FC,<\/strong> falleci\u00f3 este s\u00e1bado 8 de junio, seg\u00fan confirm\u00f3 la<\/p>\n<p>Federaci\u00f3n Ecuatoriana de F\u00fatbol.<\/p>\n<p>\u00abNuestras sentidas condolencias a su distinguida familia, amigos, integrantes de su club y colegas dirigentes.<\/p>\n<p>Que descanse en paz\u00bb, dice la publicaci\u00f3n de la<strong> FEF.<\/strong><\/p>\n<p>El empresario hab\u00eda sido secuestrado el martes 4 de junio en el cant\u00f3n Playas, seg\u00fan se pudo observar en un video de<\/p>\n<p>una c\u00e1mara de seguridad, y desde entonces estuvo desaparecido.<\/p>\n<p>Este s\u00e1bado fue encontrado su cuerpo en la morgue de Milagro y fue identificado por sus padres.<\/p>\n<p>Hasta el momento, no se ha confirmado informaci\u00f3n sobre las causas su muerte. <strong>(D)<\/strong><\/p>\n<div class=\"css-1dbjc4n r-1awozwy r-18u37iz r-dnmrzs\">\n<div class=\"css-901oao r-1awozwy r-18jsvk2 r-6koalj r-1qd0xha r-a023e6 r-b88u0q r-rjixqe r-bcqeeo r-1udh08x r-3s2u2q r-qvutc0\" dir=\"auto\"><strong><span class=\"css-901oao css-16my406 css-1hf3ou5 r-poiln3 r-bcqeeo r-qvutc0\"><span class=\"css-901oao css-16my406 r-poiln3 r-bcqeeo r-qvutc0\">FEF\u00a0<\/span><\/span><\/strong><\/div>\n<div class=\"css-901oao r-18jsvk2 r-xoduu5 r-18u37iz r-1q142lx r-1qd0xha r-a023e6 r-16dba41 r-rjixqe r-bcqeeo r-qvutc0\" dir=\"auto\"><\/div>\n<\/div>\n<div class=\"css-1dbjc4n r-1awozwy r-18u37iz r-1wbh5a2\">\n<div class=\"css-1dbjc4n\">\n<div class=\"css-901oao css-1hf3ou5 r-14j79pv r-18u37iz r-1qd0xha r-1wvb978 r-a023e6 r-16dba41 r-rjixqe r-bcqeeo r-qvutc0\" dir=\"ltr\"><strong><span class=\"css-901oao css-16my406 r-poiln3 r-bcqeeo r-qvutc0\">@FEFecuador<\/span><\/strong><\/div>\n<\/div>\n<div class=\"css-1dbjc4n r-18u37iz r-1q142lx\">\n<div class=\"css-901oao r-14j79pv r-1q142lx r-1qd0xha r-a023e6 r-16dba41 r-rjixqe r-bcqeeo r-s1qlax r-qvutc0\" dir=\"auto\" aria-hidden=\"true\"><span class=\"css-901oao css-16my406 r-poiln3 r-bcqeeo r-qvutc0\">\u00b7<\/span><\/div>\n<\/div>\n<\/div>\n<p><img fetchpriority=\"high\" decoding=\"async\" class=\"\" src=\"https:\/\/pbs.twimg.com\/media\/GPkOKvbXcAA9Xvi?format=jpg&amp;name=small\" alt=\"Imagen\" width=\"481\" height=\"601\" \/><\/p>\n<p>&nbsp;<\/p>\n<blockquote class=\"twitter-tweet\" data-width=\"550\" data-dnt=\"true\">\n<p lang=\"es\" dir=\"ltr\">Terrible!!<br \/>No paran los secuestros en el pa\u00eds.<br \/>Hoy en la ma\u00f1ana secuestraron a un empresario llamado Cristhian Cobos en Playas. <a href=\"https:\/\/t.co\/oRMopPu4oU\">pic.twitter.com\/oRMopPu4oU<\/a><\/p>\n<p>&mdash; Emergencias Ec (@EmergenciasEc) <a href=\"https:\/\/twitter.com\/EmergenciasEc\/status\/1798184053524631601?ref_src=twsrc%5Etfw\">June 5, 2024<\/a><\/p><\/blockquote>\n<p><script async src=\"https:\/\/platform.twitter.com\/widgets.js\" charset=\"utf-8\"><\/script><\/p>\n<p>&nbsp;<\/p>\n<p>Fuente: evafm.net &#8211; primicias.ec<\/p>\n<p>&nbsp;<\/p>\n<div class=\"gsp_post_data\" \r\n\t            data-post_type=\"post\" \r\n\t            data-cat=\"deportes-ecuador\" \r\n\t            data-modified=\"120\"\r\n\t            data-created=\"1717873887\"\r\n\t            data-title=\"Muere Christian Cobos, presidente del Playas FC\" \r\n\t            data-home=\"https:\/\/www.evafm.net\/sitio\"><\/div>","protected":false},"excerpt":{"rendered":"<p>Christian Andr\u00e9s Cobos N\u00fa\u00f1ez, presidente del Club Playas FC, falleci\u00f3 este s\u00e1bado 8 de junio, seg\u00fan confirm\u00f3 la Federaci\u00f3n Ecuatoriana de F\u00fatbol. \u00abNuestras sentidas condolencias a su distinguida familia, amigos, integrantes de su club y colegas dirigentes. Que descanse en paz\u00bb, dice la publicaci\u00f3n de la FEF. El empresario hab\u00eda sido secuestrado el martes 4&#8230;<\/p>\n","protected":false},"author":5,"featured_media":80969,"comment_status":"closed","ping_status":"open","sticky":false,"template":"","format":"standard","meta":{"_joinchat":[],"footnotes":""},"categories":[1557],"tags":[],"class_list":["post-80968","post","type-post","status-publish","format-standard","has-post-thumbnail","hentry","category-deportes-ecuador","have-post-thumb"],"_links":{"self":[{"href":"https:\/\/www.evafm.net\/sitio\/wp-json\/wp\/v2\/posts\/80968","targetHints":{"allow":["GET"]}}],"collection":[{"href":"https:\/\/www.evafm.net\/sitio\/wp-json\/wp\/v2\/posts"}],"about":[{"href":"https:\/\/www.evafm.net\/sitio\/wp-json\/wp\/v2\/types\/post"}],"author":[{"embeddable":true,"href":"https:\/\/www.evafm.net\/sitio\/wp-json\/wp\/v2\/users\/5"}],"replies":[{"embeddable":true,"href":"https:\/\/www.evafm.net\/sitio\/wp-json\/wp\/v2\/comments?post=80968"}],"version-history":[{"count":1,"href":"https:\/\/www.evafm.net\/sitio\/wp-json\/wp\/v2\/posts\/80968\/revisions"}],"predecessor-version":[{"id":80970,"href":"https:\/\/www.evafm.net\/sitio\/wp-json\/wp\/v2\/posts\/80968\/revisions\/80970"}],"wp:featuredmedia":[{"embeddable":true,"href":"https:\/\/www.evafm.net\/sitio\/wp-json\/wp\/v2\/media\/80969"}],"wp:attachment":[{"href":"https:\/\/www.evafm.net\/sitio\/wp-json\/wp\/v2\/media?parent=80968"}],"wp:term":[{"taxonomy":"category","embeddable":true,"href":"https:\/\/www.evafm.net\/sitio\/wp-json\/wp\/v2\/categories?post=80968"},{"taxonomy":"post_tag","embeddable":true,"href":"https:\/\/www.evafm.net\/sitio\/wp-json\/wp\/v2\/tags?post=80968"}],"curies":[{"name":"wp","href":"https:\/\/api.w.org\/{rel}","templated":true}]}}