{"id":80983,"date":"2024-06-09T17:25:13","date_gmt":"2024-06-09T22:25:13","guid":{"rendered":"https:\/\/www.evafm.net\/sitio\/?p=80983"},"modified":"2024-06-09T17:25:13","modified_gmt":"2024-06-09T22:25:13","slug":"yves-lampaert-logra-la-victoria-en-el-prologo-del-tour-de-suiza-etapa-1","status":"publish","type":"post","link":"https:\/\/www.evafm.net\/sitio\/yves-lampaert-logra-la-victoria-en-el-prologo-del-tour-de-suiza-etapa-1\/","title":{"rendered":"Yves Lampaert logra la victoria en el pr\u00f3logo del Tour de Suiza Etapa 1"},"content":{"rendered":"<p>El belga\u00a0<strong>Yves Lampaert\u00a0<\/strong>es el primer l\u00edder del\u00a0<strong>Tour de Suiza 2024 <\/strong>gan\u00f3 la contrarreloj individual con un tiempo de<strong> 5:05.<\/p>\n<p><\/strong>En el pr\u00f3logo llano de<strong>\u00a04,8 kil\u00f3metros<\/strong>\u00a0por los alrededores de\u00a0<strong>Vaduz<\/strong>\u00a0en\u00a0<strong>Liechtenstein<\/strong>, el corredor del\u00a0<strong>Soudal Quick-Step<\/strong><\/p>\n<p>fue el m\u00e1s r\u00e1pido.<\/p>\n<p>&nbsp;<\/p>\n<p>El europeo par\u00f3 los cron\u00f3metros en 5 minutos y 5 segundos, siendo tres segundos m\u00e1s r\u00e1pido que el suizo<\/p>\n<p><strong>Stefan Bissegger (EF Education-EasyPost)<\/strong>.<\/p>\n<p>Tercero termin\u00f3 el brit\u00e1nico\u00a0<strong>Ethan Hayter (INEOS Grenadiers)<\/strong>\u00a0tambi\u00e9n a 3 segundos.<\/p>\n<p>&nbsp;<\/p>\n<p><strong>Richard Carapaz<\/strong> comenz\u00f3 su participaci\u00f3n en el Tour de Suiza, una competencia de ocho etapas que usualmente sirve como<\/p>\n<p>preparaci\u00f3n para el <strong>Tour de Francia. <\/strong><\/p>\n<p>Es una carrera muy especial para el ciclista ecuatoriano, ya que gan\u00f3 la etapa reina y se coron\u00f3 campe\u00f3n de la clasificaci\u00f3n general<\/p>\n<p>en la edici\u00f3n de<strong> 2021.<\/strong><\/p>\n<p><strong>En este a\u00f1o, el Tour de Suiza est\u00e1 conformado por:<\/strong><\/p>\n<p>una contrarreloj individual, dos etapas de media monta\u00f1a, cuatro de alta monta\u00f1a y una cronoescalada en el \u00faltimo d\u00eda.<\/p>\n<p><strong>Richard Carapaz<\/strong> hizo un tiempo de 05:29 y culmin\u00f3 en el puesto 78, a 23 segundos del ganador, el belga <strong>Yves Lampaert. <\/strong><\/p>\n<p>Por su parte, el ecuatoriano<strong> Mart\u00edn L\u00f3pez<\/strong> tambi\u00e9n compite en este certamen.<\/p>\n<p>El ibarre\u00f1o se ubic\u00f3 en el puesto <strong>89, a 23 segundos del ganador.<\/strong><\/p>\n<p>El Tour de Suiza comenz\u00f3 este domingo 9 de junio, recorrer\u00e1 todo el territorio suizo y culminar\u00e1 el 16 de junio.<\/p>\n<p>En Ecuador, se podr\u00e1 observar por <strong>DSports y DGO. (D)<\/strong><\/p>\n<p><small><\/small><\/p>\n<p><strong>Etapa 2<\/strong> (media monta\u00f1a) De Vaduz a Regensdorf<\/p>\n<p><strong>Distancia:<\/strong> 176,9 kil\u00f3metros<\/p>\n<p><strong>Fecha:<\/strong> Lunes 10 de junio de 2024<\/p>\n<p><strong>Horario de transmisi\u00f3n:<\/strong> 08:00 (hora de Ecuador)<\/p>\n<h3>Tour de Suisse (2.UWT)<\/h3>\n<h4>Stage 1 (ITT) \u00a0\u00bb\u00a0 Vaduz \u203a Vaduz<\/h4>\n<div class=\"tabs-cont\">\n<ul class=\"tabs\">\n<li class=\"cur\"><\/li>\n<li class=\"\"><a class=\"tabnav\" href=\"https:\/\/www.procyclingstats.com\/widgets\/result.php?h=e6d7d613c870421e562c43c906bde38928b8a4dc\" data-id=\"301838\">GC<\/a><\/li>\n<li class=\"\"><a class=\"tabnav\" href=\"https:\/\/www.procyclingstats.com\/widgets\/result.php?h=e6d7d613c870421e562c43c906bde38928b8a4dc\" data-id=\"301839\">Teams<\/a><\/li>\n<li class=\"\"><a class=\"tabnav\" href=\"https:\/\/www.procyclingstats.com\/widgets\/result.php?h=e6d7d613c870421e562c43c906bde38928b8a4dc\" data-id=\"302034\">Points<\/a><\/li>\n<li class=\"\"><a class=\"tabnav\" href=\"https:\/\/www.procyclingstats.com\/widgets\/result.php?h=e6d7d613c870421e562c43c906bde38928b8a4dc\" data-id=\"302035\">Youth<\/a><\/li>\n<\/ul>\n<\/div>\n<ul class=\"results\">\n<li class=\"subreslinks\" data-id=\"290242\">\n<table>\n<thead>\n<tr>\n<th>Rnk<\/th>\n<th>Rider<\/th>\n<th>Team<\/th>\n<th>Time<\/th>\n<\/tr>\n<\/thead>\n<tbody>\n<tr>\n<td>1<\/td>\n<td>\u00a0LAMPAERT Yves<\/td>\n<td>Soudal Quick-Step<\/td>\n<td>5:05<\/td>\n<\/tr>\n<tr>\n<td>2<\/td>\n<td>\u00a0BISSEGGER Stefan<\/td>\n<td>EF Education &#8211; EasyPost<\/td>\n<td>0:03<\/td>\n<\/tr>\n<tr>\n<td>3<\/td>\n<td>\u00a0HAYTER Ethan<\/td>\n<td>INEOS Grenadiers<\/td>\n<td>0:04<\/td>\n<\/tr>\n<tr>\n<td>7<\/td>\n<td>\u00a0<a href=\"https:\/\/www.procyclingstats.com\/rider\/alberto-bettiol\" target=\"_blank\" rel=\"noopener\">BETTIOL Alberto<\/a><\/td>\n<td><a href=\"https:\/\/www.procyclingstats.com\/team\/ef-education-easypost-2024\" target=\"_blank\" rel=\"noopener\">EF Education &#8211; EasyPost<\/a><\/td>\n<td>0:09<\/td>\n<\/tr>\n<tr>\n<td>30<\/td>\n<td>\u00a0<a href=\"https:\/\/www.procyclingstats.com\/rider\/georg-steinhauser\" target=\"_blank\" rel=\"noopener\">STEINHAUSER Georg<\/a><\/td>\n<td><a href=\"https:\/\/www.procyclingstats.com\/team\/ef-education-easypost-2024\" target=\"_blank\" rel=\"noopener\">EF Education &#8211; EasyPost<\/a><\/td>\n<td>0:16<\/td>\n<\/tr>\n<tr>\n<td>34<\/td>\n<td>\u00a0<a href=\"https:\/\/www.procyclingstats.com\/rider\/marijn-van-den-berg\" target=\"_blank\" rel=\"noopener\">VAN DEN BERG Marijn<\/a><\/td>\n<td><a href=\"https:\/\/www.procyclingstats.com\/team\/ef-education-easypost-2024\" target=\"_blank\" rel=\"noopener\">EF Education &#8211; EasyPost<\/a><\/td>\n<td>0:17<\/td>\n<\/tr>\n<tr>\n<td>64<\/td>\n<td>\u00a0<a href=\"https:\/\/www.procyclingstats.com\/rider\/rui-costa\" target=\"_blank\" rel=\"noopener\">COSTA Rui<\/a><\/td>\n<td><a href=\"https:\/\/www.procyclingstats.com\/team\/ef-education-easypost-2024\" target=\"_blank\" rel=\"noopener\">EF Education &#8211; EasyPost<\/a><\/td>\n<td>0:21<\/td>\n<\/tr>\n<tr>\n<td>78<\/td>\n<td>\u00a0CARAPAZ Richard<\/td>\n<td>EF Education &#8211; EasyPost<\/td>\n<td>0:23<\/td>\n<\/tr>\n<tr>\n<td>97<\/td>\n<td>\u00a0<a href=\"https:\/\/www.procyclingstats.com\/rider\/james-shaw\" target=\"_blank\" rel=\"noopener\">SHAW James<\/a><\/td>\n<td><a href=\"https:\/\/www.procyclingstats.com\/team\/ef-education-easypost-2024\" target=\"_blank\" rel=\"noopener\">EF Education &#8211; EasyPost<\/a><\/td>\n<td>0:25<\/td>\n<\/tr>\n<\/tbody>\n<\/table>\n<\/li>\n<\/ul>\n<p>&nbsp;<\/p>\n<blockquote class=\"twitter-tweet\" data-width=\"550\" data-dnt=\"true\">\n<p lang=\"es\" dir=\"ltr\">\u00a1EL BELGA FUE EL GANADOR! \ud83d\udeb4\u200d\u2642\ufe0f<\/p>\n<p>Yves Lampaert del Soudal se qued\u00f3 con la primera jornada y es el l\u00edder del <a href=\"https:\/\/twitter.com\/hashtag\/TourdeSuizaEnDSPORTS?src=hash&amp;ref_src=twsrc%5Etfw\">#TourdeSuizaEnDSPORTS<\/a>. <\/p>\n<p>\u23f1\ufe0f 5&#39;05&quot; fue su tiempo registrado en el pr\u00f3logo de 4.7 kil\u00f3metros de recorrido.<a href=\"https:\/\/twitter.com\/hashtag\/CiclismoAsiDSPORTS?src=hash&amp;ref_src=twsrc%5Etfw\">#CiclismoAsiDSPORTS<\/a> <\/p>\n<p>\ud83c\udf99\ufe0f <a href=\"https:\/\/twitter.com\/CastellanosCami?ref_src=twsrc%5Etfw\">@CastellanosCami<\/a> <a href=\"https:\/\/t.co\/8mrbK0KLle\">pic.twitter.com\/8mrbK0KLle<\/a><\/p>\n<p>&mdash; DSPORTS (@DSports) <a href=\"https:\/\/twitter.com\/DSports\/status\/1799820339267911709?ref_src=twsrc%5Etfw\">June 9, 2024<\/a><\/p><\/blockquote>\n<p><script async src=\"https:\/\/platform.twitter.com\/widgets.js\" charset=\"utf-8\"><\/script><\/p>\n<p>&nbsp;<\/p>\n<blockquote class=\"twitter-tweet\" data-width=\"550\" data-dnt=\"true\">\n<p lang=\"es\" dir=\"ltr\">\u00a1RUEDA RICHI! \ud83c\uddea\ud83c\udde8<\/p>\n<p>As\u00ed fue la salida de Richard Carapaz, el campe\u00f3n nacional de CRI en Ecuador, luciendo el tricolor en el pecho. \ud83d\udeb4\u200d\u2642\ufe0f<\/p>\n<p>\u00a1Vive el <a href=\"https:\/\/twitter.com\/hashtag\/TourDeSuizaEnDSPORTS?src=hash&amp;ref_src=twsrc%5Etfw\">#TourDeSuizaEnDSPORTS<\/a>! <\/p>\n<p>\ud83c\udf99\ufe0f <a href=\"https:\/\/twitter.com\/CastellanosCami?ref_src=twsrc%5Etfw\">@CastellanosCami<\/a> <a href=\"https:\/\/t.co\/puoNiSdZle\">pic.twitter.com\/puoNiSdZle<\/a><\/p>\n<p>&mdash; DSPORTS (@DSports) <a href=\"https:\/\/twitter.com\/DSports\/status\/1799792695252062702?ref_src=twsrc%5Etfw\">June 9, 2024<\/a><\/p><\/blockquote>\n<p><script async src=\"https:\/\/platform.twitter.com\/widgets.js\" charset=\"utf-8\"><\/script><\/p>\n<p>&nbsp;<\/p>\n<p>&nbsp;<\/p>\n<p>&nbsp;<\/p>\n<blockquote class=\"twitter-tweet\" data-width=\"550\" data-dnt=\"true\">\n<p lang=\"es\" dir=\"ltr\">\u00a1LLEG\u00d3 CARAPAZ! \ud83c\uddea\ud83c\udde8<\/p>\n<p>El ecuatoriano detuvo el reloj en 5&#39;28&quot; durante el pr\u00f3logo inicial del <a href=\"https:\/\/twitter.com\/hashtag\/TourDeSuizaEnDSPORTS?src=hash&amp;ref_src=twsrc%5Etfw\">#TourDeSuizaEnDSPORTS<\/a>. <\/p>\n<p>\u25b6\ufe0f Parcialmente Egan Bernal es el latino mejor clasificado. \ud83d\udeb4\u200d\u2642\ufe0f<a href=\"https:\/\/twitter.com\/hashtag\/CiclismoAsiDSPORTS?src=hash&amp;ref_src=twsrc%5Etfw\">#CiclismoAsiDSPORTS<\/a> <\/p>\n<p>\ud83c\udf99\ufe0f <a href=\"https:\/\/twitter.com\/CastellanosCami?ref_src=twsrc%5Etfw\">@CastellanosCami<\/a> <a href=\"https:\/\/t.co\/rvtYDES82o\">pic.twitter.com\/rvtYDES82o<\/a><\/p>\n<p>&mdash; DSPORTS (@DSports) <a href=\"https:\/\/twitter.com\/DSports\/status\/1799793871229988959?ref_src=twsrc%5Etfw\">June 9, 2024<\/a><\/p><\/blockquote>\n<p><script async src=\"https:\/\/platform.twitter.com\/widgets.js\" charset=\"utf-8\"><\/script><\/p>\n<p>&nbsp;<\/p>\n<p>Fuente: evafm.net &#8211; primicias.ec<\/p>\n<div class=\"gsp_post_data\" \r\n\t            data-post_type=\"post\" \r\n\t            data-cat=\"deportes-internacionales\" \r\n\t            data-modified=\"120\"\r\n\t            data-created=\"1717953913\"\r\n\t            data-title=\"Yves Lampaert logra la victoria en el pr\u00f3logo del Tour de Suiza Etapa 1\" \r\n\t            data-home=\"https:\/\/www.evafm.net\/sitio\"><\/div>","protected":false},"excerpt":{"rendered":"<p>El belga\u00a0Yves Lampaert\u00a0es el primer l\u00edder del\u00a0Tour de Suiza 2024 gan\u00f3 la contrarreloj individual con un tiempo de 5:05. En el pr\u00f3logo llano de\u00a04,8 kil\u00f3metros\u00a0por los alrededores de\u00a0Vaduz\u00a0en\u00a0Liechtenstein, el corredor del\u00a0Soudal Quick-Step fue el m\u00e1s r\u00e1pido. &nbsp; El europeo par\u00f3 los cron\u00f3metros en 5 minutos y 5 segundos, siendo tres segundos m\u00e1s r\u00e1pido que el&#8230;<\/p>\n","protected":false},"author":5,"featured_media":80984,"comment_status":"closed","ping_status":"open","sticky":false,"template":"","format":"standard","meta":{"_joinchat":[],"footnotes":""},"categories":[1342],"tags":[],"class_list":["post-80983","post","type-post","status-publish","format-standard","has-post-thumbnail","hentry","category-deportes-internacionales","have-post-thumb"],"_links":{"self":[{"href":"https:\/\/www.evafm.net\/sitio\/wp-json\/wp\/v2\/posts\/80983","targetHints":{"allow":["GET"]}}],"collection":[{"href":"https:\/\/www.evafm.net\/sitio\/wp-json\/wp\/v2\/posts"}],"about":[{"href":"https:\/\/www.evafm.net\/sitio\/wp-json\/wp\/v2\/types\/post"}],"author":[{"embeddable":true,"href":"https:\/\/www.evafm.net\/sitio\/wp-json\/wp\/v2\/users\/5"}],"replies":[{"embeddable":true,"href":"https:\/\/www.evafm.net\/sitio\/wp-json\/wp\/v2\/comments?post=80983"}],"version-history":[{"count":1,"href":"https:\/\/www.evafm.net\/sitio\/wp-json\/wp\/v2\/posts\/80983\/revisions"}],"predecessor-version":[{"id":80985,"href":"https:\/\/www.evafm.net\/sitio\/wp-json\/wp\/v2\/posts\/80983\/revisions\/80985"}],"wp:featuredmedia":[{"embeddable":true,"href":"https:\/\/www.evafm.net\/sitio\/wp-json\/wp\/v2\/media\/80984"}],"wp:attachment":[{"href":"https:\/\/www.evafm.net\/sitio\/wp-json\/wp\/v2\/media?parent=80983"}],"wp:term":[{"taxonomy":"category","embeddable":true,"href":"https:\/\/www.evafm.net\/sitio\/wp-json\/wp\/v2\/categories?post=80983"},{"taxonomy":"post_tag","embeddable":true,"href":"https:\/\/www.evafm.net\/sitio\/wp-json\/wp\/v2\/tags?post=80983"}],"curies":[{"name":"wp","href":"https:\/\/api.w.org\/{rel}","templated":true}]}}