{"id":81002,"date":"2024-06-10T13:11:53","date_gmt":"2024-06-10T18:11:53","guid":{"rendered":"https:\/\/www.evafm.net\/sitio\/?p=81002"},"modified":"2024-06-10T13:11:53","modified_gmt":"2024-06-10T18:11:53","slug":"bryan-coquard-se-lleva-la-etapa-2-de-tour-de-suiza","status":"publish","type":"post","link":"https:\/\/www.evafm.net\/sitio\/bryan-coquard-se-lleva-la-etapa-2-de-tour-de-suiza\/","title":{"rendered":"Bryan Coquard se lleva la Etapa 2 de Tour de Suiza"},"content":{"rendered":"<p>El ciclista franc\u00e9s <strong>Bryan Coquard (Cofidis)<\/strong> gan\u00f3 este lunes la segunda etapa del Tour de Suiza, disputada entre<\/p>\n<p>Vaduz y Regensdorf sobre 177,3 kil\u00f3metros,\u00a0<b>en un largo esprint en una recta interminable en el que super\u00f3 <\/b><\/p>\n<p><b>a Michael Matthews\u00a0<\/b>(Team Jayco AlUla) y Arnaud De Lie (Lotto Dstny), mientras que\u00a0<b>el belga Yves Lampaert<\/b><\/p>\n<p><b> (Soudal Quick-Step) sigue l\u00edder<\/b>\u00a0de la general.<\/p>\n<p>&nbsp;<\/p>\n<p><strong>Richard Carapaz<\/strong> realiz\u00f3 un importante esfuerzo en la <strong>Etapa 2 del Tour de Suiza. <\/strong><\/p>\n<p>El ecuatoriano hizo un trabajo inteligente a favor de su equipo y finaliz\u00f3 con el grupo de los favoritos en esta jornada.<\/p>\n<p>&nbsp;<\/p>\n<p>La etapa se defini\u00f3 en los \u00faltimos 10 kil\u00f3metros.<\/p>\n<p>Luego de un ascenso de tercera categor\u00eda, un grupo de 40 ciclistas, en el que estaba Carapaz, descendi\u00f3 vertiginosamente<\/p>\n<p>hasta llegar a la meta.<\/p>\n<p>A cinco kil\u00f3metros del final, el carchense trabaj\u00f3 para que su compa\u00f1ero <strong>Alberto Bettiol<\/strong> ataque y busque la etapa.<\/p>\n<p>Sin embargo, el italiano no pudo sacar una ventaja importante y fue capturado.<\/p>\n<p><strong>Richard Carapaz<\/strong> lleg\u00f3 con el resto del grupo, en el puesto 15, y con el mismo tiempo del ganador.<\/p>\n<p>&nbsp;<\/p>\n<p>Por su parte, el ecuatoriano<strong> Mart\u00edn L\u00f3pez,<\/strong> del Astana Qazaqstan Team, culmin\u00f3 en el puesto 77, de igual manera<\/p>\n<p>con el mismo tiempo que el ganador.<\/p>\n<p>&nbsp;<\/p>\n<p>En la clasificaci\u00f3n general, Richard Carapaz ascendi\u00f3 24 posiciones y se ubica en el puesto 54, a 23 segundos del l\u00edder<\/p>\n<p>el belga Yves Lampaerte, mientras que Mart\u00edn L\u00f3pez est\u00e1 en el puesto 61, a 24 segundos.<\/p>\n<p>&nbsp;<\/p>\n<p>El Tour de Suiza est\u00e1 compuesto por ocho etapas y se disputa del <strong>9 al 16 de junio. <\/strong><\/p>\n<p>El evento es transmitido en exclusiva por <strong>DSports y DGO. <\/strong><strong>(D)<\/strong><\/p>\n<p>&nbsp;<\/p>\n<p><strong>Etapa 3 (media monta\u00f1a)<\/strong><\/p>\n<p>De Steinmaur a R\u00fcschlikon<\/p>\n<p>Distancia: 161,7 kil\u00f3metros<\/p>\n<p>Fecha: Martes 11 de junio de 2024<\/p>\n<p>Horario de transmisi\u00f3n: 08:00\u00a0<strong>(hora de Ecuador)<\/strong><\/p>\n<p>&nbsp;<\/p>\n<blockquote class=\"twitter-tweet\" data-width=\"550\" data-dnt=\"true\">\n<p lang=\"es\" dir=\"ltr\">\u00a1SU VICTORIA #52! \ud83c\uddeb\ud83c\uddf7<\/p>\n<p>El franc\u00e9s Bryan Coquard celebr\u00f3 en la segunda fracci\u00f3n del <a href=\"https:\/\/twitter.com\/hashtag\/TourDeSuizaEnDSPORTS?src=hash&amp;ref_src=twsrc%5Etfw\">#TourDeSuizaEnDSPORTS<\/a>.  \ud83d\udeb4\u200d\u2642\ufe0f<\/p>\n<p>\u25b6\ufe0f El colombiano Brandon Rivera termin\u00f3 en la cuarta posici\u00f3n. \ud83c\udde8\ud83c\uddf4<a href=\"https:\/\/twitter.com\/hashtag\/CiclismoAsiDSPORTS?src=hash&amp;ref_src=twsrc%5Etfw\">#CiclismoAsiDSPORTS<\/a>  \ud83c\udde8\ud83c\udded<\/p>\n<p>\ud83c\udf99\ufe0f <a href=\"https:\/\/twitter.com\/CastellanosCami?ref_src=twsrc%5Etfw\">@CastellanosCami<\/a> <a href=\"https:\/\/t.co\/34xBqLQSBc\">pic.twitter.com\/34xBqLQSBc<\/a><\/p>\n<p>&mdash; DSPORTS (@DSports) <a href=\"https:\/\/twitter.com\/DSports\/status\/1800182787128836502?ref_src=twsrc%5Etfw\">June 10, 2024<\/a><\/p><\/blockquote>\n<p><script async src=\"https:\/\/platform.twitter.com\/widgets.js\" charset=\"utf-8\"><\/script><\/p>\n<p>&nbsp;<\/p>\n<h3>Tour de Suisse (2.UWT)<\/h3>\n<h4>Stage 2 \u00a0\u00bb\u00a0 Vaduz \u203a Regensdorf<\/h4>\n<ul class=\"results\">\n<li class=\"subreslinks\" data-id=\"290243\">\n<h5>Stage<\/h5>\n<table>\n<thead>\n<tr>\n<th>Rnk<\/th>\n<th>Rider<\/th>\n<th>Team<\/th>\n<th>Time<\/th>\n<\/tr>\n<\/thead>\n<tbody>\n<tr>\n<td>1<\/td>\n<td>\u00a0COQUARD Bryan<\/td>\n<td>Cofidis<\/td>\n<td>4:06:39<\/td>\n<\/tr>\n<tr>\n<td>2<\/td>\n<td>\u00a0<a href=\"https:\/\/www.procyclingstats.com\/rider\/michael-matthews\" target=\"_blank\" rel=\"noopener\">MATTHEWS Michael<\/a><\/td>\n<td><a href=\"https:\/\/www.procyclingstats.com\/team\/team-jayco-alula-2024\" target=\"_blank\" rel=\"noopener\">Team Jayco AlUla<\/a><\/td>\n<td>0:00<\/td>\n<\/tr>\n<tr>\n<td>3<\/td>\n<td>\u00a0<a href=\"https:\/\/www.procyclingstats.com\/rider\/arnaud-de-lie\" target=\"_blank\" rel=\"noopener\">DE LIE Arnaud<\/a><\/td>\n<td><a href=\"https:\/\/www.procyclingstats.com\/team\/lotto-dstny-2024\" target=\"_blank\" rel=\"noopener\">Lotto Dstny<\/a><\/td>\n<td>0:00<\/td>\n<\/tr>\n<tr>\n<td>5<\/td>\n<td>\u00a0<a href=\"https:\/\/www.procyclingstats.com\/rider\/rui-costa\" target=\"_blank\" rel=\"noopener\">COSTA Rui<\/a><\/td>\n<td><a href=\"https:\/\/www.procyclingstats.com\/team\/ef-education-easypost-2024\" target=\"_blank\" rel=\"noopener\">EF Education &#8211; EasyPost<\/a><\/td>\n<td>0:00<\/td>\n<\/tr>\n<tr>\n<td>15<\/td>\n<td>\u00a0CARAPAZ Richard<\/td>\n<td>EF Education &#8211; EasyPost<\/td>\n<td>0:00<\/td>\n<\/tr>\n<tr>\n<td>49<\/td>\n<td>\u00a0<a href=\"https:\/\/www.procyclingstats.com\/rider\/georg-steinhauser\" target=\"_blank\" rel=\"noopener\">STEINHAUSER Georg<\/a><\/td>\n<td><a href=\"https:\/\/www.procyclingstats.com\/team\/ef-education-easypost-2024\" target=\"_blank\" rel=\"noopener\">EF Education &#8211; EasyPost<\/a><\/td>\n<td>0:00<\/td>\n<\/tr>\n<tr>\n<td>55<\/td>\n<td>\u00a0<a href=\"https:\/\/www.procyclingstats.com\/rider\/marijn-van-den-berg\" target=\"_blank\" rel=\"noopener\">VAN DEN BERG Marijn<\/a><\/td>\n<td><a href=\"https:\/\/www.procyclingstats.com\/team\/ef-education-easypost-2024\" target=\"_blank\" rel=\"noopener\">EF Education &#8211; EasyPost<\/a><\/td>\n<td>0:00<\/td>\n<\/tr>\n<tr>\n<td>68<\/td>\n<td>\u00a0<a href=\"https:\/\/www.procyclingstats.com\/rider\/james-shaw\" target=\"_blank\" rel=\"noopener\">SHAW James<\/a><\/td>\n<td><a href=\"https:\/\/www.procyclingstats.com\/team\/ef-education-easypost-2024\" target=\"_blank\" rel=\"noopener\">EF Education &#8211; EasyPost<\/a><\/td>\n<td>0:00<\/td>\n<\/tr>\n<tr>\n<td>74<\/td>\n<td>\u00a0<a href=\"https:\/\/www.procyclingstats.com\/rider\/alberto-bettiol\" target=\"_blank\" rel=\"noopener\">BETTIOL Alberto<\/a><\/td>\n<td><a href=\"https:\/\/www.procyclingstats.com\/team\/ef-education-easypost-2024\" target=\"_blank\" rel=\"noopener\">EF Education &#8211; EasyPost<\/a><\/td>\n<td>0:00<\/td>\n<\/tr>\n<tr>\n<td>143<\/td>\n<td>\u00a0<a href=\"https:\/\/www.procyclingstats.com\/rider\/stefan-bissegger\" target=\"_blank\" rel=\"noopener\">BISSEGGER Stefan<\/a><\/td>\n<td><a href=\"https:\/\/www.procyclingstats.com\/team\/ef-education-easypost-2024\" target=\"_blank\" rel=\"noopener\">EF Education &#8211; EasyPost<\/a><\/td>\n<td>6:05<\/td>\n<\/tr>\n<\/tbody>\n<\/table>\n<\/li>\n<li class=\"subreslinks\" data-id=\"302057\">\n<h5>GC<\/h5>\n<table>\n<thead>\n<tr>\n<th>Rnk<\/th>\n<th>Rider<\/th>\n<th>Team<\/th>\n<th>Time<\/th>\n<\/tr>\n<\/thead>\n<tbody>\n<tr>\n<td>1<\/td>\n<td>\u00a0LAMPAERT Yves<\/td>\n<td>Soudal Quick-Step<\/td>\n<td>4:11:44<\/td>\n<\/tr>\n<tr>\n<td>2<\/td>\n<td>\u00a0<a href=\"https:\/\/www.procyclingstats.com\/rider\/ethan-hayter\" target=\"_blank\" rel=\"noopener\">HAYTER Ethan<\/a><\/td>\n<td><a href=\"https:\/\/www.procyclingstats.com\/team\/ineos-grenadiers-2024\" target=\"_blank\" rel=\"noopener\">INEOS Grenadiers<\/a><\/td>\n<td>0:04<\/td>\n<\/tr>\n<tr>\n<td>3<\/td>\n<td>\u00a0<a href=\"https:\/\/www.procyclingstats.com\/rider\/joao-almeida\" target=\"_blank\" rel=\"noopener\">ALMEIDA Jo\u00e3o<\/a><\/td>\n<td><a href=\"https:\/\/www.procyclingstats.com\/team\/uae-team-emirates-2024\" target=\"_blank\" rel=\"noopener\">UAE Team Emirates<\/a><\/td>\n<td>0:07<\/td>\n<\/tr>\n<tr>\n<td>7<\/td>\n<td>\u00a0<a href=\"https:\/\/www.procyclingstats.com\/rider\/alberto-bettiol\" target=\"_blank\" rel=\"noopener\">BETTIOL Alberto<\/a><\/td>\n<td><a href=\"https:\/\/www.procyclingstats.com\/team\/ef-education-easypost-2024\" target=\"_blank\" rel=\"noopener\">EF Education &#8211; EasyPost<\/a><\/td>\n<td>0:09<\/td>\n<\/tr>\n<tr>\n<td>26<\/td>\n<td>\u00a0<a href=\"https:\/\/www.procyclingstats.com\/rider\/georg-steinhauser\" target=\"_blank\" rel=\"noopener\">STEINHAUSER Georg<\/a><\/td>\n<td><a href=\"https:\/\/www.procyclingstats.com\/team\/ef-education-easypost-2024\" target=\"_blank\" rel=\"noopener\">EF Education &#8211; EasyPost<\/a><\/td>\n<td>0:16<\/td>\n<\/tr>\n<tr>\n<td>29<\/td>\n<td>\u00a0<a href=\"https:\/\/www.procyclingstats.com\/rider\/marijn-van-den-berg\" target=\"_blank\" rel=\"noopener\">VAN DEN BERG Marijn<\/a><\/td>\n<td><a href=\"https:\/\/www.procyclingstats.com\/team\/ef-education-easypost-2024\" target=\"_blank\" rel=\"noopener\">EF Education &#8211; EasyPost<\/a><\/td>\n<td>0:17<\/td>\n<\/tr>\n<tr>\n<td>48<\/td>\n<td>\u00a0<a href=\"https:\/\/www.procyclingstats.com\/rider\/rui-costa\" target=\"_blank\" rel=\"noopener\">COSTA Rui<\/a><\/td>\n<td><a href=\"https:\/\/www.procyclingstats.com\/team\/ef-education-easypost-2024\" target=\"_blank\" rel=\"noopener\">EF Education &#8211; EasyPost<\/a><\/td>\n<td>0:21<\/td>\n<\/tr>\n<tr>\n<td>54<\/td>\n<td>\u00a0CARAPAZ Richard<\/td>\n<td>EF Education &#8211; EasyPost<\/td>\n<td>0:23<\/td>\n<\/tr>\n<tr>\n<td>64<\/td>\n<td>\u00a0<a href=\"https:\/\/www.procyclingstats.com\/rider\/james-shaw\" target=\"_blank\" rel=\"noopener\">SHAW James<\/a><\/td>\n<td><a href=\"https:\/\/www.procyclingstats.com\/team\/ef-education-easypost-2024\" target=\"_blank\" rel=\"noopener\">EF Education &#8211; EasyPost<\/a><\/td>\n<td>0:25<\/td>\n<\/tr>\n<tr>\n<td>126<\/td>\n<td>\u00a0<a href=\"https:\/\/www.procyclingstats.com\/rider\/stefan-bissegger\" target=\"_blank\" rel=\"noopener\">BISSEGGER Stefan<\/a><\/td>\n<td><a href=\"https:\/\/www.procyclingstats.com\/team\/ef-education-easypost-2024\" target=\"_blank\" rel=\"noopener\">EF Education &#8211; EasyPost<\/a><\/td>\n<td>6:08<\/td>\n<\/tr>\n<\/tbody>\n<\/table>\n<\/li>\n<\/ul>\n<div class=\"powered_by\"><img decoding=\"async\" src=\"https:\/\/www.procyclingstats.com\/images\/pcs_small.png\" \/>\u00a0Results powered by\u00a0www.procyclingstats.com<\/div>\n<p>&nbsp;<\/p>\n<p>Fuente: evafm.net &#8211; primicias.ec<\/p>\n<div class=\"gsp_post_data\" \r\n\t            data-post_type=\"post\" \r\n\t            data-cat=\"deportes-internacionales\" \r\n\t            data-modified=\"120\"\r\n\t            data-created=\"1718025113\"\r\n\t            data-title=\"Bryan Coquard se lleva la Etapa 2 de Tour de Suiza\" \r\n\t            data-home=\"https:\/\/www.evafm.net\/sitio\"><\/div>","protected":false},"excerpt":{"rendered":"<p>El ciclista franc\u00e9s Bryan Coquard (Cofidis) gan\u00f3 este lunes la segunda etapa del Tour de Suiza, disputada entre Vaduz y Regensdorf sobre 177,3 kil\u00f3metros,\u00a0en un largo esprint en una recta interminable en el que super\u00f3 a Michael Matthews\u00a0(Team Jayco AlUla) y Arnaud De Lie (Lotto Dstny), mientras que\u00a0el belga Yves Lampaert (Soudal Quick-Step) sigue l\u00edder\u00a0de&#8230;<\/p>\n","protected":false},"author":5,"featured_media":81004,"comment_status":"closed","ping_status":"open","sticky":false,"template":"","format":"standard","meta":{"_joinchat":[],"footnotes":""},"categories":[1342],"tags":[],"class_list":["post-81002","post","type-post","status-publish","format-standard","has-post-thumbnail","hentry","category-deportes-internacionales","have-post-thumb"],"_links":{"self":[{"href":"https:\/\/www.evafm.net\/sitio\/wp-json\/wp\/v2\/posts\/81002","targetHints":{"allow":["GET"]}}],"collection":[{"href":"https:\/\/www.evafm.net\/sitio\/wp-json\/wp\/v2\/posts"}],"about":[{"href":"https:\/\/www.evafm.net\/sitio\/wp-json\/wp\/v2\/types\/post"}],"author":[{"embeddable":true,"href":"https:\/\/www.evafm.net\/sitio\/wp-json\/wp\/v2\/users\/5"}],"replies":[{"embeddable":true,"href":"https:\/\/www.evafm.net\/sitio\/wp-json\/wp\/v2\/comments?post=81002"}],"version-history":[{"count":1,"href":"https:\/\/www.evafm.net\/sitio\/wp-json\/wp\/v2\/posts\/81002\/revisions"}],"predecessor-version":[{"id":81005,"href":"https:\/\/www.evafm.net\/sitio\/wp-json\/wp\/v2\/posts\/81002\/revisions\/81005"}],"wp:featuredmedia":[{"embeddable":true,"href":"https:\/\/www.evafm.net\/sitio\/wp-json\/wp\/v2\/media\/81004"}],"wp:attachment":[{"href":"https:\/\/www.evafm.net\/sitio\/wp-json\/wp\/v2\/media?parent=81002"}],"wp:term":[{"taxonomy":"category","embeddable":true,"href":"https:\/\/www.evafm.net\/sitio\/wp-json\/wp\/v2\/categories?post=81002"},{"taxonomy":"post_tag","embeddable":true,"href":"https:\/\/www.evafm.net\/sitio\/wp-json\/wp\/v2\/tags?post=81002"}],"curies":[{"name":"wp","href":"https:\/\/api.w.org\/{rel}","templated":true}]}}