{"id":81013,"date":"2024-06-10T15:27:15","date_gmt":"2024-06-10T20:27:15","guid":{"rendered":"https:\/\/www.evafm.net\/sitio\/?p=81013"},"modified":"2024-06-10T15:27:48","modified_gmt":"2024-06-10T20:27:48","slug":"jeison-medina-nuevo-refuerzo-de-idv","status":"publish","type":"post","link":"https:\/\/www.evafm.net\/sitio\/jeison-medina-nuevo-refuerzo-de-idv\/","title":{"rendered":"Jeison Medina, nuevo refuerzo de IDV"},"content":{"rendered":"<p>\u201cEs una gran noticia para IDV la llegada del jugador\u201d,\u00a0<strong>lo manifest\u00f3 Andr\u00e9s Larriva, directivo de IDV, a STUDIO F\u00daTBOL<\/strong>.<\/p>\n<p>Jeison Medina, delantero colombiano de 29 a\u00f1os de edad, lleg\u00f3 a un acuerdo el pasado domingo con Independiente del Valle.<\/p>\n<p>&nbsp;<\/p>\n<p>Jeison Medina, delantero colombiano de 29 a\u00f1os de edad, lleg\u00f3 a un acuerdo el pasado domingo con <strong>Independiente del Valle.<\/strong><\/p>\n<p>&nbsp;<\/p>\n<p>Tras su salida de Sociedad Deportiva Aucas, el goleador tuvo ofertas de 2 clubes de Libertadores, 2 de Catar y el inter\u00e9s de Atl\u00e9tico Nacional<\/p>\n<p>&nbsp;<\/p>\n<p>El atacante firmar\u00e1 contrato por 3 a\u00f1os y medio con los actuales ganadores de la <strong>Fase 1 de la LigaPro ECUABET 2024.<\/strong><\/p>\n<p>Le compraron la ficha por <strong>$385.000<\/strong>.<\/p>\n<p>Para este lunes estaban programados sus ex\u00e1menes m\u00e9dicos. <strong>(D)<\/strong><\/p>\n<p>&nbsp;<\/p>\n<p>&nbsp;<\/p>\n<blockquote class=\"twitter-tweet\" data-width=\"550\" data-dnt=\"true\">\n<p lang=\"und\" dir=\"ltr\">\u231b\ufe0f\ud83d\udd2a\ud83d\udd1c &#8230;.. <a href=\"https:\/\/t.co\/HCIjo7yZP6\">pic.twitter.com\/HCIjo7yZP6<\/a><\/p>\n<p>&mdash; Independiente del Valle (@IDV_EC) <a href=\"https:\/\/twitter.com\/IDV_EC\/status\/1800245326064108021?ref_src=twsrc%5Etfw\">June 10, 2024<\/a><\/p><\/blockquote>\n<p><script async src=\"https:\/\/platform.twitter.com\/widgets.js\" charset=\"utf-8\"><\/script><\/p>\n<p>&nbsp;<\/p>\n<blockquote class=\"twitter-tweet\" data-width=\"550\" data-dnt=\"true\">\n<p lang=\"es\" dir=\"ltr\">Un nuevo \ud83c\udd95  Killer \ud83d\udd2a\u26bd\ud83e\udd45  llega a Casa \ud83c\udfe1<br \/>Bienvenido Jeison \ud83c\udfad Medina a <a href=\"https:\/\/twitter.com\/hashtag\/UnClubDiferente?src=hash&amp;ref_src=twsrc%5Etfw\">#UnClubDiferente<\/a> <a href=\"https:\/\/t.co\/RVTCd52G3z\">pic.twitter.com\/RVTCd52G3z<\/a><\/p>\n<p>&mdash; Independiente del Valle (@IDV_EC) <a href=\"https:\/\/twitter.com\/IDV_EC\/status\/1800259137365815417?ref_src=twsrc%5Etfw\">June 10, 2024<\/a><\/p><\/blockquote>\n<p><script async src=\"https:\/\/platform.twitter.com\/widgets.js\" charset=\"utf-8\"><\/script><\/p>\n<p>&nbsp;<\/p>\n<p>Fuente: evafm.net &#8211; primicias.ec<\/p>\n<div class=\"gsp_post_data\" \r\n\t            data-post_type=\"post\" \r\n\t            data-cat=\"deportes-ecuador,general\" \r\n\t            data-modified=\"120\"\r\n\t            data-created=\"1718033235\"\r\n\t            data-title=\"Jeison Medina, nuevo refuerzo de IDV\" \r\n\t            data-home=\"https:\/\/www.evafm.net\/sitio\"><\/div>","protected":false},"excerpt":{"rendered":"<p>\u201cEs una gran noticia para IDV la llegada del jugador\u201d,\u00a0lo manifest\u00f3 Andr\u00e9s Larriva, directivo de IDV, a STUDIO F\u00daTBOL. Jeison Medina, delantero colombiano de 29 a\u00f1os de edad, lleg\u00f3 a un acuerdo el pasado domingo con Independiente del Valle. &nbsp; Jeison Medina, delantero colombiano de 29 a\u00f1os de edad, lleg\u00f3 a un acuerdo el pasado&#8230;<\/p>\n","protected":false},"author":5,"featured_media":81014,"comment_status":"closed","ping_status":"open","sticky":false,"template":"","format":"standard","meta":{"_joinchat":[],"footnotes":""},"categories":[1557,1720],"tags":[],"class_list":["post-81013","post","type-post","status-publish","format-standard","has-post-thumbnail","hentry","category-deportes-ecuador","category-general","have-post-thumb"],"_links":{"self":[{"href":"https:\/\/www.evafm.net\/sitio\/wp-json\/wp\/v2\/posts\/81013","targetHints":{"allow":["GET"]}}],"collection":[{"href":"https:\/\/www.evafm.net\/sitio\/wp-json\/wp\/v2\/posts"}],"about":[{"href":"https:\/\/www.evafm.net\/sitio\/wp-json\/wp\/v2\/types\/post"}],"author":[{"embeddable":true,"href":"https:\/\/www.evafm.net\/sitio\/wp-json\/wp\/v2\/users\/5"}],"replies":[{"embeddable":true,"href":"https:\/\/www.evafm.net\/sitio\/wp-json\/wp\/v2\/comments?post=81013"}],"version-history":[{"count":1,"href":"https:\/\/www.evafm.net\/sitio\/wp-json\/wp\/v2\/posts\/81013\/revisions"}],"predecessor-version":[{"id":81015,"href":"https:\/\/www.evafm.net\/sitio\/wp-json\/wp\/v2\/posts\/81013\/revisions\/81015"}],"wp:featuredmedia":[{"embeddable":true,"href":"https:\/\/www.evafm.net\/sitio\/wp-json\/wp\/v2\/media\/81014"}],"wp:attachment":[{"href":"https:\/\/www.evafm.net\/sitio\/wp-json\/wp\/v2\/media?parent=81013"}],"wp:term":[{"taxonomy":"category","embeddable":true,"href":"https:\/\/www.evafm.net\/sitio\/wp-json\/wp\/v2\/categories?post=81013"},{"taxonomy":"post_tag","embeddable":true,"href":"https:\/\/www.evafm.net\/sitio\/wp-json\/wp\/v2\/tags?post=81013"}],"curies":[{"name":"wp","href":"https:\/\/api.w.org\/{rel}","templated":true}]}}