{"id":81018,"date":"2024-06-11T13:44:38","date_gmt":"2024-06-11T18:44:38","guid":{"rendered":"https:\/\/www.evafm.net\/sitio\/?p=81018"},"modified":"2024-06-11T13:44:38","modified_gmt":"2024-06-11T18:44:38","slug":"thibau-nys-gana-la-etapa-3-del-tour-de-suiza","status":"publish","type":"post","link":"https:\/\/www.evafm.net\/sitio\/thibau-nys-gana-la-etapa-3-del-tour-de-suiza\/","title":{"rendered":"Thibau Nys gana la Etapa 3 del Tour de Suiza"},"content":{"rendered":"<p>La tercera etapa del\u00a0<strong>Tour de Suiza 2024\u00a0<\/strong>qued\u00f3 en manos de\u00a0<strong>Thibau Nys<\/strong>.<\/p>\n<p>El belga, de 21 a\u00f1os, gan\u00f3 un sprint cuesta arriba despu\u00e9s de una final particularmente dif\u00edcil, luego de recorrer\u00a0<strong>161,7 kil\u00f3metros\u00a0<\/strong>entre\u00a0<strong>Steinmaur\u00a0<\/strong>y\u00a0<strong>R\u00fcschlikon<\/strong>.<\/p>\n<p>&nbsp;<\/p>\n<p>El corredor del<strong>\u00a0Lidl-Trek\u00a0<\/strong>super\u00f3 en el embalaje al brit\u00e1nico\u00a0<strong>Stephen Williams<\/strong>\u00a0<strong>(Israel \u2013 Premier Tech)\u00a0<\/strong>2\u00b0 y al<\/p>\n<p>italiano\u00a0<strong>Alberto Bettiol (EF Education \u2013 EasyPost)<\/strong>, quien cruz\u00f3 la l\u00ednea de tercero y con las bonificaciones de tiempo<\/p>\n<p>obtenidas se adue\u00f1\u00f3 del maillot amarillo de l\u00edder.<\/p>\n<p>&nbsp;<\/p>\n<p>Por su parte,<strong> Carapaz l<\/strong>leg\u00f3 en el d\u00e9cimo puesto, a tres segundos del ganador, el belga Thibau Nys.<\/p>\n<p>El carchense subi\u00f3 32 posiciones en la general y est\u00e1 en el puesto 22, a 21 segundos de Bettiol.<\/p>\n<p>Mientras que el ecuatoriano <strong>Harold Mart\u00edn L\u00f3pez,<\/strong> del Astana Qazaqstan Team, finaliz\u00f3 la etapa en el puesto 37<\/p>\n<p>a 16 segundos del ganador.<\/p>\n<p>Esta competencia es especial para el ciclista tricolor, ya que se coron\u00f3 campe\u00f3n de la clasificaci\u00f3n general en 2021 y, en esa<\/p>\n<p>edici\u00f3n, gan\u00f3 la etapa reina.<\/p>\n<p><strong>Esta es la sexta victoria de la temporada para Nys<\/strong>, de solo 21 a\u00f1os.<\/p>\n<p>Su racha ganadora del a\u00f1o comenz\u00f3 en el\u00a0<strong>Tour de Romand\u00eda<\/strong>, seguida de dos triunfos de etapa y la victoria general en el<\/p>\n<p><strong>Tour de Hungr\u00eda<\/strong>\u00a0y otra victoria en el\u00a0<strong>Tour de Noruega. (D)<\/strong><\/p>\n<p>&nbsp;<\/p>\n<blockquote class=\"twitter-tweet\" data-width=\"550\" data-dnt=\"true\">\n<p lang=\"es\" dir=\"ltr\">\u00a1VICTORIA DEL BELGA! \ud83d\udeb4\u200d\u2642\ufe0f<\/p>\n<p>Thibau NYS en la tercera etapa del <a href=\"https:\/\/twitter.com\/hashtag\/TourDeSuizaEnDSPORTS?src=hash&amp;ref_src=twsrc%5Etfw\">#TourDeSuizaEnDSPORTS<\/a>. \ud83c\udde8\ud83c\udded<\/p>\n<p>\u25b6\ufe0f Richard Carapaz fue el mejor latinoamericano, terminando en la d\u00e9cima posici\u00f3n.<\/p>\n<p>\ud83c\udf99\ufe0f <a href=\"https:\/\/twitter.com\/CastellanosCami?ref_src=twsrc%5Etfw\">@CastellanosCami<\/a> <a href=\"https:\/\/t.co\/X6KohCwyUs\">pic.twitter.com\/X6KohCwyUs<\/a><\/p>\n<p>&mdash; DSPORTS (@DSports) <a href=\"https:\/\/twitter.com\/DSports\/status\/1800540947681337749?ref_src=twsrc%5Etfw\">June 11, 2024<\/a><\/p><\/blockquote>\n<p><script async src=\"https:\/\/platform.twitter.com\/widgets.js\" charset=\"utf-8\"><\/script><\/p>\n<p>&nbsp;<\/p>\n<h3>Tour de Suisse (2.UWT)<\/h3>\n<h4>Stage 3 \u00a0\u00bb\u00a0 Steinmaur \u203a R\u00fcschlikon<\/h4>\n<ul class=\"results\">\n<li class=\"subreslinks\" data-id=\"290244\">\n<h5>Stage<\/h5>\n<table>\n<thead>\n<tr>\n<th>Rnk<\/th>\n<th>Rider<\/th>\n<th>Team<\/th>\n<th>Time<\/th>\n<\/tr>\n<\/thead>\n<tbody>\n<tr>\n<td>1<\/td>\n<td>\u00a0NYS Thibau<\/td>\n<td>Lidl &#8211; Trek<\/td>\n<td>3:27:31<\/td>\n<\/tr>\n<tr>\n<td>2<\/td>\n<td>\u00a0<a href=\"https:\/\/www.procyclingstats.com\/rider\/stephen-williams\" target=\"_blank\" rel=\"noopener\">WILLIAMS Stephen<\/a><\/td>\n<td><a href=\"https:\/\/www.procyclingstats.com\/team\/israel-premier-tech-2024\" target=\"_blank\" rel=\"noopener\">Israel &#8211; Premier Tech<\/a><\/td>\n<td>0:00<\/td>\n<\/tr>\n<tr>\n<td>3<\/td>\n<td>\u00a0BETTIOL Alberto<\/td>\n<td>EF Education &#8211; EasyPost<\/td>\n<td>0:00<\/td>\n<\/tr>\n<tr>\n<td>10<\/td>\n<td>\u00a0CARAPAZ Richard<\/td>\n<td>EF Education &#8211; EasyPost<\/td>\n<td>0:03<\/td>\n<\/tr>\n<tr>\n<td>56<\/td>\n<td>\u00a0<a href=\"https:\/\/www.procyclingstats.com\/rider\/rui-costa\" target=\"_blank\" rel=\"noopener\">COSTA Rui<\/a><\/td>\n<td><a href=\"https:\/\/www.procyclingstats.com\/team\/ef-education-easypost-2024\" target=\"_blank\" rel=\"noopener\">EF Education &#8211; EasyPost<\/a><\/td>\n<td>0:43<\/td>\n<\/tr>\n<tr>\n<td>79<\/td>\n<td>\u00a0<a href=\"https:\/\/www.procyclingstats.com\/rider\/marijn-van-den-berg\" target=\"_blank\" rel=\"noopener\">VAN DEN BERG Marijn<\/a><\/td>\n<td><a href=\"https:\/\/www.procyclingstats.com\/team\/ef-education-easypost-2024\" target=\"_blank\" rel=\"noopener\">EF Education &#8211; EasyPost<\/a><\/td>\n<td>1:59<\/td>\n<\/tr>\n<tr>\n<td>90<\/td>\n<td>\u00a0<a href=\"https:\/\/www.procyclingstats.com\/rider\/georg-steinhauser\" target=\"_blank\" rel=\"noopener\">STEINHAUSER Georg<\/a><\/td>\n<td><a href=\"https:\/\/www.procyclingstats.com\/team\/ef-education-easypost-2024\" target=\"_blank\" rel=\"noopener\">EF Education &#8211; EasyPost<\/a><\/td>\n<td>4:02<\/td>\n<\/tr>\n<tr>\n<td>129<\/td>\n<td>\u00a0<a href=\"https:\/\/www.procyclingstats.com\/rider\/james-shaw\" target=\"_blank\" rel=\"noopener\">SHAW James<\/a><\/td>\n<td><a href=\"https:\/\/www.procyclingstats.com\/team\/ef-education-easypost-2024\" target=\"_blank\" rel=\"noopener\">EF Education &#8211; EasyPost<\/a><\/td>\n<td>10:32<\/td>\n<\/tr>\n<tr>\n<td>151<\/td>\n<td>\u00a0<a href=\"https:\/\/www.procyclingstats.com\/rider\/stefan-bissegger\" target=\"_blank\" rel=\"noopener\">BISSEGGER Stefan<\/a><\/td>\n<td><a href=\"https:\/\/www.procyclingstats.com\/team\/ef-education-easypost-2024\" target=\"_blank\" rel=\"noopener\">EF Education &#8211; EasyPost<\/a><\/td>\n<td>10:32<\/td>\n<\/tr>\n<\/tbody>\n<\/table>\n<\/li>\n<li class=\"subreslinks\" data-id=\"302093\">\n<h5>GC<\/h5>\n<table>\n<thead>\n<tr>\n<th>Rnk<\/th>\n<th>Rider<\/th>\n<th>Team<\/th>\n<th>Time<\/th>\n<\/tr>\n<\/thead>\n<tbody>\n<tr>\n<td>1<\/td>\n<td>\u00a0BETTIOL Alberto<\/td>\n<td>EF Education &#8211; EasyPost<\/td>\n<td>7:39:20<\/td>\n<\/tr>\n<tr>\n<td>2<\/td>\n<td>\u00a0<a href=\"https:\/\/www.procyclingstats.com\/rider\/ethan-hayter\" target=\"_blank\" rel=\"noopener\">HAYTER Ethan<\/a><\/td>\n<td><a href=\"https:\/\/www.procyclingstats.com\/team\/ineos-grenadiers-2024\" target=\"_blank\" rel=\"noopener\">INEOS Grenadiers<\/a><\/td>\n<td>0:06<\/td>\n<\/tr>\n<tr>\n<td>3<\/td>\n<td>\u00a0<a href=\"https:\/\/www.procyclingstats.com\/rider\/wilco-kelderman\" target=\"_blank\" rel=\"noopener\">KELDERMAN Wilco<\/a><\/td>\n<td><a href=\"https:\/\/www.procyclingstats.com\/team\/team-visma-lease-a-bike-2024\" target=\"_blank\" rel=\"noopener\">Team Visma | Lease a Bike<\/a><\/td>\n<td>0:06<\/td>\n<\/tr>\n<tr>\n<td>22<\/td>\n<td>\u00a0CARAPAZ Richard<\/td>\n<td>EF Education &#8211; EasyPost<\/td>\n<td>0:21<\/td>\n<\/tr>\n<tr>\n<td>54<\/td>\n<td>\u00a0<a href=\"https:\/\/www.procyclingstats.com\/rider\/rui-costa\" target=\"_blank\" rel=\"noopener\">COSTA Rui<\/a><\/td>\n<td><a href=\"https:\/\/www.procyclingstats.com\/team\/ef-education-easypost-2024\" target=\"_blank\" rel=\"noopener\">EF Education &#8211; EasyPost<\/a><\/td>\n<td>0:59<\/td>\n<\/tr>\n<tr>\n<td>70<\/td>\n<td>\u00a0<a href=\"https:\/\/www.procyclingstats.com\/rider\/marijn-van-den-berg\" target=\"_blank\" rel=\"noopener\">VAN DEN BERG Marijn<\/a><\/td>\n<td><a href=\"https:\/\/www.procyclingstats.com\/team\/ef-education-easypost-2024\" target=\"_blank\" rel=\"noopener\">EF Education &#8211; EasyPost<\/a><\/td>\n<td>2:11<\/td>\n<\/tr>\n<tr>\n<td>80<\/td>\n<td>\u00a0<a href=\"https:\/\/www.procyclingstats.com\/rider\/georg-steinhauser\" target=\"_blank\" rel=\"noopener\">STEINHAUSER Georg<\/a><\/td>\n<td><a href=\"https:\/\/www.procyclingstats.com\/team\/ef-education-easypost-2024\" target=\"_blank\" rel=\"noopener\">EF Education &#8211; EasyPost<\/a><\/td>\n<td>4:13<\/td>\n<\/tr>\n<tr>\n<td>117<\/td>\n<td>\u00a0<a href=\"https:\/\/www.procyclingstats.com\/rider\/james-shaw\" target=\"_blank\" rel=\"noopener\">SHAW James<\/a><\/td>\n<td><a href=\"https:\/\/www.procyclingstats.com\/team\/ef-education-easypost-2024\" target=\"_blank\" rel=\"noopener\">EF Education &#8211; EasyPost<\/a><\/td>\n<td>10:52<\/td>\n<\/tr>\n<tr>\n<td>141<\/td>\n<td>\u00a0<a href=\"https:\/\/www.procyclingstats.com\/rider\/stefan-bissegger\" target=\"_blank\" rel=\"noopener\">BISSEGGER Stefan<\/a><\/td>\n<td><a href=\"https:\/\/www.procyclingstats.com\/team\/ef-education-easypost-2024\" target=\"_blank\" rel=\"noopener\">EF Education &#8211; EasyPost<\/a><\/td>\n<td>16:35<\/td>\n<\/tr>\n<\/tbody>\n<\/table>\n<\/li>\n<\/ul>\n<div class=\"powered_by\"><img decoding=\"async\" src=\"https:\/\/www.procyclingstats.com\/images\/pcs_small.png\" \/>\u00a0Results powered by\u00a0www.procyclingstats.com<\/div>\n<div><\/div>\n<div><\/div>\n<div><\/div>\n<div><\/div>\n<div>\n<p><strong>Etapa 4 (alta monta\u00f1a)<\/strong><\/p>\n<p>De R\u00fcschlikon a San Gottardo<\/p>\n<p><strong>Distancia:<\/strong>\u00a0170,9 kil\u00f3metros<\/p>\n<p><strong>Fecha:<\/strong>\u00a0Mi\u00e9rcoles 12 de junio de 2024<\/p>\n<p>Horario de transmisi\u00f3n: 08:00\u00a0<strong>(hora de Ecuador)<\/strong><\/p>\n<\/div>\n<p>&nbsp;<\/p>\n<p>Fuente: evafm.net &#8211; primicias.ec<\/p>\n<div class=\"gsp_post_data\" \r\n\t            data-post_type=\"post\" \r\n\t            data-cat=\"deportes-internacionales\" \r\n\t            data-modified=\"120\"\r\n\t            data-created=\"1718113478\"\r\n\t            data-title=\"Thibau Nys gana la Etapa 3 del Tour de Suiza\" \r\n\t            data-home=\"https:\/\/www.evafm.net\/sitio\"><\/div>","protected":false},"excerpt":{"rendered":"<p>La tercera etapa del\u00a0Tour de Suiza 2024\u00a0qued\u00f3 en manos de\u00a0Thibau Nys. El belga, de 21 a\u00f1os, gan\u00f3 un sprint cuesta arriba despu\u00e9s de una final particularmente dif\u00edcil, luego de recorrer\u00a0161,7 kil\u00f3metros\u00a0entre\u00a0Steinmaur\u00a0y\u00a0R\u00fcschlikon. &nbsp; El corredor del\u00a0Lidl-Trek\u00a0super\u00f3 en el embalaje al brit\u00e1nico\u00a0Stephen Williams\u00a0(Israel \u2013 Premier Tech)\u00a02\u00b0 y al italiano\u00a0Alberto Bettiol (EF Education \u2013 EasyPost), quien cruz\u00f3 la&#8230;<\/p>\n","protected":false},"author":5,"featured_media":81019,"comment_status":"closed","ping_status":"open","sticky":false,"template":"","format":"standard","meta":{"_joinchat":[],"footnotes":""},"categories":[1342],"tags":[],"class_list":["post-81018","post","type-post","status-publish","format-standard","has-post-thumbnail","hentry","category-deportes-internacionales","have-post-thumb"],"_links":{"self":[{"href":"https:\/\/www.evafm.net\/sitio\/wp-json\/wp\/v2\/posts\/81018","targetHints":{"allow":["GET"]}}],"collection":[{"href":"https:\/\/www.evafm.net\/sitio\/wp-json\/wp\/v2\/posts"}],"about":[{"href":"https:\/\/www.evafm.net\/sitio\/wp-json\/wp\/v2\/types\/post"}],"author":[{"embeddable":true,"href":"https:\/\/www.evafm.net\/sitio\/wp-json\/wp\/v2\/users\/5"}],"replies":[{"embeddable":true,"href":"https:\/\/www.evafm.net\/sitio\/wp-json\/wp\/v2\/comments?post=81018"}],"version-history":[{"count":1,"href":"https:\/\/www.evafm.net\/sitio\/wp-json\/wp\/v2\/posts\/81018\/revisions"}],"predecessor-version":[{"id":81020,"href":"https:\/\/www.evafm.net\/sitio\/wp-json\/wp\/v2\/posts\/81018\/revisions\/81020"}],"wp:featuredmedia":[{"embeddable":true,"href":"https:\/\/www.evafm.net\/sitio\/wp-json\/wp\/v2\/media\/81019"}],"wp:attachment":[{"href":"https:\/\/www.evafm.net\/sitio\/wp-json\/wp\/v2\/media?parent=81018"}],"wp:term":[{"taxonomy":"category","embeddable":true,"href":"https:\/\/www.evafm.net\/sitio\/wp-json\/wp\/v2\/categories?post=81018"},{"taxonomy":"post_tag","embeddable":true,"href":"https:\/\/www.evafm.net\/sitio\/wp-json\/wp\/v2\/tags?post=81018"}],"curies":[{"name":"wp","href":"https:\/\/api.w.org\/{rel}","templated":true}]}}