{"id":81032,"date":"2024-06-11T14:26:06","date_gmt":"2024-06-11T19:26:06","guid":{"rendered":"https:\/\/www.evafm.net\/sitio\/?p=81032"},"modified":"2024-06-11T14:26:06","modified_gmt":"2024-06-11T19:26:06","slug":"como-va-el-proceso-de-recuperacion-de-joao-rojas","status":"publish","type":"post","link":"https:\/\/www.evafm.net\/sitio\/como-va-el-proceso-de-recuperacion-de-joao-rojas\/","title":{"rendered":"\u00bfC\u00f3mo va el proceso de recuperaci\u00f3n de Joao Rojas?"},"content":{"rendered":"<p>Joao Rojas sufri\u00f3 una fractura de peron\u00e9 el jueves 16 de mayo, ante Sao Paulo, cuatro d\u00edas despu\u00e9s, su esposa Kristy Alvarado<\/p>\n<p>confirm\u00f3 que fue operado.<\/p>\n<p>Despu\u00e9s de ese tiempo, el jugador ecuatoriano ha intentado recuperarse lo antes posible para volver a las canchas.<\/p>\n<p><strong> \u00a1Y lo est\u00e1 demostrando! .<\/strong><\/p>\n<p>Y sus historias en su cuenta de Instagram lo confirman.<\/p>\n<p>Joao Rojas ha publicado c\u00f3mo avanza su recuperaci\u00f3n, pues sorprendi\u00f3 con un video en una bicicleta est\u00e1tica entrenando.<\/p>\n<p><small><\/small><\/p>\n<p>\u00abAhora s\u00ed\u00bb y \u00abQu\u00e9 f\u00e1cil es todo esto\u00bb son las frases que agreg\u00f3 el futbolista de 26 a\u00f1os, a menos de un mes de su operaci\u00f3n.<\/p>\n<p>Se tiene previsto que el mediocampista del &#8216;\u00eddolo del Astillero&#8217; vuelva a jugar luego de cuatro meses de su lesi\u00f3n.<\/p>\n<p>Sin embargo, su tiempo de recuperaci\u00f3n podr\u00eda ser menor. <strong>(D)<\/strong><\/p>\n<p><small><\/small><\/p>\n<p>&nbsp;<\/p>\n<blockquote class=\"twitter-tweet\" data-width=\"550\" data-dnt=\"true\">\n<p lang=\"es\" dir=\"ltr\">\ud83d\udfe1\ud83d\udcaa Joao Rojas demostr\u00f3 en sus redes sociales que sigue luchando fuerte en su proceso de recuperaci\u00f3n. <a href=\"https:\/\/t.co\/wz3ntelYQL\">pic.twitter.com\/wz3ntelYQL<\/a><\/p>\n<p>&mdash; StudioF\u00fatbol \u26bd (@StudioFutbol) <a href=\"https:\/\/twitter.com\/StudioFutbol\/status\/1800342481357426951?ref_src=twsrc%5Etfw\">June 11, 2024<\/a><\/p><\/blockquote>\n<p><script async src=\"https:\/\/platform.twitter.com\/widgets.js\" charset=\"utf-8\"><\/script><\/p>\n<p>&nbsp;<\/p>\n<p>Fuente:evafm.net &#8211; primicias.ec<\/p>\n<div class=\"gsp_post_data\" \r\n\t            data-post_type=\"post\" \r\n\t            data-cat=\"deportes-ecuador\" \r\n\t            data-modified=\"120\"\r\n\t            data-created=\"1718115966\"\r\n\t            data-title=\"\u00bfC\u00f3mo va el proceso de recuperaci\u00f3n de Joao Rojas?\" \r\n\t            data-home=\"https:\/\/www.evafm.net\/sitio\"><\/div>","protected":false},"excerpt":{"rendered":"<p>Joao Rojas sufri\u00f3 una fractura de peron\u00e9 el jueves 16 de mayo, ante Sao Paulo, cuatro d\u00edas despu\u00e9s, su esposa Kristy Alvarado confirm\u00f3 que fue operado. Despu\u00e9s de ese tiempo, el jugador ecuatoriano ha intentado recuperarse lo antes posible para volver a las canchas. \u00a1Y lo est\u00e1 demostrando! . Y sus historias en su cuenta&#8230;<\/p>\n","protected":false},"author":5,"featured_media":81035,"comment_status":"closed","ping_status":"open","sticky":false,"template":"","format":"standard","meta":{"_joinchat":[],"footnotes":""},"categories":[1557],"tags":[],"class_list":["post-81032","post","type-post","status-publish","format-standard","has-post-thumbnail","hentry","category-deportes-ecuador","have-post-thumb"],"_links":{"self":[{"href":"https:\/\/www.evafm.net\/sitio\/wp-json\/wp\/v2\/posts\/81032","targetHints":{"allow":["GET"]}}],"collection":[{"href":"https:\/\/www.evafm.net\/sitio\/wp-json\/wp\/v2\/posts"}],"about":[{"href":"https:\/\/www.evafm.net\/sitio\/wp-json\/wp\/v2\/types\/post"}],"author":[{"embeddable":true,"href":"https:\/\/www.evafm.net\/sitio\/wp-json\/wp\/v2\/users\/5"}],"replies":[{"embeddable":true,"href":"https:\/\/www.evafm.net\/sitio\/wp-json\/wp\/v2\/comments?post=81032"}],"version-history":[{"count":1,"href":"https:\/\/www.evafm.net\/sitio\/wp-json\/wp\/v2\/posts\/81032\/revisions"}],"predecessor-version":[{"id":81036,"href":"https:\/\/www.evafm.net\/sitio\/wp-json\/wp\/v2\/posts\/81032\/revisions\/81036"}],"wp:featuredmedia":[{"embeddable":true,"href":"https:\/\/www.evafm.net\/sitio\/wp-json\/wp\/v2\/media\/81035"}],"wp:attachment":[{"href":"https:\/\/www.evafm.net\/sitio\/wp-json\/wp\/v2\/media?parent=81032"}],"wp:term":[{"taxonomy":"category","embeddable":true,"href":"https:\/\/www.evafm.net\/sitio\/wp-json\/wp\/v2\/categories?post=81032"},{"taxonomy":"post_tag","embeddable":true,"href":"https:\/\/www.evafm.net\/sitio\/wp-json\/wp\/v2\/tags?post=81032"}],"curies":[{"name":"wp","href":"https:\/\/api.w.org\/{rel}","templated":true}]}}