{"id":81041,"date":"2024-06-12T09:47:48","date_gmt":"2024-06-12T14:47:48","guid":{"rendered":"https:\/\/www.evafm.net\/sitio\/?p=81041"},"modified":"2024-06-12T09:47:48","modified_gmt":"2024-06-12T14:47:48","slug":"nadal-y-alcaraz-jugaran-dobles-en-los-juegos-olimpicos-de-paris","status":"publish","type":"post","link":"https:\/\/www.evafm.net\/sitio\/nadal-y-alcaraz-jugaran-dobles-en-los-juegos-olimpicos-de-paris\/","title":{"rendered":"Nadal y Alcaraz jugar\u00e1n dobles en los Juegos Ol\u00edmpicos de Par\u00eds"},"content":{"rendered":"<p>El torneo de tenis en Par\u00eds se disputar\u00e1 desde el 27 de julio al 4 de agosto en las mismas canchas sobre polvo de ladrillo de<\/p>\n<p>Roland Garros, un torneo que Nadal ha conquistado en 14 ocasiones.<\/p>\n<p>&nbsp;<\/p>\n<p>El mallorqu\u00edn, que regres\u00f3 a la competici\u00f3n a mediados de abril, fue llamado a pesar de su puesto 264 en el ranking <strong>ATP<\/strong><\/p>\n<p>luego de 16 meses casi sin jugar, a causa de las lesiones.<\/p>\n<p>&nbsp;<\/p>\n<p>Adem\u00e1s de Alcaraz <strong>(2 del ranking ATP)<\/strong> y de Nadal, los otros hombres seleccionados son:<\/p>\n<p>Pablo Carre\u00f1o, Alejando Davidovich y Marcel Granollers, anunci\u00f3 el entrenador del equipo masculino, <strong>David Ferrer.<\/strong><\/p>\n<p>Adem\u00e1s de &#8216;singles&#8217;, Nadal y Alcaraz podr\u00edan participar tambi\u00e9n en la prueba de dobles masculino, un deseo que el joven<\/p>\n<p>murciano ha manifestado con anterioridad.<\/p>\n<p>Entre las mujeres, destacan Sara Sorribes y Cristina Bucsa, anunci\u00f3 Anabel Medina, entrenadora del equipo femenino.<\/p>\n<p>Paula Badosa, muy atr\u00e1s en el ranking WTA debido a sus lesiones en los \u00faltimos a\u00f1os, tuvo que renunciar a participar<\/p>\n<p>en la prueba, pese a que podr\u00eda haberse servido de su ranking protegido para ir a Par\u00eds.<\/p>\n<p>&nbsp;<\/p>\n<p>\u00abEn el caso de Paula no entra por su ranking actual, deber\u00eda utilizar su ranking protegido pero le quedan dos rankings<\/p>\n<p>protegidos para el resto del a\u00f1o, y se suma que los Juegos Ol\u00edmpicos no reparten puntos, fue una decisi\u00f3n muy dif\u00edcil<\/p>\n<p>para ella\u00bb, explic\u00f3 Medina.<\/p>\n<p><strong>\u00abPodr\u00edamos ganar dos o tres medallas\u00bb,<\/strong> se esperanz\u00f3, por su parte, Miguel D\u00edaz, presidente de la Federaci\u00f3n.<\/p>\n<p>Todas las federaciones nacionales deben dar la lista definitiva para los Juegos el 19 de junio como fecha l\u00edmite. <strong>(D)<\/strong><\/p>\n<blockquote class=\"twitter-tweet\" data-width=\"550\" data-dnt=\"true\">\n<p lang=\"es\" dir=\"ltr\">Y s\u00ed, <a href=\"https:\/\/twitter.com\/carlosalcaraz?ref_src=twsrc%5Etfw\">@carlosalcaraz<\/a> y <a href=\"https:\/\/twitter.com\/RafaelNadal?ref_src=twsrc%5Etfw\">@RafaelNadal<\/a> jugar\u00e1n juntos en Par\u00eds \ud83d\ude09\u2764\ufe0f\u200d\ud83d\udd25\ud83c\uddea\ud83c\uddf8<a href=\"https:\/\/twitter.com\/hashtag\/MAPFREtenis?src=hash&amp;ref_src=twsrc%5Etfw\">#MAPFREtenis<\/a> <a href=\"https:\/\/t.co\/pIPMjLlQR9\">pic.twitter.com\/pIPMjLlQR9<\/a><\/p>\n<p>&mdash; Tenis Espa\u00f1a (@RFETenis) <a href=\"https:\/\/twitter.com\/RFETenis\/status\/1800844342434893878?ref_src=twsrc%5Etfw\">June 12, 2024<\/a><\/p><\/blockquote>\n<p><script async src=\"https:\/\/platform.twitter.com\/widgets.js\" charset=\"utf-8\"><\/script><\/p>\n<p>&nbsp;<\/p>\n<p>&nbsp;<\/p>\n<blockquote class=\"twitter-tweet\" data-width=\"550\" data-dnt=\"true\">\n<p lang=\"es\" dir=\"ltr\">1\ufe0f\u20e3 Carlos Alcaraz<br \/>2\ufe0f\u20e3 Rafael Nadal<br \/>3\ufe0f\u20e3 Pablo Carre\u00f1o<br \/>4\ufe0f\u20e3 Alejandro Davidovich<br \/>&#8211;<br \/>5\ufe0f\u20e3 Marcel Granollers<a href=\"https:\/\/twitter.com\/DavidFerrer87?ref_src=twsrc%5Etfw\">@DavidFerrer87<\/a> , Seleccionador Nacional, anuncia la lista de tenistas espa\u00f1oles preclasificados para los Juegos de Par\u00eds<a href=\"https:\/\/twitter.com\/hashtag\/MAPFREtenis?src=hash&amp;ref_src=twsrc%5Etfw\">#MAPFREtenis<\/a> <a href=\"https:\/\/t.co\/YLEatcIy7v\">pic.twitter.com\/YLEatcIy7v<\/a><\/p>\n<p>&mdash; Tenis Espa\u00f1a (@RFETenis) <a href=\"https:\/\/twitter.com\/RFETenis\/status\/1800842939159232756?ref_src=twsrc%5Etfw\">June 12, 2024<\/a><\/p><\/blockquote>\n<p><script async src=\"https:\/\/platform.twitter.com\/widgets.js\" charset=\"utf-8\"><\/script><\/p>\n<p>&nbsp;<\/p>\n<p>&nbsp;<\/p>\n<p>Fuente: evafm.net &#8211; primicias.ec<\/p>\n<div class=\"gsp_post_data\" \r\n\t            data-post_type=\"post\" \r\n\t            data-cat=\"deportes-internacionales\" \r\n\t            data-modified=\"120\"\r\n\t            data-created=\"1718185668\"\r\n\t            data-title=\"Nadal y Alcaraz jugar\u00e1n dobles en los Juegos Ol\u00edmpicos de Par\u00eds\" \r\n\t            data-home=\"https:\/\/www.evafm.net\/sitio\"><\/div>","protected":false},"excerpt":{"rendered":"<p>El torneo de tenis en Par\u00eds se disputar\u00e1 desde el 27 de julio al 4 de agosto en las mismas canchas sobre polvo de ladrillo de Roland Garros, un torneo que Nadal ha conquistado en 14 ocasiones. &nbsp; El mallorqu\u00edn, que regres\u00f3 a la competici\u00f3n a mediados de abril, fue llamado a pesar de su&#8230;<\/p>\n","protected":false},"author":5,"featured_media":81042,"comment_status":"closed","ping_status":"open","sticky":false,"template":"","format":"standard","meta":{"_joinchat":[],"footnotes":""},"categories":[1342],"tags":[],"class_list":["post-81041","post","type-post","status-publish","format-standard","has-post-thumbnail","hentry","category-deportes-internacionales","have-post-thumb"],"_links":{"self":[{"href":"https:\/\/www.evafm.net\/sitio\/wp-json\/wp\/v2\/posts\/81041","targetHints":{"allow":["GET"]}}],"collection":[{"href":"https:\/\/www.evafm.net\/sitio\/wp-json\/wp\/v2\/posts"}],"about":[{"href":"https:\/\/www.evafm.net\/sitio\/wp-json\/wp\/v2\/types\/post"}],"author":[{"embeddable":true,"href":"https:\/\/www.evafm.net\/sitio\/wp-json\/wp\/v2\/users\/5"}],"replies":[{"embeddable":true,"href":"https:\/\/www.evafm.net\/sitio\/wp-json\/wp\/v2\/comments?post=81041"}],"version-history":[{"count":1,"href":"https:\/\/www.evafm.net\/sitio\/wp-json\/wp\/v2\/posts\/81041\/revisions"}],"predecessor-version":[{"id":81043,"href":"https:\/\/www.evafm.net\/sitio\/wp-json\/wp\/v2\/posts\/81041\/revisions\/81043"}],"wp:featuredmedia":[{"embeddable":true,"href":"https:\/\/www.evafm.net\/sitio\/wp-json\/wp\/v2\/media\/81042"}],"wp:attachment":[{"href":"https:\/\/www.evafm.net\/sitio\/wp-json\/wp\/v2\/media?parent=81041"}],"wp:term":[{"taxonomy":"category","embeddable":true,"href":"https:\/\/www.evafm.net\/sitio\/wp-json\/wp\/v2\/categories?post=81041"},{"taxonomy":"post_tag","embeddable":true,"href":"https:\/\/www.evafm.net\/sitio\/wp-json\/wp\/v2\/tags?post=81041"}],"curies":[{"name":"wp","href":"https:\/\/api.w.org\/{rel}","templated":true}]}}