{"id":81054,"date":"2024-06-12T11:10:03","date_gmt":"2024-06-12T16:10:03","guid":{"rendered":"https:\/\/www.evafm.net\/sitio\/?p=81054"},"modified":"2024-06-12T11:10:04","modified_gmt":"2024-06-12T16:10:04","slug":"torstein-traeen-se-quedo-con-la-etapa-4-del-tour-de-suiza","status":"publish","type":"post","link":"https:\/\/www.evafm.net\/sitio\/torstein-traeen-se-quedo-con-la-etapa-4-del-tour-de-suiza\/","title":{"rendered":"Torstein Traeen se qued\u00f3 con la etapa 4 del Tour de Suiza"},"content":{"rendered":"<p>El\u00a0<strong>Tour de Suiza<\/strong>\u00a0no se detiene y en este <strong>mi\u00e9rcoles 12 de junio,<\/strong> se desarroll\u00f3 la <strong>cuarta etapa<\/strong> en busca de desbancar al italiano<\/p>\n<p><strong>Alberto Bettiol<\/strong>, que lidera la clasificaci\u00f3n general tras descontarle tiempo a\u00a0<strong>Yves Lampaert<\/strong>, quien, en las primeras dos jornadas<\/p>\n<p>se adue\u00f1\u00f3 de la parte alta de la general.<\/p>\n<p>&nbsp;<\/p>\n<p>El\u00a0 protagonista ganador fue el noruego <strong>Torstein Traeen 28 a\u00f1os del equipo <b>Team Bahrain Victorious <\/b><\/strong>aprovech\u00f3 el esfuerzo<\/p>\n<p>de los escapados y consigui\u00f3 su primera victoria como ciclista profesional.<\/p>\n<p>El podio lo completaron el brit\u00e1nico <strong>Adam<\/strong> <strong>Yates y el dan\u00e9s Mattias Skjelmose. <\/strong><\/p>\n<p>En cuarto lugar lleg\u00f3 el portugu\u00e9s <strong>Joao Almeida<\/strong> y en quinta posici\u00f3n entr\u00f3 el <strong>colombiano Egan Bernal.<\/strong><\/p>\n<p>El carchense <strong>Richard Carapaz<\/strong> sufri\u00f3 un problema mec\u00e1nico en la parte final de la etapa, que le oblig\u00f3 a retrasarse.<\/p>\n<p>Sin embargo, luego se meti\u00f3 en el grupo de favoritos para intentar pelear por la victoria.<\/p>\n<p>De todas formas, el ecuatoriano no aguant\u00f3 el ritmo y se retras\u00f3 algunos metros.<\/p>\n<p>&nbsp;<\/p>\n<p><strong>&#8216;Richie&#8217;<\/strong> finalmente entr\u00f3 a la meta en el puesto <strong>22, a 2:08<\/strong> del vencedor de la etapa.<\/p>\n<p>Y junto a Carapaz, en el puesto 24 y con el mismo tiempo, entr\u00f3 el otro ecuatoriano en competencia,<\/p>\n<p>Harold Mart\u00edn L\u00f3pez, como el mejor ciclista del <strong>Astana Qazaqstan Team.<\/strong><\/p>\n<p>Con los resultados de la cuarta etapa, Adam Yates es el nuevo l\u00edder de la clasificaci\u00f3n general<strong>, Richard Carapaz\u00a0<\/strong> subi\u00f3<\/p>\n<p><strong>cinco posiciones<\/strong> hasta el <strong>puesto 17. <\/strong><\/p>\n<p>Y<strong> Mart\u00edn L\u00f3pez escal\u00f3 13 posiciones y se encuentra en el puesto 22. (D)<\/strong><\/p>\n<blockquote class=\"twitter-tweet\" data-width=\"550\" data-dnt=\"true\">\n<p lang=\"es\" dir=\"ltr\">\u00a1VICTORIA DEL NORUEGO! \ud83c\uddf3\ud83c\uddf4<\/p>\n<p>Torstein TR\u00c6EN en la cuarta etapa del <a href=\"https:\/\/twitter.com\/hashtag\/TourDeSuizaEnDSPORTS?src=hash&amp;ref_src=twsrc%5Etfw\">#TourDeSuizaEnDSPORTS<\/a>, detuvo el reloj en cuatro horas, 10 minutos y 21 segundos.<\/p>\n<p>\u25b6\ufe0f El colombiano Egan Bernal fue quinto.<a href=\"https:\/\/twitter.com\/hashtag\/CiclismoAsiDSPORTS?src=hash&amp;ref_src=twsrc%5Etfw\">#CiclismoAsiDSPORTS<\/a> <\/p>\n<p>\ud83c\udf99\ufe0f <a href=\"https:\/\/twitter.com\/CastellanosCami?ref_src=twsrc%5Etfw\">@CastellanosCami<\/a> <a href=\"https:\/\/t.co\/Fd13nSrH5h\">pic.twitter.com\/Fd13nSrH5h<\/a><\/p>\n<p>&mdash; DSPORTS (@DSports) <a href=\"https:\/\/twitter.com\/DSports\/status\/1800903452379242942?ref_src=twsrc%5Etfw\">June 12, 2024<\/a><\/p><\/blockquote>\n<p><script async src=\"https:\/\/platform.twitter.com\/widgets.js\" charset=\"utf-8\"><\/script><\/p>\n<p>&nbsp;<\/p>\n<p>&nbsp;<\/p>\n<p>&nbsp;<\/p>\n<h3>Tour de Suisse (2.UWT)<\/h3>\n<h4>Stage 4 \u00a0\u00bb\u00a0 R\u00fcschlikon \u203a Gotthard Pass<\/h4>\n<ul class=\"results\">\n<li class=\"subreslinks\" data-id=\"290245\">\n<h5>Stage<\/h5>\n<table>\n<thead>\n<tr>\n<th>Rnk<\/th>\n<th>Rider<\/th>\n<th>Team<\/th>\n<th>Time<\/th>\n<\/tr>\n<\/thead>\n<tbody>\n<tr>\n<td>1<\/td>\n<td>\u00a0TR\u00c6EN Torstein<\/td>\n<td>Bahrain &#8211; Victorious<\/td>\n<td>4:10:21<\/td>\n<\/tr>\n<tr>\n<td>2<\/td>\n<td>\u00a0YATES Adam<\/td>\n<td>UAE Team Emirates<\/td>\n<td>0:23<\/td>\n<\/tr>\n<tr>\n<td>3<\/td>\n<td>\u00a0SKJELMOSE Mattias<\/td>\n<td>Lidl &#8211; Trek<\/td>\n<td>0:48<\/td>\n<\/tr>\n<tr>\n<td>22<\/td>\n<td>\u00a0CARAPAZ Richard<\/td>\n<td>EF Education &#8211; EasyPost<\/td>\n<td>2:08<\/td>\n<\/tr>\n<tr>\n<td>39<\/td>\n<td>\u00a0<a href=\"https:\/\/www.procyclingstats.com\/rider\/alberto-bettiol\" target=\"_blank\" rel=\"noopener\">BETTIOL Alberto<\/a><\/td>\n<td><a href=\"https:\/\/www.procyclingstats.com\/team\/ef-education-easypost-2024\" target=\"_blank\" rel=\"noopener\">EF Education &#8211; EasyPost<\/a><\/td>\n<td>3:17<\/td>\n<\/tr>\n<tr>\n<td>40<\/td>\n<td>\u00a0<a href=\"https:\/\/www.procyclingstats.com\/rider\/james-shaw\" target=\"_blank\" rel=\"noopener\">SHAW James<\/a><\/td>\n<td><a href=\"https:\/\/www.procyclingstats.com\/team\/ef-education-easypost-2024\" target=\"_blank\" rel=\"noopener\">EF Education &#8211; EasyPost<\/a><\/td>\n<td>3:37<\/td>\n<\/tr>\n<tr>\n<td>79<\/td>\n<td>\u00a0<a href=\"https:\/\/www.procyclingstats.com\/rider\/georg-steinhauser\" target=\"_blank\" rel=\"noopener\">STEINHAUSER Georg<\/a><\/td>\n<td><a href=\"https:\/\/www.procyclingstats.com\/team\/ef-education-easypost-2024\" target=\"_blank\" rel=\"noopener\">EF Education &#8211; EasyPost<\/a><\/td>\n<td>13:59<\/td>\n<\/tr>\n<tr>\n<td>87<\/td>\n<td>\u00a0<a href=\"https:\/\/www.procyclingstats.com\/rider\/rui-costa\" target=\"_blank\" rel=\"noopener\">COSTA Rui<\/a><\/td>\n<td><a href=\"https:\/\/www.procyclingstats.com\/team\/ef-education-easypost-2024\" target=\"_blank\" rel=\"noopener\">EF Education &#8211; EasyPost<\/a><\/td>\n<td>14:19<\/td>\n<\/tr>\n<tr>\n<td>101<\/td>\n<td>\u00a0<a href=\"https:\/\/www.procyclingstats.com\/rider\/stefan-bissegger\" target=\"_blank\" rel=\"noopener\">BISSEGGER Stefan<\/a><\/td>\n<td><a href=\"https:\/\/www.procyclingstats.com\/team\/ef-education-easypost-2024\" target=\"_blank\" rel=\"noopener\">EF Education &#8211; EasyPost<\/a><\/td>\n<td>17:41<\/td>\n<\/tr>\n<tr>\n<td>110<\/td>\n<td>\u00a0<a href=\"https:\/\/www.procyclingstats.com\/rider\/marijn-van-den-berg\" target=\"_blank\" rel=\"noopener\">VAN DEN BERG Marijn<\/a><\/td>\n<td><a href=\"https:\/\/www.procyclingstats.com\/team\/ef-education-easypost-2024\" target=\"_blank\" rel=\"noopener\">EF Education &#8211; EasyPost<\/a><\/td>\n<td>18:16<\/td>\n<\/tr>\n<\/tbody>\n<\/table>\n<\/li>\n<li class=\"subreslinks\" data-id=\"302161\">\n<h5>GC<\/h5>\n<table>\n<thead>\n<tr>\n<th>Rnk<\/th>\n<th>Rider<\/th>\n<th>Team<\/th>\n<th>Time<\/th>\n<\/tr>\n<\/thead>\n<tbody>\n<tr>\n<td>1<\/td>\n<td>\u00a0YATES Adam<\/td>\n<td>UAE Team Emirates<\/td>\n<td>11:50:08<\/td>\n<\/tr>\n<tr>\n<td>2<\/td>\n<td>\u00a0ALMEIDA Jo\u00e3o<\/td>\n<td>UAE Team Emirates<\/td>\n<td>0:26<\/td>\n<\/tr>\n<tr>\n<td>3<\/td>\n<td>\u00a0<a href=\"https:\/\/www.procyclingstats.com\/rider\/mattias-skjelmose-jensen\" target=\"_blank\" rel=\"noopener\">SKJELMOSE Mattias<\/a><\/td>\n<td><a href=\"https:\/\/www.procyclingstats.com\/team\/lidl-trek-2024\" target=\"_blank\" rel=\"noopener\">Lidl &#8211; Trek<\/a><\/td>\n<td>0:26<\/td>\n<\/tr>\n<tr>\n<td>17<\/td>\n<td>\u00a0CARAPAZ Richard<\/td>\n<td>EF Education &#8211; EasyPost<\/td>\n<td>2:02<\/td>\n<\/tr>\n<tr>\n<td>30<\/td>\n<td>\u00a0<a href=\"https:\/\/www.procyclingstats.com\/rider\/alberto-bettiol\" target=\"_blank\" rel=\"noopener\">BETTIOL Alberto<\/a><\/td>\n<td><a href=\"https:\/\/www.procyclingstats.com\/team\/ef-education-easypost-2024\" target=\"_blank\" rel=\"noopener\">EF Education &#8211; EasyPost<\/a><\/td>\n<td>2:50<\/td>\n<\/tr>\n<tr>\n<td>66<\/td>\n<td>\u00a0<a href=\"https:\/\/www.procyclingstats.com\/rider\/james-shaw\" target=\"_blank\" rel=\"noopener\">SHAW James<\/a><\/td>\n<td><a href=\"https:\/\/www.procyclingstats.com\/team\/ef-education-easypost-2024\" target=\"_blank\" rel=\"noopener\">EF Education &#8211; EasyPost<\/a><\/td>\n<td>14:02<\/td>\n<\/tr>\n<tr>\n<td>69<\/td>\n<td>\u00a0<a href=\"https:\/\/www.procyclingstats.com\/rider\/rui-costa\" target=\"_blank\" rel=\"noopener\">COSTA Rui<\/a><\/td>\n<td><a href=\"https:\/\/www.procyclingstats.com\/team\/ef-education-easypost-2024\" target=\"_blank\" rel=\"noopener\">EF Education &#8211; EasyPost<\/a><\/td>\n<td>14:51<\/td>\n<\/tr>\n<tr>\n<td>79<\/td>\n<td>\u00a0<a href=\"https:\/\/www.procyclingstats.com\/rider\/georg-steinhauser\" target=\"_blank\" rel=\"noopener\">STEINHAUSER Georg<\/a><\/td>\n<td><a href=\"https:\/\/www.procyclingstats.com\/team\/ef-education-easypost-2024\" target=\"_blank\" rel=\"noopener\">EF Education &#8211; EasyPost<\/a><\/td>\n<td>17:45<\/td>\n<\/tr>\n<tr>\n<td>87<\/td>\n<td>\u00a0<a href=\"https:\/\/www.procyclingstats.com\/rider\/marijn-van-den-berg\" target=\"_blank\" rel=\"noopener\">VAN DEN BERG Marijn<\/a><\/td>\n<td><a href=\"https:\/\/www.procyclingstats.com\/team\/ef-education-easypost-2024\" target=\"_blank\" rel=\"noopener\">EF Education &#8211; EasyPost<\/a><\/td>\n<td>20:00<\/td>\n<\/tr>\n<\/tbody>\n<\/table>\n<\/li>\n<\/ul>\n<div class=\"powered_by\"><img decoding=\"async\" src=\"https:\/\/www.procyclingstats.com\/images\/pcs_small.png\" \/>\u00a0Results powered by\u00a0www.procyclingstats.com<\/div>\n<div><\/div>\n<div><\/div>\n<div><\/div>\n<p>&nbsp;<\/p>\n<p>Fuente: evafm.net &#8211; primicias.ec<\/p>\n<div class=\"gsp_post_data\" \r\n\t            data-post_type=\"post\" \r\n\t            data-cat=\"deportes-internacionales\" \r\n\t            data-modified=\"120\"\r\n\t            data-created=\"1718190603\"\r\n\t            data-title=\"Torstein Traeen se qued\u00f3 con la etapa 4 del Tour de Suiza\" \r\n\t            data-home=\"https:\/\/www.evafm.net\/sitio\"><\/div>","protected":false},"excerpt":{"rendered":"<p>El\u00a0Tour de Suiza\u00a0no se detiene y en este mi\u00e9rcoles 12 de junio, se desarroll\u00f3 la cuarta etapa en busca de desbancar al italiano Alberto Bettiol, que lidera la clasificaci\u00f3n general tras descontarle tiempo a\u00a0Yves Lampaert, quien, en las primeras dos jornadas se adue\u00f1\u00f3 de la parte alta de la general. &nbsp; El\u00a0 protagonista ganador fue&#8230;<\/p>\n","protected":false},"author":5,"featured_media":81055,"comment_status":"closed","ping_status":"open","sticky":false,"template":"","format":"standard","meta":{"_joinchat":[],"footnotes":""},"categories":[1342],"tags":[],"class_list":["post-81054","post","type-post","status-publish","format-standard","has-post-thumbnail","hentry","category-deportes-internacionales","have-post-thumb"],"_links":{"self":[{"href":"https:\/\/www.evafm.net\/sitio\/wp-json\/wp\/v2\/posts\/81054","targetHints":{"allow":["GET"]}}],"collection":[{"href":"https:\/\/www.evafm.net\/sitio\/wp-json\/wp\/v2\/posts"}],"about":[{"href":"https:\/\/www.evafm.net\/sitio\/wp-json\/wp\/v2\/types\/post"}],"author":[{"embeddable":true,"href":"https:\/\/www.evafm.net\/sitio\/wp-json\/wp\/v2\/users\/5"}],"replies":[{"embeddable":true,"href":"https:\/\/www.evafm.net\/sitio\/wp-json\/wp\/v2\/comments?post=81054"}],"version-history":[{"count":2,"href":"https:\/\/www.evafm.net\/sitio\/wp-json\/wp\/v2\/posts\/81054\/revisions"}],"predecessor-version":[{"id":81057,"href":"https:\/\/www.evafm.net\/sitio\/wp-json\/wp\/v2\/posts\/81054\/revisions\/81057"}],"wp:featuredmedia":[{"embeddable":true,"href":"https:\/\/www.evafm.net\/sitio\/wp-json\/wp\/v2\/media\/81055"}],"wp:attachment":[{"href":"https:\/\/www.evafm.net\/sitio\/wp-json\/wp\/v2\/media?parent=81054"}],"wp:term":[{"taxonomy":"category","embeddable":true,"href":"https:\/\/www.evafm.net\/sitio\/wp-json\/wp\/v2\/categories?post=81054"},{"taxonomy":"post_tag","embeddable":true,"href":"https:\/\/www.evafm.net\/sitio\/wp-json\/wp\/v2\/tags?post=81054"}],"curies":[{"name":"wp","href":"https:\/\/api.w.org\/{rel}","templated":true}]}}