{"id":81059,"date":"2024-06-12T11:37:04","date_gmt":"2024-06-12T16:37:04","guid":{"rendered":"https:\/\/www.evafm.net\/sitio\/?p=81059"},"modified":"2024-06-12T11:37:04","modified_gmt":"2024-06-12T16:37:04","slug":"por-que-alex-aguinaga-no-llego-al-real-madrid-jorge-valdano-revelo-el-motivo","status":"publish","type":"post","link":"https:\/\/www.evafm.net\/sitio\/por-que-alex-aguinaga-no-llego-al-real-madrid-jorge-valdano-revelo-el-motivo\/","title":{"rendered":"Por qu\u00e9 \u00c1lex Aguinaga no lleg\u00f3 al Real Madrid? Jorge Valdano revel\u00f3 el motivo"},"content":{"rendered":"<p>El exfutbolista ecuatoriano <strong>\u00c1lex Aguinaga<\/strong> estuvo a punto de hacer historia al convertirse en el primer<strong> &#8216;tricolor&#8217;<\/strong><\/p>\n<p>en jugar para el <strong>Real Madrid y Jorge Valdano<\/strong>, tambi\u00e9n exjugador y entrenador del equipo<strong> &#8216;merengue&#8217;.<\/strong><\/p>\n<p>&nbsp;<\/p>\n<p>revel\u00f3 el motivo por el que su transferencia no se concret\u00f3.<\/p>\n<p>&nbsp;<\/p>\n<p>\u00abTen\u00edamos que escoger para fichar para el Real Madrid entre <strong>Freddy Rinc\u00f3n<\/strong> (colombiano) y <strong>\u00c1lex Aguinaga.<\/strong><\/p>\n<p>&nbsp;<\/p>\n<p>Al final lleg\u00f3 Freddy Rinc\u00f3n mucho m\u00e1s barato, ja\u00bb, cont\u00f3 Valdano durante el congreso <strong>Pro Summit<\/strong><\/p>\n<p>organizado por <strong>LigaPro. <\/strong><\/p>\n<p>&nbsp;<\/p>\n<p>Valdano, quien estuvo a cargo del equipo espa\u00f1ol de 1994 a 1996, tuvo que encontrar un reemplazo a<\/p>\n<p>Luis Enrique, quien para entonces hab\u00eda fichado por el<strong> FC Barcelona. <\/strong><\/p>\n<p>Entonces, el ecuatoriano fue una de las opciones que apareci\u00f3 en el radar de la<strong> &#8216;casa blanca&#8217;.<\/strong><\/p>\n<p><strong>\u00abMe qued\u00e9 con las ganas de verlo en el Madrid\u00bb,<\/strong> agreg\u00f3.<\/p>\n<p>&nbsp;<\/p>\n<p><strong>Aguinaga, presente en la charla, tambi\u00e9n record\u00f3 aquel acercamiento:<\/strong><\/p>\n<p>\u00abMe doli\u00f3. Vino el Madrid a buscarme en el 1994 o 1995.<\/p>\n<p>Hab\u00eda dos opciones&#8230; Era Freddy Rinc\u00f3n, un toro, y la otra era yo, el diez de la Selecci\u00f3n de Ecuador<\/p>\n<p>un jugador m\u00e1s creativo\u00bb.<\/p>\n<p>\u00abMe hubiese gustado que me eligieran a m\u00ed.<\/p>\n<p>No s\u00e9 si hubiera durado mucho, pero hubiese sido fant\u00e1stico jugar all\u00ed\u00bb, finaliz\u00f3. <strong>(D)<\/strong><\/p>\n<p><small><\/small><\/p>\n<p>&nbsp;<\/p>\n<p>Fuente: evafm.net &#8211; primicias.ec<\/p>\n<div class=\"gsp_post_data\" \r\n\t            data-post_type=\"post\" \r\n\t            data-cat=\"deportes-ecuador\" \r\n\t            data-modified=\"120\"\r\n\t            data-created=\"1718192224\"\r\n\t            data-title=\"Por qu\u00e9 \u00c1lex Aguinaga no lleg\u00f3 al Real Madrid? Jorge Valdano revel\u00f3 el motivo\" \r\n\t            data-home=\"https:\/\/www.evafm.net\/sitio\"><\/div>","protected":false},"excerpt":{"rendered":"<p>El exfutbolista ecuatoriano \u00c1lex Aguinaga estuvo a punto de hacer historia al convertirse en el primer &#8216;tricolor&#8217; en jugar para el Real Madrid y Jorge Valdano, tambi\u00e9n exjugador y entrenador del equipo &#8216;merengue&#8217;. &nbsp; revel\u00f3 el motivo por el que su transferencia no se concret\u00f3. &nbsp; \u00abTen\u00edamos que escoger para fichar para el Real Madrid&#8230;<\/p>\n","protected":false},"author":5,"featured_media":81060,"comment_status":"closed","ping_status":"open","sticky":false,"template":"","format":"standard","meta":{"_joinchat":[],"footnotes":""},"categories":[1557],"tags":[],"class_list":["post-81059","post","type-post","status-publish","format-standard","has-post-thumbnail","hentry","category-deportes-ecuador","have-post-thumb"],"_links":{"self":[{"href":"https:\/\/www.evafm.net\/sitio\/wp-json\/wp\/v2\/posts\/81059","targetHints":{"allow":["GET"]}}],"collection":[{"href":"https:\/\/www.evafm.net\/sitio\/wp-json\/wp\/v2\/posts"}],"about":[{"href":"https:\/\/www.evafm.net\/sitio\/wp-json\/wp\/v2\/types\/post"}],"author":[{"embeddable":true,"href":"https:\/\/www.evafm.net\/sitio\/wp-json\/wp\/v2\/users\/5"}],"replies":[{"embeddable":true,"href":"https:\/\/www.evafm.net\/sitio\/wp-json\/wp\/v2\/comments?post=81059"}],"version-history":[{"count":1,"href":"https:\/\/www.evafm.net\/sitio\/wp-json\/wp\/v2\/posts\/81059\/revisions"}],"predecessor-version":[{"id":81061,"href":"https:\/\/www.evafm.net\/sitio\/wp-json\/wp\/v2\/posts\/81059\/revisions\/81061"}],"wp:featuredmedia":[{"embeddable":true,"href":"https:\/\/www.evafm.net\/sitio\/wp-json\/wp\/v2\/media\/81060"}],"wp:attachment":[{"href":"https:\/\/www.evafm.net\/sitio\/wp-json\/wp\/v2\/media?parent=81059"}],"wp:term":[{"taxonomy":"category","embeddable":true,"href":"https:\/\/www.evafm.net\/sitio\/wp-json\/wp\/v2\/categories?post=81059"},{"taxonomy":"post_tag","embeddable":true,"href":"https:\/\/www.evafm.net\/sitio\/wp-json\/wp\/v2\/tags?post=81059"}],"curies":[{"name":"wp","href":"https:\/\/api.w.org\/{rel}","templated":true}]}}