{"id":81075,"date":"2024-06-13T11:54:15","date_gmt":"2024-06-13T16:54:15","guid":{"rendered":"https:\/\/www.evafm.net\/sitio\/?p=81075"},"modified":"2024-06-13T11:54:15","modified_gmt":"2024-06-13T16:54:15","slug":"lagarto-jhonatan-narvaez-llega-quinto-en-la-etapa-2-del-tour-de-eslovenia","status":"publish","type":"post","link":"https:\/\/www.evafm.net\/sitio\/lagarto-jhonatan-narvaez-llega-quinto-en-la-etapa-2-del-tour-de-eslovenia\/","title":{"rendered":"&#8216;Lagarto&#8217;! Jhonatan Narv\u00e1ez llega quinto en la Etapa 2 del Tour de Eslovenia"},"content":{"rendered":"<p><strong>Jhonatan Narv\u00e1ez<\/strong> tuvo una destacada actuaci\u00f3n en la <strong>segunda etapa del Tour de Eslovenia.<\/strong><\/p>\n<p>El pedalista tricolor lleg\u00f3 en<strong> quinta posici\u00f3n<\/strong>, con el mismo tiempo que el ganador, el alem\u00e1n <strong>Phil Bauhaus.<\/strong><\/p>\n<p>Este resultado, adem\u00e1s, ubica al &#8216;Lagarto&#8217; en el sexto lugar de la clasificaci\u00f3n general, a 11 segundos de Bauhaus<\/p>\n<p>quien lidera esta tabla.<\/p>\n<p>Este jueves se disput\u00f3 una etapa de media monta\u00f1a de 177,9 kil\u00f3metros, de Zalec a Rogaska Slatina, con un puerto<\/p>\n<p>de segunda categor\u00eda.<\/p>\n<p>El Tour de Eslovenia se corre del<strong> 12 al 16 de junio.<\/strong><\/p>\n<p>Por el momento, <strong>no hay transmisi\u00f3n oficial para Ecuador.<\/strong><\/p>\n<p><strong>Jhonatan Narv\u00e1ez<\/strong> contin\u00faa demostrando su buen nivel y se prepara para representar al Ecuador en la prueba de<\/p>\n<p>ruta de los<strong> Juegos Ol\u00edmpicos de Par\u00eds 2024. (D)<\/strong><\/p>\n<blockquote class=\"twitter-tweet\" data-width=\"550\" data-dnt=\"true\">\n<p lang=\"en\" dir=\"ltr\">Replay of Phil Bauhaus winning the second stage of Tour of Slovenia <a href=\"https:\/\/twitter.com\/hashtag\/TourofSlovenia?src=hash&amp;ref_src=twsrc%5Etfw\">#TourofSlovenia<\/a><a href=\"https:\/\/t.co\/Iy432U1xpE\">https:\/\/t.co\/Iy432U1xpE<\/a> <a href=\"https:\/\/t.co\/U4lCH8sUDJ\">pic.twitter.com\/U4lCH8sUDJ<\/a><\/p>\n<p>&mdash; Eemeli (@LosBrolin) <a href=\"https:\/\/twitter.com\/LosBrolin\/status\/1801238061679874395?ref_src=twsrc%5Etfw\">June 13, 2024<\/a><\/p><\/blockquote>\n<p><script async src=\"https:\/\/platform.twitter.com\/widgets.js\" charset=\"utf-8\"><\/script><\/p>\n<p>&nbsp;<\/p>\n<p>&nbsp;<\/p>\n<p>&nbsp;<\/p>\n<h3>Tour of Slovenia (2.Pro)<\/h3>\n<h4>Stage 2 \u00a0\u00bb\u00a0 \u017dalec \u203a Roga\u0161ka Slatina<\/h4>\n<ul class=\"results\">\n<li class=\"subreslinks\" data-id=\"293746\">\n<h5>Stage<\/h5>\n<table>\n<thead>\n<tr>\n<th>Rnk<\/th>\n<th>Rider<\/th>\n<th>Team<\/th>\n<th>Time<\/th>\n<\/tr>\n<\/thead>\n<tbody>\n<tr>\n<td>1<\/td>\n<td>\u00a0BAUHAUS Phil<\/td>\n<td>Bahrain &#8211; Victorious<\/td>\n<td>4:26:08<\/td>\n<\/tr>\n<tr>\n<td>2<\/td>\n<td>\u00a0<a href=\"https:\/\/www.procyclingstats.com\/rider\/alberto-dainese\" target=\"_blank\" rel=\"noopener\">DAINESE Alberto<\/a><\/td>\n<td><a href=\"https:\/\/www.procyclingstats.com\/team\/tudor-pro-cycling-team-2024\" target=\"_blank\" rel=\"noopener\">Tudor Pro Cycling Team<\/a><\/td>\n<td>0:00<\/td>\n<\/tr>\n<tr>\n<td>3<\/td>\n<td>\u00a0<a href=\"https:\/\/www.procyclingstats.com\/rider\/luka-mezgec\" target=\"_blank\" rel=\"noopener\">MEZGEC Luka<\/a><\/td>\n<td><a href=\"https:\/\/www.procyclingstats.com\/team\/team-jayco-alula-2024\" target=\"_blank\" rel=\"noopener\">Team Jayco AlUla<\/a><\/td>\n<td>0:00<\/td>\n<\/tr>\n<tr>\n<td>4<\/td>\n<td>\u00a0<a href=\"https:\/\/www.procyclingstats.com\/rider\/jonas-koch\" target=\"_blank\" rel=\"noopener\">KOCH Jonas<\/a><\/td>\n<td><a href=\"https:\/\/www.procyclingstats.com\/team\/bora-hansgrohe-2024\" target=\"_blank\" rel=\"noopener\">BORA &#8211; hansgrohe<\/a><\/td>\n<td>0:00<\/td>\n<\/tr>\n<tr>\n<td>5<\/td>\n<td>\u00a0NARV\u00c1EZ Jhonatan<\/td>\n<td>INEOS Grenadiers<\/td>\n<td>0:00<\/td>\n<\/tr>\n<tr>\n<td>6<\/td>\n<td>\u00a0<a href=\"https:\/\/www.procyclingstats.com\/rider\/alessandro-covi\" target=\"_blank\" rel=\"noopener\">COVI Alessandro<\/a><\/td>\n<td><a href=\"https:\/\/www.procyclingstats.com\/team\/uae-team-emirates-2024\" target=\"_blank\" rel=\"noopener\">UAE Team Emirates<\/a><\/td>\n<td>0:00<\/td>\n<\/tr>\n<tr>\n<td>7<\/td>\n<td>\u00a0<a href=\"https:\/\/www.procyclingstats.com\/rider\/filippo-fiorelli\" target=\"_blank\" rel=\"noopener\">FIORELLI Filippo<\/a><\/td>\n<td><a href=\"https:\/\/www.procyclingstats.com\/team\/vf-group-bardiani-csf-faizane-2024\" target=\"_blank\" rel=\"noopener\">VF Group &#8211; Bardiani CSF &#8211; Faizan\u00e8<\/a><\/td>\n<td>0:00<\/td>\n<\/tr>\n<tr>\n<td>8<\/td>\n<td>\u00a0<a href=\"https:\/\/www.procyclingstats.com\/rider\/giovanni-lonardi\" target=\"_blank\" rel=\"noopener\">LONARDI Giovanni<\/a><\/td>\n<td><a href=\"https:\/\/www.procyclingstats.com\/team\/team-polti-kometa-2024\" target=\"_blank\" rel=\"noopener\">Team Polti Kometa<\/a><\/td>\n<td>0:00<\/td>\n<\/tr>\n<tr>\n<td>9<\/td>\n<td>\u00a0<a href=\"https:\/\/www.procyclingstats.com\/rider\/matteo-moschetti\" target=\"_blank\" rel=\"noopener\">MOSCHETTI Matteo<\/a><\/td>\n<td><a href=\"https:\/\/www.procyclingstats.com\/team\/q365-pro-cycing-2024\" target=\"_blank\" rel=\"noopener\">Q36.5 Pro Cycling Team<\/a><\/td>\n<td>0:00<\/td>\n<\/tr>\n<tr>\n<td>10<\/td>\n<td>\u00a0<a href=\"https:\/\/www.procyclingstats.com\/rider\/orluis-aular\" target=\"_blank\" rel=\"noopener\">AULAR Orluis<\/a><\/td>\n<td><a href=\"https:\/\/www.procyclingstats.com\/team\/caja-rural-seguros-rga-2024\" target=\"_blank\" rel=\"noopener\">Caja Rural &#8211; Seguros RGA<\/a><\/td>\n<td>0:00<\/td>\n<\/tr>\n<\/tbody>\n<\/table>\n<\/li>\n<li class=\"subreslinks\" data-id=\"302204\">\n<h5>GC<\/h5>\n<table>\n<thead>\n<tr>\n<th>Rnk<\/th>\n<th>Rider<\/th>\n<th>Team<\/th>\n<th>Time<\/th>\n<\/tr>\n<\/thead>\n<tbody>\n<tr>\n<td>1<\/td>\n<td>\u00a0<a href=\"https:\/\/www.procyclingstats.com\/rider\/phil-bauhaus\" target=\"_blank\" rel=\"noopener\">BAUHAUS Phil<\/a><\/td>\n<td><a href=\"https:\/\/www.procyclingstats.com\/team\/bahrain-victorious-2024\" target=\"_blank\" rel=\"noopener\">Bahrain &#8211; Victorious<\/a><\/td>\n<td>9:00:54<\/td>\n<\/tr>\n<tr>\n<td>2<\/td>\n<td>\u00a0<a href=\"https:\/\/www.procyclingstats.com\/rider\/alberto-dainese\" target=\"_blank\" rel=\"noopener\">DAINESE Alberto<\/a><\/td>\n<td><a href=\"https:\/\/www.procyclingstats.com\/team\/tudor-pro-cycling-team-2024\" target=\"_blank\" rel=\"noopener\">Tudor Pro Cycling Team<\/a><\/td>\n<td>0:08<\/td>\n<\/tr>\n<tr>\n<td>3<\/td>\n<td>\u00a0<a href=\"https:\/\/www.procyclingstats.com\/rider\/alexander-kristoff\" target=\"_blank\" rel=\"noopener\">KRISTOFF Alexander<\/a><\/td>\n<td><a href=\"https:\/\/www.procyclingstats.com\/team\/uno-x-mobility-2024\" target=\"_blank\" rel=\"noopener\">Uno-X Mobility<\/a><\/td>\n<td>0:08<\/td>\n<\/tr>\n<tr>\n<td>4<\/td>\n<td>\u00a0<a href=\"https:\/\/www.procyclingstats.com\/rider\/martin-marcellusi\" target=\"_blank\" rel=\"noopener\">MARCELLUSI Martin<\/a><\/td>\n<td><a href=\"https:\/\/www.procyclingstats.com\/team\/vf-group-bardiani-csf-faizane-2024\" target=\"_blank\" rel=\"noopener\">VF Group &#8211; Bardiani CSF &#8211; Faizan\u00e8<\/a><\/td>\n<td>0:09<\/td>\n<\/tr>\n<tr>\n<td>5<\/td>\n<td>\u00a0<a href=\"https:\/\/www.procyclingstats.com\/rider\/luka-mezgec\" target=\"_blank\" rel=\"noopener\">MEZGEC Luka<\/a><\/td>\n<td><a href=\"https:\/\/www.procyclingstats.com\/team\/team-jayco-alula-2024\" target=\"_blank\" rel=\"noopener\">Team Jayco AlUla<\/a><\/td>\n<td>0:10<\/td>\n<\/tr>\n<tr>\n<td>6<\/td>\n<td>\u00a0NARV\u00c1EZ Jhonatan<\/td>\n<td>INEOS Grenadiers<\/td>\n<td>0:11<\/td>\n<\/tr>\n<tr>\n<td>7<\/td>\n<td>\u00a0<a href=\"https:\/\/www.procyclingstats.com\/rider\/ben-healy\" target=\"_blank\" rel=\"noopener\">HEALY Ben<\/a><\/td>\n<td><a href=\"https:\/\/www.procyclingstats.com\/team\/ef-education-easypost-2024\" target=\"_blank\" rel=\"noopener\">EF Education &#8211; EasyPost<\/a><\/td>\n<td>0:12<\/td>\n<\/tr>\n<tr>\n<td>8<\/td>\n<td>\u00a0<a href=\"https:\/\/www.procyclingstats.com\/rider\/domen-novak\" target=\"_blank\" rel=\"noopener\">NOVAK Domen<\/a><\/td>\n<td><a href=\"https:\/\/www.procyclingstats.com\/team\/uae-team-emirates-2024\" target=\"_blank\" rel=\"noopener\">UAE Team Emirates<\/a><\/td>\n<td>0:12<\/td>\n<\/tr>\n<tr>\n<td>9<\/td>\n<td>\u00a0<a href=\"https:\/\/www.procyclingstats.com\/rider\/mikkel-honore\" target=\"_blank\" rel=\"noopener\">HONOR\u00c9 Mikkel Fr\u00f8lich<\/a><\/td>\n<td><a href=\"https:\/\/www.procyclingstats.com\/team\/ef-education-easypost-2024\" target=\"_blank\" rel=\"noopener\">EF Education &#8211; EasyPost<\/a><\/td>\n<td>0:12<\/td>\n<\/tr>\n<tr>\n<td>10<\/td>\n<td>\u00a0<a href=\"https:\/\/www.procyclingstats.com\/rider\/matej-mohoric\" target=\"_blank\" rel=\"noopener\">MOHORI\u010c Matej<\/a><\/td>\n<td><a href=\"https:\/\/www.procyclingstats.com\/team\/bahrain-victorious-2024\" target=\"_blank\" rel=\"noopener\">Bahrain &#8211; Victorious<\/a><\/td>\n<td>0:12<\/td>\n<\/tr>\n<\/tbody>\n<\/table>\n<\/li>\n<\/ul>\n<div class=\"powered_by\"><img decoding=\"async\" src=\"https:\/\/www.procyclingstats.com\/images\/pcs_small.png\" \/>\u00a0Results powered by\u00a0www.procyclingstats.com<\/div>\n<div><\/div>\n<div><\/div>\n<div>Fuente: evafm.net &#8211; primicias.ec<\/div>\n<div class=\"gsp_post_data\" \r\n\t            data-post_type=\"post\" \r\n\t            data-cat=\"deportes-internacionales\" \r\n\t            data-modified=\"120\"\r\n\t            data-created=\"1718279655\"\r\n\t            data-title=\"&#8216;Lagarto&#8217;! Jhonatan Narv\u00e1ez llega quinto en la Etapa 2 del Tour de Eslovenia\" \r\n\t            data-home=\"https:\/\/www.evafm.net\/sitio\"><\/div>","protected":false},"excerpt":{"rendered":"<p>Jhonatan Narv\u00e1ez tuvo una destacada actuaci\u00f3n en la segunda etapa del Tour de Eslovenia. El pedalista tricolor lleg\u00f3 en quinta posici\u00f3n, con el mismo tiempo que el ganador, el alem\u00e1n Phil Bauhaus. Este resultado, adem\u00e1s, ubica al &#8216;Lagarto&#8217; en el sexto lugar de la clasificaci\u00f3n general, a 11 segundos de Bauhaus quien lidera esta tabla&#8230;.<\/p>\n","protected":false},"author":5,"featured_media":81076,"comment_status":"closed","ping_status":"open","sticky":false,"template":"","format":"standard","meta":{"_joinchat":[],"footnotes":""},"categories":[1342],"tags":[],"class_list":["post-81075","post","type-post","status-publish","format-standard","has-post-thumbnail","hentry","category-deportes-internacionales","have-post-thumb"],"_links":{"self":[{"href":"https:\/\/www.evafm.net\/sitio\/wp-json\/wp\/v2\/posts\/81075","targetHints":{"allow":["GET"]}}],"collection":[{"href":"https:\/\/www.evafm.net\/sitio\/wp-json\/wp\/v2\/posts"}],"about":[{"href":"https:\/\/www.evafm.net\/sitio\/wp-json\/wp\/v2\/types\/post"}],"author":[{"embeddable":true,"href":"https:\/\/www.evafm.net\/sitio\/wp-json\/wp\/v2\/users\/5"}],"replies":[{"embeddable":true,"href":"https:\/\/www.evafm.net\/sitio\/wp-json\/wp\/v2\/comments?post=81075"}],"version-history":[{"count":1,"href":"https:\/\/www.evafm.net\/sitio\/wp-json\/wp\/v2\/posts\/81075\/revisions"}],"predecessor-version":[{"id":81077,"href":"https:\/\/www.evafm.net\/sitio\/wp-json\/wp\/v2\/posts\/81075\/revisions\/81077"}],"wp:featuredmedia":[{"embeddable":true,"href":"https:\/\/www.evafm.net\/sitio\/wp-json\/wp\/v2\/media\/81076"}],"wp:attachment":[{"href":"https:\/\/www.evafm.net\/sitio\/wp-json\/wp\/v2\/media?parent=81075"}],"wp:term":[{"taxonomy":"category","embeddable":true,"href":"https:\/\/www.evafm.net\/sitio\/wp-json\/wp\/v2\/categories?post=81075"},{"taxonomy":"post_tag","embeddable":true,"href":"https:\/\/www.evafm.net\/sitio\/wp-json\/wp\/v2\/tags?post=81075"}],"curies":[{"name":"wp","href":"https:\/\/api.w.org\/{rel}","templated":true}]}}