{"id":81078,"date":"2024-06-13T12:01:09","date_gmt":"2024-06-13T17:01:09","guid":{"rendered":"https:\/\/www.evafm.net\/sitio\/?p=81078"},"modified":"2024-06-13T12:01:09","modified_gmt":"2024-06-13T17:01:09","slug":"ya-es-oficial-rafael-nadal-no-jugara-wimbledon","status":"publish","type":"post","link":"https:\/\/www.evafm.net\/sitio\/ya-es-oficial-rafael-nadal-no-jugara-wimbledon\/","title":{"rendered":"Ya es oficial! Rafael Nadal no jugar\u00e1 Wimbledon"},"content":{"rendered":"<p><strong>Rafael Nadal<\/strong> ha confirmado, este jueves 13 de junio, que no jugar\u00e1 en <strong>Wimbledon<\/strong> y se centrar\u00e1 en la preparaci\u00f3n de los <strong>Juegos Ol\u00edmpicos<\/strong><\/p>\n<p>con el torneo de Bastad<strong> (Suecia)<\/strong> como etapa intermedia.<\/p>\n<p>\u00abDurante mi rueda de prensa posterior al partido en <strong>Roland Garros<\/strong> me preguntaron sobre mi calendario de verano y desde entonces he estado<\/p>\n<p>entrenando en tierra batida.<\/p>\n<p>Ayer se anunci\u00f3 que jugar\u00e9 en los Juegos Ol\u00edmpicos de verano en Par\u00eds, mis \u00faltimos Juegos Ol\u00edmpicos\u00bb, se\u00f1al\u00f3 el tenista espa\u00f1ol <strong>Rafael Nadal<\/strong><\/p>\n<p>en sus redes sociales.<\/p>\n<p>&nbsp;<\/p>\n<p>\u00abCon este objetivo, creemos que lo mejor para mi cuerpo es no cambiar de superficie y seguir jugando en tierra batida hasta entonces.<\/p>\n<p>&nbsp;<\/p>\n<p>Es por esta raz\u00f3n que echar\u00e9 de menos jugar en <strong>Wimbledon este a\u00f1o. <\/strong><\/p>\n<p>&nbsp;<\/p>\n<p>Me entristece no poder vivir este a\u00f1o el gran ambiente de ese incre\u00edble torneo, que siempre estar\u00e1 en mi coraz\u00f3n, y estar con todos los aficionados<\/p>\n<p>brit\u00e1nicos que siempre me brindaron un gran apoyo.<\/p>\n<p><strong>Los extra\u00f1ar\u00e9 a todos\u00bb, a\u00f1adi\u00f3. (D)<\/strong><\/p>\n<p><small><\/small><\/p>\n<p>&nbsp;<\/p>\n<div class=\"css-1dbjc4n r-18u37iz r-kzbkwu\">\n<div class=\"css-1dbjc4n r-eqz5dr r-1777fci r-4amgru r-1kh6xel\">\n<div class=\"css-1dbjc4n r-1ny4l3l\">\n<div class=\"css-1dbjc4n r-1wbh5a2 r-dnmrzs r-1ny4l3l\">\n<div class=\"css-1dbjc4n r-1wbh5a2 r-dnmrzs r-1ny4l3l\">\n<div class=\"css-1dbjc4n r-1awozwy r-18u37iz r-dnmrzs\">\n<div class=\"css-901oao r-1awozwy r-18jsvk2 r-6koalj r-1qd0xha r-a023e6 r-b88u0q r-rjixqe r-bcqeeo r-1udh08x r-3s2u2q r-qvutc0\" dir=\"auto\"><strong><span class=\"css-901oao css-16my406 css-1hf3ou5 r-poiln3 r-bcqeeo r-qvutc0\"><span class=\"css-901oao css-16my406 r-poiln3 r-bcqeeo r-qvutc0\">Rafa Nadal<\/span><\/span><\/strong><\/div>\n<div class=\"css-901oao r-18jsvk2 r-xoduu5 r-18u37iz r-1q142lx r-1qd0xha r-a023e6 r-16dba41 r-rjixqe r-bcqeeo r-qvutc0\" dir=\"auto\"><\/div>\n<\/div>\n<div class=\"css-1dbjc4n r-1awozwy r-18u37iz r-1wbh5a2\">\n<div class=\"css-1dbjc4n\">\n<div class=\"css-901oao css-1hf3ou5 r-14j79pv r-18u37iz r-1qd0xha r-1wvb978 r-a023e6 r-16dba41 r-rjixqe r-bcqeeo r-qvutc0\" dir=\"ltr\"><strong><span class=\"css-901oao css-16my406 r-poiln3 r-bcqeeo r-qvutc0\">@RafaelNadal<\/span><\/strong><\/div>\n<\/div>\n<div class=\"css-1dbjc4n r-18u37iz r-1q142lx\">\n<div class=\"css-901oao r-14j79pv r-1q142lx r-1qd0xha r-a023e6 r-16dba41 r-rjixqe r-bcqeeo r-s1qlax r-qvutc0\" dir=\"auto\" aria-hidden=\"true\"><\/div>\n<\/div>\n<\/div>\n<\/div>\n<\/div>\n<\/div>\n<\/div>\n<\/div>\n<div class=\"css-1dbjc4n\">\n<div class=\"css-901oao r-18jsvk2 r-1dqbpge r-1qd0xha r-adyw6z r-16dba41 r-135wba7 r-bcqeeo r-bnwqim r-qvutc0\" dir=\"auto\" lang=\"en\" data-testid=\"tweetText\"><span class=\"css-901oao css-16my406 r-poiln3 r-bcqeeo r-qvutc0\">During my post match press conference at Roland Garros I was asked about my summer calendar and since then<\/span><\/div>\n<div class=\"css-901oao r-18jsvk2 r-1dqbpge r-1qd0xha r-adyw6z r-16dba41 r-135wba7 r-bcqeeo r-bnwqim r-qvutc0\" dir=\"auto\" lang=\"en\" data-testid=\"tweetText\"><span class=\"css-901oao css-16my406 r-poiln3 r-bcqeeo r-qvutc0\"> I have been practicing on clay. <\/span><\/div>\n<div class=\"css-901oao r-18jsvk2 r-1dqbpge r-1qd0xha r-adyw6z r-16dba41 r-135wba7 r-bcqeeo r-bnwqim r-qvutc0\" dir=\"auto\" lang=\"en\" data-testid=\"tweetText\"><span class=\"css-901oao css-16my406 r-poiln3 r-bcqeeo r-qvutc0\">It was announced yesterday that I will play at the summer Olympics in Paris, my last Olympics.<\/span><\/div>\n<\/div>\n<div dir=\"auto\" lang=\"en\" data-testid=\"tweetText\"><\/div>\n<div dir=\"auto\" lang=\"en\" data-testid=\"tweetText\"><\/div>\n<div dir=\"auto\" lang=\"en\" data-testid=\"tweetText\">Fuente: evafm.net &#8211; primicias.ec<\/div>\n<div class=\"gsp_post_data\" \r\n\t            data-post_type=\"post\" \r\n\t            data-cat=\"deportes-internacionales\" \r\n\t            data-modified=\"120\"\r\n\t            data-created=\"1718280069\"\r\n\t            data-title=\"Ya es oficial! Rafael Nadal no jugar\u00e1 Wimbledon\" \r\n\t            data-home=\"https:\/\/www.evafm.net\/sitio\"><\/div>","protected":false},"excerpt":{"rendered":"<p>Rafael Nadal ha confirmado, este jueves 13 de junio, que no jugar\u00e1 en Wimbledon y se centrar\u00e1 en la preparaci\u00f3n de los Juegos Ol\u00edmpicos con el torneo de Bastad (Suecia) como etapa intermedia. \u00abDurante mi rueda de prensa posterior al partido en Roland Garros me preguntaron sobre mi calendario de verano y desde entonces he&#8230;<\/p>\n","protected":false},"author":5,"featured_media":81079,"comment_status":"closed","ping_status":"open","sticky":false,"template":"","format":"standard","meta":{"_joinchat":[],"footnotes":""},"categories":[1342],"tags":[],"class_list":["post-81078","post","type-post","status-publish","format-standard","has-post-thumbnail","hentry","category-deportes-internacionales","have-post-thumb"],"_links":{"self":[{"href":"https:\/\/www.evafm.net\/sitio\/wp-json\/wp\/v2\/posts\/81078","targetHints":{"allow":["GET"]}}],"collection":[{"href":"https:\/\/www.evafm.net\/sitio\/wp-json\/wp\/v2\/posts"}],"about":[{"href":"https:\/\/www.evafm.net\/sitio\/wp-json\/wp\/v2\/types\/post"}],"author":[{"embeddable":true,"href":"https:\/\/www.evafm.net\/sitio\/wp-json\/wp\/v2\/users\/5"}],"replies":[{"embeddable":true,"href":"https:\/\/www.evafm.net\/sitio\/wp-json\/wp\/v2\/comments?post=81078"}],"version-history":[{"count":1,"href":"https:\/\/www.evafm.net\/sitio\/wp-json\/wp\/v2\/posts\/81078\/revisions"}],"predecessor-version":[{"id":81080,"href":"https:\/\/www.evafm.net\/sitio\/wp-json\/wp\/v2\/posts\/81078\/revisions\/81080"}],"wp:featuredmedia":[{"embeddable":true,"href":"https:\/\/www.evafm.net\/sitio\/wp-json\/wp\/v2\/media\/81079"}],"wp:attachment":[{"href":"https:\/\/www.evafm.net\/sitio\/wp-json\/wp\/v2\/media?parent=81078"}],"wp:term":[{"taxonomy":"category","embeddable":true,"href":"https:\/\/www.evafm.net\/sitio\/wp-json\/wp\/v2\/categories?post=81078"},{"taxonomy":"post_tag","embeddable":true,"href":"https:\/\/www.evafm.net\/sitio\/wp-json\/wp\/v2\/tags?post=81078"}],"curies":[{"name":"wp","href":"https:\/\/api.w.org\/{rel}","templated":true}]}}