{"id":81084,"date":"2024-06-13T12:37:07","date_gmt":"2024-06-13T17:37:07","guid":{"rendered":"https:\/\/www.evafm.net\/sitio\/?p=81084"},"modified":"2024-06-13T12:37:07","modified_gmt":"2024-06-13T17:37:07","slug":"adam-yates-gana-la-etapa-5-del-tour-de-suiza","status":"publish","type":"post","link":"https:\/\/www.evafm.net\/sitio\/adam-yates-gana-la-etapa-5-del-tour-de-suiza\/","title":{"rendered":"Adam Yates gana la etapa 5 del Tour de Suiza"},"content":{"rendered":"<p><strong>La quinta etapa del Tour de Suiza<\/strong>, con un recorrido de 142.3 kil\u00f3metros entre <strong>Ambri y Cari<\/strong>, fue un verdadero espect\u00e1culo de ciclismo<\/p>\n<p>donde la monta\u00f1a y la estrategia se combinaron para ofrecer una jornada inolvidable.<\/p>\n<p>&nbsp;<\/p>\n<p>Desde el inicio, las expectativas eran altas debido a la presencia de varios puertos desafiantes, incluyendo el temido puerto de primera<\/p>\n<p>categor\u00eda en Cari donde se defini\u00f3 la etapa.<\/p>\n<p>&nbsp;<\/p>\n<p>No obstante, el pelot\u00f3n a\u00fan ten\u00eda un largo recorrido por delante y, entre los primeros kil\u00f3metros, tuvieron que verse las caras por primera vez<\/p>\n<p>en el d\u00eda con el paso por Cari.<\/p>\n<p>All\u00ed, Lutsenko volvi\u00f3 a mostrar su fortaleza y cruz\u00f3 primero, seguido de cerca por el colombiano Egan Bernal (<strong>INEOS Grenadiers).<\/strong><\/p>\n<p>Este fue un indicio de lo que vendr\u00eda, ya que Bernal demostr\u00f3 <strong>estar en excelente forma,<\/strong>\u00a0dispuesto a luchar por cada segundo en su<\/p>\n<p>b\u00fasqueda por el podio.<\/p>\n<p>&nbsp;<\/p>\n<p><strong>Yates<\/strong> cruz\u00f3 la meta en Cari con un tiempo de <strong>15:44:35\u00a0<\/strong> como ganador de la etapa, consolidando su liderazgo en la clasificaci\u00f3n general.<\/p>\n<p><strong>Su coequipero, Joao Almeida, lleg\u00f3 en segundo lugar, mientras que Bernal se asegur\u00f3 un meritorio tercer puesto.\u00a0<\/strong><\/p>\n<p>&nbsp;<\/p>\n<p>Este resultado permiti\u00f3 a Bernal ascender al top 3 en la clasificaci\u00f3n general, demostrando que a\u00fan tiene mucho que ofrecer en esta<\/p>\n<p>competencia.<\/p>\n<p>&nbsp;<\/p>\n<p>Aunque el triunfo fue para Yates, Bernal se consolid\u00f3 como una de las grandes figuras del d\u00eda, con su mirada firme en el podio final.<\/p>\n<p>&nbsp;<\/p>\n<p>Con varias etapas a\u00fan por delante, el Tour de Suiza promete m\u00e1s emociones y desaf\u00edos, y los aficionados al ciclismo esperan con ansias<\/p>\n<p>ver c\u00f3mo se desarrolla esta emocionante competencia<strong>. (D)<\/strong><\/p>\n<p>&nbsp;<\/p>\n<p>&nbsp;<\/p>\n<p><strong>Etapa 6 (alta monta\u00f1a)<\/strong><\/p>\n<p>De Locarno a Blatten-Belalp<\/p>\n<p>Distancia: 151,4 kil\u00f3metros<\/p>\n<p><strong>Fecha<\/strong>: Viernes 14 de junio de 2024<\/p>\n<p><strong>Horario de transmisi\u00f3n:<\/strong>\u00a007:00\u00a0<strong>(hora de Ecuador)<\/strong><\/p>\n<p>&nbsp;<\/p>\n<p>&nbsp;<\/p>\n<h2 class=\"wp-block-heading\">CLASIFICACI\u00d3N GENERAL TOUR DE SUIZA 2024:<\/h2>\n<figure class=\"wp-block-table\">\n<table>\n<tbody>\n<tr>\n<td><strong>1<\/strong><\/td>\n<td><strong>Adam Yates<\/strong><\/td>\n<td><strong>UAE Team Emirates<\/strong><\/td>\n<td><strong>15:44:35<\/strong><\/td>\n<\/tr>\n<tr>\n<td>2<\/td>\n<td>Joao Almeida<\/td>\n<td>UAE Team Emirates<\/td>\n<td>0:35<\/td>\n<\/tr>\n<tr>\n<td><strong>3<\/strong><\/td>\n<td><strong>Egan Bernal<\/strong><\/td>\n<td><strong>INEOS Grenadiers<\/strong><\/td>\n<td><strong>1:11<\/strong><\/td>\n<\/tr>\n<tr>\n<td>4<\/td>\n<td>Enric Mas<\/td>\n<td>Movistar Team<\/td>\n<td>1:49<\/td>\n<\/tr>\n<tr>\n<td>5<\/td>\n<td>Matheww Riccitello<\/td>\n<td>Israel Premier Tech<\/td>\n<td>1:53<\/td>\n<\/tr>\n<tr>\n<td>6<\/td>\n<td>Mattias Skjelmose<\/td>\n<td>Lidl Trek<\/td>\n<td>2:17<\/td>\n<\/tr>\n<tr>\n<td>7<\/td>\n<td>Oscar Onley<\/td>\n<td>Team dsm<\/td>\n<td>2:21<\/td>\n<\/tr>\n<tr>\n<td>8<\/td>\n<td>Tom Pidcock<\/td>\n<td>INEOS Grenadiers<\/td>\n<td>2:46<\/td>\n<\/tr>\n<tr>\n<td>9<\/td>\n<td>Cian Uijtdebroeks<\/td>\n<td>Team Visma<\/td>\n<td>2:51<\/td>\n<\/tr>\n<tr>\n<td>10<\/td>\n<td><strong>Sergio Higuita<\/strong><\/td>\n<td><strong>BORA \u2013 hansgrohe<\/strong><\/td>\n<td><strong>3:01<\/strong><\/td>\n<\/tr>\n<tr>\n<td><strong>25<\/strong><\/td>\n<td><strong>Brandon Rivera<\/strong><\/td>\n<td><strong>INEOS Grenadiers<\/strong><\/td>\n<td><strong>7:43<\/strong><\/td>\n<\/tr>\n<tr>\n<td><strong>30<\/strong><\/td>\n<td><strong>Einer Rubio<\/strong><\/td>\n<td><strong>Movistar Team<\/strong><\/td>\n<td><strong>11:06<\/strong><\/td>\n<\/tr>\n<tr>\n<td><strong>#<\/strong><\/td>\n<td><strong>Nairo QUintana<\/strong><\/td>\n<td><strong>Movistar Team<\/strong><\/td>\n<td><strong>Retirado<\/strong><\/td>\n<\/tr>\n<\/tbody>\n<\/table>\n<\/figure>\n<p>&nbsp;<\/p>\n<p>Fuente: clarosports .com<\/p>\n<div class=\"gsp_post_data\" \r\n\t            data-post_type=\"post\" \r\n\t            data-cat=\"deportes-internacionales\" \r\n\t            data-modified=\"120\"\r\n\t            data-created=\"1718282227\"\r\n\t            data-title=\"Adam Yates gana la etapa 5 del Tour de Suiza\" \r\n\t            data-home=\"https:\/\/www.evafm.net\/sitio\"><\/div>","protected":false},"excerpt":{"rendered":"<p>La quinta etapa del Tour de Suiza, con un recorrido de 142.3 kil\u00f3metros entre Ambri y Cari, fue un verdadero espect\u00e1culo de ciclismo donde la monta\u00f1a y la estrategia se combinaron para ofrecer una jornada inolvidable. &nbsp; Desde el inicio, las expectativas eran altas debido a la presencia de varios puertos desafiantes, incluyendo el temido&#8230;<\/p>\n","protected":false},"author":5,"featured_media":81085,"comment_status":"closed","ping_status":"open","sticky":false,"template":"","format":"standard","meta":{"_joinchat":[],"footnotes":""},"categories":[1342],"tags":[],"class_list":["post-81084","post","type-post","status-publish","format-standard","has-post-thumbnail","hentry","category-deportes-internacionales","have-post-thumb"],"_links":{"self":[{"href":"https:\/\/www.evafm.net\/sitio\/wp-json\/wp\/v2\/posts\/81084","targetHints":{"allow":["GET"]}}],"collection":[{"href":"https:\/\/www.evafm.net\/sitio\/wp-json\/wp\/v2\/posts"}],"about":[{"href":"https:\/\/www.evafm.net\/sitio\/wp-json\/wp\/v2\/types\/post"}],"author":[{"embeddable":true,"href":"https:\/\/www.evafm.net\/sitio\/wp-json\/wp\/v2\/users\/5"}],"replies":[{"embeddable":true,"href":"https:\/\/www.evafm.net\/sitio\/wp-json\/wp\/v2\/comments?post=81084"}],"version-history":[{"count":1,"href":"https:\/\/www.evafm.net\/sitio\/wp-json\/wp\/v2\/posts\/81084\/revisions"}],"predecessor-version":[{"id":81086,"href":"https:\/\/www.evafm.net\/sitio\/wp-json\/wp\/v2\/posts\/81084\/revisions\/81086"}],"wp:featuredmedia":[{"embeddable":true,"href":"https:\/\/www.evafm.net\/sitio\/wp-json\/wp\/v2\/media\/81085"}],"wp:attachment":[{"href":"https:\/\/www.evafm.net\/sitio\/wp-json\/wp\/v2\/media?parent=81084"}],"wp:term":[{"taxonomy":"category","embeddable":true,"href":"https:\/\/www.evafm.net\/sitio\/wp-json\/wp\/v2\/categories?post=81084"},{"taxonomy":"post_tag","embeddable":true,"href":"https:\/\/www.evafm.net\/sitio\/wp-json\/wp\/v2\/tags?post=81084"}],"curies":[{"name":"wp","href":"https:\/\/api.w.org\/{rel}","templated":true}]}}