{"id":81087,"date":"2024-06-13T12:59:59","date_gmt":"2024-06-13T17:59:59","guid":{"rendered":"https:\/\/www.evafm.net\/sitio\/?p=81087"},"modified":"2024-06-13T12:59:59","modified_gmt":"2024-06-13T17:59:59","slug":"sporting-cristal-oficializo-a-guillermo-farre-como-dt","status":"publish","type":"post","link":"https:\/\/www.evafm.net\/sitio\/sporting-cristal-oficializo-a-guillermo-farre-como-dt\/","title":{"rendered":"Sporting Cristal Oficializo a Guillermo Farre como DT"},"content":{"rendered":"<p>Una nueva etapa en<strong> Sporting Cristal.<\/strong><\/p>\n<p>Este mi\u00e9rcoles 12 de junio se confirm\u00f3 que\u00a0<strong>Guillermo Farr\u00e9\u00a0<\/strong>es el nuevo <strong>DT<\/strong> de la instituci\u00f3n celeste.<\/p>\n<p>El gu\u00eda de 43 a\u00f1os llegar\u00e1 al Per\u00fa, luego de dirigir a Belgrano de C\u00f3rdoba en los \u00faltimos cuatro a\u00f1os<\/p>\n<p><b>(dos en Segunda y dos en Primera): <\/b><\/p>\n<p><b>gan\u00f3 el Torneo de Ascenso en 2022 y el a\u00f1o pasado consigui\u00f3 <\/b>la clasificaci\u00f3n a la<b> Conmebol Sudamericana. <\/b><\/p>\n<p>&nbsp;<\/p>\n<p>El club rimense hizo oficial la llegada del estratega por medio de sus redes sociales y precis\u00f3 que los unir\u00e1<\/p>\n<p><b>un v\u00ednculo de trabajo hasta diciembre de 2025.<\/b><\/p>\n<p>&nbsp;<\/p>\n<p>La dirigencia de los cerveceros ten\u00eda algunos\u00a0<b>nombres en carpeta<\/b> (Jorge Cazulo, Gustavo Mun\u00faa y hasta Ram\u00f3n D\u00edaz)<\/p>\n<p>pero se decidi\u00f3 que Farr\u00e9 sea el elegido para comandar el equipo en el Torneo Clausura de la\u00a0<b>Liga 1 2024<\/b>.<\/p>\n<p>&nbsp;<\/p>\n<p>Seg\u00fan pudo conocer\u00a0<b>Depor<\/b>, el t\u00e9cnico pisar\u00e1 nuestro suelo este viernes 14 de junio.<\/p>\n<p>Posteriormente ser\u00e1 presentado e iniciar\u00e1 sus labores con la plantilla.<\/p>\n<p>&nbsp;<\/p>\n<p>Ser\u00e1 el primer desaf\u00edo que tenga Farr\u00e9 lejos de su natal Argentina.<\/p>\n<p>Su \u00fanica aventura como DT fue la que vivi\u00f3 en el \u2018Pirata\u2019.<\/p>\n<p>&nbsp;<\/p>\n<p><b>Asimismo, fue asistente t\u00e9cnico en Estudiantes de la Plata en el a\u00f1o 2021. <\/b><\/p>\n<p><b>Dentro de sus logros m\u00e1s destacados est\u00e1 el campeonato de Segunda Divisi\u00f3n en el 2022. <\/b><\/p>\n<p><b>Ah\u00ed construy\u00f3 un equipo bastante f\u00edsico y que presionaba alto, adem\u00e1s de ser ordenado y priorizar<\/b><\/p>\n<p><b> el cero en el arco.<\/b><\/p>\n<p>&nbsp;<\/p>\n<p>Farr\u00e9 tambi\u00e9n contaba con ofertas de Emelec de Ecuador y de Newell\u2019s; este \u00faltimo buscaba su servicio tras la salida<\/p>\n<p>del uruguayo Mauricio Larriera.<\/p>\n<p>A su vez, hay que mencionar que el nuevo DT de Cristal tambi\u00e9n fue futbolista profesional y estuvo en clubes como<\/p>\n<p>Central C\u00f3rdoba, Sarmiento de Jun\u00edn y Belgrano, y colg\u00f3 los botines en el a\u00f1o 2019. <b>(D)<\/b><\/p>\n<p>&nbsp;<\/p>\n<p>&nbsp;<\/p>\n<div class=\"css-175oi2r r-zl2h9q\">\n<div class=\"css-175oi2r r-k4xj1c r-18u37iz r-1wtj0ep\">\n<div class=\"css-175oi2r r-1d09ksm r-18u37iz r-1wbh5a2\">\n<div class=\"css-175oi2r r-1wbh5a2 r-dnmrzs r-1ny4l3l\">\n<div id=\"id__do35raa2f4s\" class=\"css-175oi2r r-1wbh5a2 r-dnmrzs r-1ny4l3l r-1awozwy r-18u37iz\" data-testid=\"User-Name\">\n<div class=\"css-175oi2r r-1awozwy r-18u37iz r-1wbh5a2 r-dnmrzs\">\n<div class=\"css-175oi2r r-1wbh5a2 r-dnmrzs\">\n<div class=\"css-175oi2r r-1awozwy r-18u37iz r-1wbh5a2 r-dnmrzs\">\n<div class=\"css-146c3p1 r-bcqeeo r-1ttztb7 r-qvutc0 r-37j5jr r-a023e6 r-rjixqe r-b88u0q r-1awozwy r-6koalj r-1udh08x r-3s2u2q\" dir=\"ltr\"><strong><span class=\"css-1jxf684 r-dnmrzs r-1udh08x r-3s2u2q r-bcqeeo r-1ttztb7 r-qvutc0 r-poiln3\"><span class=\"css-1jxf684 r-bcqeeo r-1ttztb7 r-qvutc0 r-poiln3\">Club Sporting Cristal<\/span><\/span><\/strong><\/div>\n<div class=\"css-146c3p1 r-bcqeeo r-1ttztb7 r-qvutc0 r-37j5jr r-a023e6 r-rjixqe r-16dba41 r-xoduu5 r-18u37iz r-1q142lx\" dir=\"ltr\"><\/div>\n<\/div>\n<\/div>\n<\/div>\n<div class=\"css-175oi2r r-18u37iz r-1wbh5a2 r-1ez5h0i\">\n<div class=\"css-175oi2r r-1d09ksm r-18u37iz r-1wbh5a2\">\n<div class=\"css-175oi2r r-1wbh5a2 r-dnmrzs\">\n<div class=\"css-146c3p1 r-dnmrzs r-1udh08x r-3s2u2q r-bcqeeo r-1ttztb7 r-qvutc0 r-37j5jr r-a023e6 r-rjixqe r-16dba41 r-18u37iz r-1wvb978\" dir=\"ltr\"><strong><span class=\"css-1jxf684 r-bcqeeo r-1ttztb7 r-qvutc0 r-poiln3\">@ClubSCristal<\/span><\/strong><\/div>\n<\/div>\n<div class=\"css-146c3p1 r-bcqeeo r-1ttztb7 r-qvutc0 r-37j5jr r-a023e6 r-rjixqe r-16dba41 r-1q142lx r-n7gxbd\" dir=\"ltr\" aria-hidden=\"true\"><span class=\"css-1jxf684 r-bcqeeo r-1ttztb7 r-qvutc0 r-poiln3\">\u00b7<\/span><\/div>\n<\/div>\n<\/div>\n<\/div>\n<\/div>\n<\/div>\n<div class=\"css-175oi2r r-1kkk96v\">\n<div class=\"css-175oi2r r-1awozwy r-18u37iz r-1cmwbt1 r-1wtj0ep\">\n<div class=\"css-175oi2r r-1awozwy r-6koalj r-18u37iz\">\n<div class=\"css-175oi2r\">\n<div class=\"css-175oi2r r-18u37iz r-1h0z5md\">\n<div class=\"css-146c3p1 r-bcqeeo r-1ttztb7 r-qvutc0 r-37j5jr r-a023e6 r-rjixqe r-16dba41 r-1awozwy r-6koalj r-1h0z5md r-o7ynqc r-clp7b1 r-3s2u2q\" dir=\"ltr\">\n<div class=\"css-175oi2r r-xoduu5\">\n<div class=\"css-175oi2r r-xoduu5 r-1p0dtai r-1d2f490 r-u8s1d r-zchlnj r-ipm5af r-1niwhzg r-sdzlij r-xf4iuw r-o7ynqc r-6416eg r-1ny4l3l\"><span class=\"css-1jxf684 r-bcqeeo r-1ttztb7 r-qvutc0 r-poiln3\">\u00a1Bienvenido al R\u00edmac, Guillermo! <\/span> <span class=\"css-1jxf684 r-bcqeeo r-1ttztb7 r-qvutc0 r-poiln3\">Nos alegra anunciar que Guillermo Farr\u00e9 ser\u00e1 el Director T\u00e9cnico de nuestro<\/span><\/div>\n<\/div>\n<\/div>\n<\/div>\n<\/div>\n<\/div>\n<\/div>\n<\/div>\n<\/div>\n<\/div>\n<div class=\"css-175oi2r\">\n<div class=\"css-146c3p1 r-8akbws r-krxsd3 r-dnmrzs r-1udh08x r-bcqeeo r-1ttztb7 r-qvutc0 r-37j5jr r-a023e6 r-rjixqe r-16dba41 r-bnwqim\" dir=\"auto\" lang=\"es\" data-testid=\"tweetText\"><span class=\"css-1jxf684 r-bcqeeo r-1ttztb7 r-qvutc0 r-poiln3\"> Sporting Cristal hasta diciembre de 2025.<\/span><\/div>\n<\/div>\n<div dir=\"auto\" lang=\"es\" data-testid=\"tweetText\"><\/div>\n<div dir=\"auto\" lang=\"es\" data-testid=\"tweetText\"><img fetchpriority=\"high\" decoding=\"async\" class=\"\" src=\"https:\/\/pbs.twimg.com\/media\/GP5-DIGXoAEo0QM?format=jpg&amp;name=small\" alt=\"Imagen\" width=\"476\" height=\"595\" \/><\/div>\n<p>&nbsp;<\/p>\n<p>&nbsp;<\/p>\n<p>Fuente: evafm.net &#8211; depor.com<\/p>\n<div class=\"gsp_post_data\" \r\n\t            data-post_type=\"post\" \r\n\t            data-cat=\"deportes-internacionales\" \r\n\t            data-modified=\"120\"\r\n\t            data-created=\"1718283599\"\r\n\t            data-title=\"Sporting Cristal Oficializo a Guillermo Farre como DT\" \r\n\t            data-home=\"https:\/\/www.evafm.net\/sitio\"><\/div>","protected":false},"excerpt":{"rendered":"<p>Una nueva etapa en Sporting Cristal. Este mi\u00e9rcoles 12 de junio se confirm\u00f3 que\u00a0Guillermo Farr\u00e9\u00a0es el nuevo DT de la instituci\u00f3n celeste. El gu\u00eda de 43 a\u00f1os llegar\u00e1 al Per\u00fa, luego de dirigir a Belgrano de C\u00f3rdoba en los \u00faltimos cuatro a\u00f1os (dos en Segunda y dos en Primera): gan\u00f3 el Torneo de Ascenso en&#8230;<\/p>\n","protected":false},"author":5,"featured_media":81092,"comment_status":"closed","ping_status":"open","sticky":false,"template":"","format":"standard","meta":{"_joinchat":[],"footnotes":""},"categories":[1342],"tags":[],"class_list":["post-81087","post","type-post","status-publish","format-standard","has-post-thumbnail","hentry","category-deportes-internacionales","have-post-thumb"],"_links":{"self":[{"href":"https:\/\/www.evafm.net\/sitio\/wp-json\/wp\/v2\/posts\/81087","targetHints":{"allow":["GET"]}}],"collection":[{"href":"https:\/\/www.evafm.net\/sitio\/wp-json\/wp\/v2\/posts"}],"about":[{"href":"https:\/\/www.evafm.net\/sitio\/wp-json\/wp\/v2\/types\/post"}],"author":[{"embeddable":true,"href":"https:\/\/www.evafm.net\/sitio\/wp-json\/wp\/v2\/users\/5"}],"replies":[{"embeddable":true,"href":"https:\/\/www.evafm.net\/sitio\/wp-json\/wp\/v2\/comments?post=81087"}],"version-history":[{"count":1,"href":"https:\/\/www.evafm.net\/sitio\/wp-json\/wp\/v2\/posts\/81087\/revisions"}],"predecessor-version":[{"id":81093,"href":"https:\/\/www.evafm.net\/sitio\/wp-json\/wp\/v2\/posts\/81087\/revisions\/81093"}],"wp:featuredmedia":[{"embeddable":true,"href":"https:\/\/www.evafm.net\/sitio\/wp-json\/wp\/v2\/media\/81092"}],"wp:attachment":[{"href":"https:\/\/www.evafm.net\/sitio\/wp-json\/wp\/v2\/media?parent=81087"}],"wp:term":[{"taxonomy":"category","embeddable":true,"href":"https:\/\/www.evafm.net\/sitio\/wp-json\/wp\/v2\/categories?post=81087"},{"taxonomy":"post_tag","embeddable":true,"href":"https:\/\/www.evafm.net\/sitio\/wp-json\/wp\/v2\/tags?post=81087"}],"curies":[{"name":"wp","href":"https:\/\/api.w.org\/{rel}","templated":true}]}}