{"id":81094,"date":"2024-06-13T14:12:54","date_gmt":"2024-06-13T19:12:54","guid":{"rendered":"https:\/\/www.evafm.net\/sitio\/?p=81094"},"modified":"2024-06-13T14:12:54","modified_gmt":"2024-06-13T19:12:54","slug":"esteban-paz-maximiliano-bauza-y-jorge-callejas-compraron-leones-del-norte","status":"publish","type":"post","link":"https:\/\/www.evafm.net\/sitio\/esteban-paz-maximiliano-bauza-y-jorge-callejas-compraron-leones-del-norte\/","title":{"rendered":"Esteban Paz, Maximiliano Bauza y Jorge Callejas compraron Leones del Norte"},"content":{"rendered":"<p>Esteban Paz, expresidente de la Comisi\u00f3n de F\u00fatbol de Liga de Quito, volver\u00e1 al f\u00fatbol ecuatoriano para tomar las riendas de<\/p>\n<p><strong> Leones del Norte, club que milita en la Serie B. <\/strong><\/p>\n<p>As\u00ed lo confirm\u00f3 el mismo dirigente a PRIMICIAS, a trav\u00e9s de mensajes de WhatsApp.<\/p>\n<p>&nbsp;<\/p>\n<p>\u00abConjuntamente con <strong>Jorge Callejas y Maxi Bauza<\/strong> hemos adquirido <strong>Leones del Norte.<\/strong><\/p>\n<p>&nbsp;<\/p>\n<p>Es un tremendo grupo de trabajo y sabemos que esto es empezar desde abajo, desde cero.<\/p>\n<p>Muy ilusionados de trabajar formando chicos y chicas, d\u00e1ndoles una oportunidad en la vida.<\/p>\n<p>Ser\u00e1 un reto dif\u00edcil porque mi coraz\u00f3n est\u00e1 en Liga, pero tengo que darle la vuelta a la p\u00e1gina ya\u00bb, explic\u00f3 Paz.<\/p>\n<p>&nbsp;<\/p>\n<p>Callejas trabaj\u00f3 en Liga de Quito como presidente de las categor\u00edas formativas; mientras que<strong> Maxi Bauza <\/strong><\/p>\n<p>es hijo del &#8216;Pat\u00f3n&#8217; y en los \u00faltimos a\u00f1os se ha desempe\u00f1ado como empresario y agente de jugadores.<\/p>\n<p>El equipo de Atuntaqui se ubica actualmente en la \u00faltima posici\u00f3n de la tabla de posiciones de la Serie B<\/p>\n<p>tras 14 fechas disputadas. Sin embargo, en diciembre de 2023 se consagr\u00f3 campe\u00f3n de la Segunda Categor\u00eda<\/p>\n<p>tras derrotar a San Antonio en la final \u00fanica.<\/p>\n<p>&nbsp;<\/p>\n<p>El 31 de enero de 2024 se acab\u00f3 el v\u00ednculo de la Comisi\u00f3n Especial de F\u00fatbol, misma que lideraba Paz, con el<\/p>\n<p>Club Liga Deportiva Universitaria.<\/p>\n<p>Esteban se uni\u00f3 oficialmente al club &#8216;albo&#8217; en 1999, cuando lleg\u00f3 a trabajar en las divisiones inferiores, con su<\/p>\n<p>padre Rodrigo a la cabeza.<\/p>\n<p>Rodrigo y Esteban Paz, acompa\u00f1ados de varios dirigentes y personas de su confianza, administraron a Liga de Quito<\/p>\n<p>durante 26 a\u00f1os con un resultado completamente favorable: 16 t\u00edtulos oficiales.<\/p>\n<p>&nbsp;<\/p>\n<p>\u00abTom\u00e9 la decisi\u00f3n, pese a que quer\u00eda estar un tiempo lejos del f\u00fatbol.<\/p>\n<p>Pero al ver a mis colaboradores que salieron mal de Liga y est\u00e1n sin trabajo, es mi responsabilidad hacer algo y creo que<\/p>\n<p>esta fue la mayor motivaci\u00f3n para hacerlo\u00bb, dijo Paz.<\/p>\n<p>En los pr\u00f3ximos d\u00edas, el anuncio se har\u00e1 oficial y Esteban Paz explicar\u00e1 en qu\u00e9 consiste este nuevo proyecto en Leones del Norte. <strong>(D)<\/strong><\/p>\n<p>&nbsp;<\/p>\n<p>Fuente: evafm.net &#8211; primicias.ec<\/p>\n<div class=\"gsp_post_data\" \r\n\t            data-post_type=\"post\" \r\n\t            data-cat=\"deportes-ecuador\" \r\n\t            data-modified=\"120\"\r\n\t            data-created=\"1718287974\"\r\n\t            data-title=\"Esteban Paz, Maximiliano Bauza y Jorge Callejas compraron Leones del Norte\" \r\n\t            data-home=\"https:\/\/www.evafm.net\/sitio\"><\/div>","protected":false},"excerpt":{"rendered":"<p>Esteban Paz, expresidente de la Comisi\u00f3n de F\u00fatbol de Liga de Quito, volver\u00e1 al f\u00fatbol ecuatoriano para tomar las riendas de Leones del Norte, club que milita en la Serie B. As\u00ed lo confirm\u00f3 el mismo dirigente a PRIMICIAS, a trav\u00e9s de mensajes de WhatsApp. &nbsp; \u00abConjuntamente con Jorge Callejas y Maxi Bauza hemos adquirido&#8230;<\/p>\n","protected":false},"author":5,"featured_media":81095,"comment_status":"closed","ping_status":"open","sticky":false,"template":"","format":"standard","meta":{"_joinchat":[],"footnotes":""},"categories":[1557],"tags":[],"class_list":["post-81094","post","type-post","status-publish","format-standard","has-post-thumbnail","hentry","category-deportes-ecuador","have-post-thumb"],"_links":{"self":[{"href":"https:\/\/www.evafm.net\/sitio\/wp-json\/wp\/v2\/posts\/81094","targetHints":{"allow":["GET"]}}],"collection":[{"href":"https:\/\/www.evafm.net\/sitio\/wp-json\/wp\/v2\/posts"}],"about":[{"href":"https:\/\/www.evafm.net\/sitio\/wp-json\/wp\/v2\/types\/post"}],"author":[{"embeddable":true,"href":"https:\/\/www.evafm.net\/sitio\/wp-json\/wp\/v2\/users\/5"}],"replies":[{"embeddable":true,"href":"https:\/\/www.evafm.net\/sitio\/wp-json\/wp\/v2\/comments?post=81094"}],"version-history":[{"count":1,"href":"https:\/\/www.evafm.net\/sitio\/wp-json\/wp\/v2\/posts\/81094\/revisions"}],"predecessor-version":[{"id":81096,"href":"https:\/\/www.evafm.net\/sitio\/wp-json\/wp\/v2\/posts\/81094\/revisions\/81096"}],"wp:featuredmedia":[{"embeddable":true,"href":"https:\/\/www.evafm.net\/sitio\/wp-json\/wp\/v2\/media\/81095"}],"wp:attachment":[{"href":"https:\/\/www.evafm.net\/sitio\/wp-json\/wp\/v2\/media?parent=81094"}],"wp:term":[{"taxonomy":"category","embeddable":true,"href":"https:\/\/www.evafm.net\/sitio\/wp-json\/wp\/v2\/categories?post=81094"},{"taxonomy":"post_tag","embeddable":true,"href":"https:\/\/www.evafm.net\/sitio\/wp-json\/wp\/v2\/tags?post=81094"}],"curies":[{"name":"wp","href":"https:\/\/api.w.org\/{rel}","templated":true}]}}