{"id":81097,"date":"2024-06-13T16:47:22","date_gmt":"2024-06-13T21:47:22","guid":{"rendered":"https:\/\/www.evafm.net\/sitio\/?p=81097"},"modified":"2024-06-13T16:47:22","modified_gmt":"2024-06-13T21:47:22","slug":"goltv-no-acepta-la-terminacion-del-contrato-con-ligapro","status":"publish","type":"post","link":"https:\/\/www.evafm.net\/sitio\/goltv-no-acepta-la-terminacion-del-contrato-con-ligapro\/","title":{"rendered":"GolTV no acepta la terminaci\u00f3n del contrato con LigaPro"},"content":{"rendered":"<p><strong>GolTV<\/strong> no quiere irse. A pesar de que los presidentes de los clubes decidieron que se acabe la relaci\u00f3n y que <strong>LigaPro.<\/strong><\/p>\n<p>notific\u00f3 de la terminaci\u00f3n del contrato, la <strong>cableoperadora<\/strong> afirma que rechaza esta decisi\u00f3n y continuar\u00e1 con la<\/p>\n<p>transmisi\u00f3n de los partidos.<\/p>\n<p>&nbsp;<\/p>\n<p>\u00abRechazamos enf\u00e1ticamente los presuntos incumplimientos de<strong> GolTV<\/strong> <strong>(alegados por LigaPro)<\/strong> como fundamentos<\/p>\n<p>de la terminaci\u00f3n anticipada del contrato.<\/p>\n<p>En caso de mantenerse en su posici\u00f3n, deber\u00e1n abonar a <strong>GolTV<\/strong> la multa prevista\u00bb, dice una carta firmada por su<\/p>\n<p>gerente general <strong>Jos\u00e9 Vedova, este jueves 13 de junio de 2024.<\/strong><\/p>\n<p>La cableoperadora a\u00f1ade que ha demostrado<strong> \u00abbuena fe\u00bb<\/strong> durante la relaci\u00f3n comercial y que<\/p>\n<p><strong>\u00abcontinuar\u00e1 cumpliendo con la transmisi\u00f3n de los partidos programados\u00bb.<\/strong><\/p>\n<p>&nbsp;<\/p>\n<p>Finalmente, <strong>GolTV i<\/strong>nvita a<strong> \u00absolucionar las diferencias existentes de manera amistosa\u00bb<\/strong> y<\/p>\n<p>\u00abdefinir las nuevas condiciones comerciales\u00bb.<\/p>\n<p>Caso contrario, se iniciar\u00e1n <strong>\u00ablas acciones legales que por derecho correspondan\u00bb.<\/strong><\/p>\n<p>El 6 de junio de 2024, los dirigentes de los clubes, en sesi\u00f3n extraordinaria, autorizaron a <strong>Miguel \u00c1ngel Loor<\/strong><\/p>\n<p>presidente de <strong>LigaPro,<\/strong> a dar por terminado el contrato con<strong> GolTV.<\/strong><\/p>\n<p>&nbsp;<\/p>\n<p>Dos cadenas internacionales y una nacional estar\u00edan interesadas en los derechos de transmisi\u00f3n de la<\/p>\n<p><strong>Serie A y la Serie B,<\/strong> pero, hasta el momento, no se ha concretado ninguna opci\u00f3n. <strong>(D)<\/strong><\/p>\n<p>&nbsp;<\/p>\n<p><img fetchpriority=\"high\" decoding=\"async\" class=\"\" src=\"https:\/\/media.primicias.ec\/2024\/06\/13155724\/carta-goltv.jpg\" alt=\"Carta GolTV a LigaPro\" width=\"541\" height=\"756\" \/><\/p>\n<p>&nbsp;<\/p>\n<p>&nbsp;<\/p>\n<p>Fuente: evafm.net &#8211; primicias.ec<\/p>\n<div class=\"gsp_post_data\" \r\n\t            data-post_type=\"post\" \r\n\t            data-cat=\"deportes-ecuador\" \r\n\t            data-modified=\"120\"\r\n\t            data-created=\"1718297242\"\r\n\t            data-title=\"GolTV no acepta la terminaci\u00f3n del contrato con LigaPro\" \r\n\t            data-home=\"https:\/\/www.evafm.net\/sitio\"><\/div>","protected":false},"excerpt":{"rendered":"<p>GolTV no quiere irse. A pesar de que los presidentes de los clubes decidieron que se acabe la relaci\u00f3n y que LigaPro. notific\u00f3 de la terminaci\u00f3n del contrato, la cableoperadora afirma que rechaza esta decisi\u00f3n y continuar\u00e1 con la transmisi\u00f3n de los partidos. &nbsp; \u00abRechazamos enf\u00e1ticamente los presuntos incumplimientos de GolTV (alegados por LigaPro) como&#8230;<\/p>\n","protected":false},"author":5,"featured_media":81098,"comment_status":"closed","ping_status":"open","sticky":false,"template":"","format":"standard","meta":{"_joinchat":[],"footnotes":""},"categories":[1557],"tags":[],"class_list":["post-81097","post","type-post","status-publish","format-standard","has-post-thumbnail","hentry","category-deportes-ecuador","have-post-thumb"],"_links":{"self":[{"href":"https:\/\/www.evafm.net\/sitio\/wp-json\/wp\/v2\/posts\/81097","targetHints":{"allow":["GET"]}}],"collection":[{"href":"https:\/\/www.evafm.net\/sitio\/wp-json\/wp\/v2\/posts"}],"about":[{"href":"https:\/\/www.evafm.net\/sitio\/wp-json\/wp\/v2\/types\/post"}],"author":[{"embeddable":true,"href":"https:\/\/www.evafm.net\/sitio\/wp-json\/wp\/v2\/users\/5"}],"replies":[{"embeddable":true,"href":"https:\/\/www.evafm.net\/sitio\/wp-json\/wp\/v2\/comments?post=81097"}],"version-history":[{"count":1,"href":"https:\/\/www.evafm.net\/sitio\/wp-json\/wp\/v2\/posts\/81097\/revisions"}],"predecessor-version":[{"id":81099,"href":"https:\/\/www.evafm.net\/sitio\/wp-json\/wp\/v2\/posts\/81097\/revisions\/81099"}],"wp:featuredmedia":[{"embeddable":true,"href":"https:\/\/www.evafm.net\/sitio\/wp-json\/wp\/v2\/media\/81098"}],"wp:attachment":[{"href":"https:\/\/www.evafm.net\/sitio\/wp-json\/wp\/v2\/media?parent=81097"}],"wp:term":[{"taxonomy":"category","embeddable":true,"href":"https:\/\/www.evafm.net\/sitio\/wp-json\/wp\/v2\/categories?post=81097"},{"taxonomy":"post_tag","embeddable":true,"href":"https:\/\/www.evafm.net\/sitio\/wp-json\/wp\/v2\/tags?post=81097"}],"curies":[{"name":"wp","href":"https:\/\/api.w.org\/{rel}","templated":true}]}}