{"id":81112,"date":"2024-06-15T11:44:07","date_gmt":"2024-06-15T16:44:07","guid":{"rendered":"https:\/\/www.evafm.net\/sitio\/?p=81112"},"modified":"2024-06-15T11:44:07","modified_gmt":"2024-06-15T16:44:07","slug":"jhonatan-narvaez-cada-vez-mas-cerca-de-la-victoria-en-eslovenia","status":"publish","type":"post","link":"https:\/\/www.evafm.net\/sitio\/jhonatan-narvaez-cada-vez-mas-cerca-de-la-victoria-en-eslovenia\/","title":{"rendered":"Jhonatan Narv\u00e1ez cada vez m\u00e1s cerca de la victoria en Eslovenia"},"content":{"rendered":"<p><strong>Jhonatan Narv\u00e1ez<\/strong> sigue mostrando su buen estado de forma.<\/p>\n<p>El corredor del <strong>Ineos Grenadiers<\/strong> volvi\u00f3 a pelear por la victoria este viernes 14 de junio, en la <strong>Etapa 3 del Tour de Eslovenia.<\/strong><\/p>\n<p>El ecuatoriano no pudo alcanzar al escapado<strong> Giovanni Aleotti<\/strong>, que se llev\u00f3 la victoria y adem\u00e1s se adue\u00f1\u00f3 de la clasificaci\u00f3n general.<\/p>\n<p>Narv\u00e1ez fue el primero del pelot\u00f3n, detr\u00e1s de Aleotti, en cruzar la meta, y escal\u00f3 del sexto al segundo lugar en la clasificaci\u00f3n general<\/p>\n<p>con dos etapas a\u00fan por disputarse.<\/p>\n<p>Esta es la \u00faltima carrera prevista para el &#8216;Lagarto&#8217; en Europa, antes de volver al pa\u00eds a tomar unos d\u00edas de descanso y preparar su<\/p>\n<p>participaci\u00f3n en los <strong>Juegos Ol\u00edmpicos de Par\u00eds.<\/strong><\/p>\n<p>Este s\u00e1bado 15 de junio se corre la <strong>cuarta etapa del Tour de Eslovenia,<\/strong> una jornada de alta monta\u00f1a, con tres puertos de tercera<\/p>\n<p>categor\u00eda y uno de primera para coronar en la meta. <strong>(D)<\/strong><\/p>\n<h4>Stage 3 \u00a0\u00bb\u00a0 Ljubljana \u203a Nova Gorica<\/h4>\n<ul class=\"results\">\n<li class=\"subreslinks\" data-id=\"293747\">\n<h5>Stage<\/h5>\n<table>\n<thead>\n<tr>\n<th>Rnk<\/th>\n<th>Rider<\/th>\n<th>Team<\/th>\n<th>Time<\/th>\n<\/tr>\n<\/thead>\n<tbody>\n<tr>\n<td>1<\/td>\n<td>\u00a0ALEOTTI Giovanni<\/td>\n<td>BORA &#8211; hansgrohe<\/td>\n<td>3:46:19<\/td>\n<\/tr>\n<tr>\n<td>2<\/td>\n<td>\u00a0NARV\u00c1EZ Jhonatan<\/td>\n<td>INEOS Grenadiers<\/td>\n<td>0:11<\/td>\n<\/tr>\n<tr>\n<td>3<\/td>\n<td>\u00a0<a href=\"https:\/\/www.procyclingstats.com\/rider\/jordan-jegat\" target=\"_blank\" rel=\"noopener\">JEGAT Jordan<\/a><\/td>\n<td><a href=\"https:\/\/www.procyclingstats.com\/team\/totalenergies-2024\" target=\"_blank\" rel=\"noopener\">TotalEnergies<\/a><\/td>\n<td>0:11<\/td>\n<\/tr>\n<tr>\n<td>4<\/td>\n<td>\u00a0<a href=\"https:\/\/www.procyclingstats.com\/rider\/filippo-zana\" target=\"_blank\" rel=\"noopener\">ZANA Filippo<\/a><\/td>\n<td><a href=\"https:\/\/www.procyclingstats.com\/team\/team-jayco-alula-2024\" target=\"_blank\" rel=\"noopener\">Team Jayco AlUla<\/a><\/td>\n<td>0:11<\/td>\n<\/tr>\n<tr>\n<td>5<\/td>\n<td>\u00a0<a href=\"https:\/\/www.procyclingstats.com\/rider\/giulio-pellizzari\" target=\"_blank\" rel=\"noopener\">PELLIZZARI Giulio<\/a><\/td>\n<td><a href=\"https:\/\/www.procyclingstats.com\/team\/vf-group-bardiani-csf-faizane-2024\" target=\"_blank\" rel=\"noopener\">VF Group &#8211; Bardiani CSF &#8211; Faizan\u00e8<\/a><\/td>\n<td>0:11<\/td>\n<\/tr>\n<tr>\n<td>6<\/td>\n<td>\u00a0<a href=\"https:\/\/www.procyclingstats.com\/rider\/pello-bilbao\" target=\"_blank\" rel=\"noopener\">BILBAO Pello<\/a><\/td>\n<td><a href=\"https:\/\/www.procyclingstats.com\/team\/bahrain-victorious-2024\" target=\"_blank\" rel=\"noopener\">Bahrain &#8211; Victorious<\/a><\/td>\n<td>0:11<\/td>\n<\/tr>\n<tr>\n<td>7<\/td>\n<td>\u00a0<a href=\"https:\/\/www.procyclingstats.com\/rider\/domenico-pozzovivo\" target=\"_blank\" rel=\"noopener\">POZZOVIVO Domenico<\/a><\/td>\n<td><a href=\"https:\/\/www.procyclingstats.com\/team\/vf-group-bardiani-csf-faizane-2024\" target=\"_blank\" rel=\"noopener\">VF Group &#8211; Bardiani CSF &#8211; Faizan\u00e8<\/a><\/td>\n<td>0:11<\/td>\n<\/tr>\n<tr>\n<td>8<\/td>\n<td>\u00a0<a href=\"https:\/\/www.procyclingstats.com\/rider\/steff-cras\" target=\"_blank\" rel=\"noopener\">CRAS Steff<\/a><\/td>\n<td><a href=\"https:\/\/www.procyclingstats.com\/team\/totalenergies-2024\" target=\"_blank\" rel=\"noopener\">TotalEnergies<\/a><\/td>\n<td>0:11<\/td>\n<\/tr>\n<tr>\n<td>9<\/td>\n<td>\u00a0<a href=\"https:\/\/www.procyclingstats.com\/rider\/luca-covili\" target=\"_blank\" rel=\"noopener\">COVILI Luca<\/a><\/td>\n<td><a href=\"https:\/\/www.procyclingstats.com\/team\/vf-group-bardiani-csf-faizane-2024\" target=\"_blank\" rel=\"noopener\">VF Group &#8211; Bardiani CSF &#8211; Faizan\u00e8<\/a><\/td>\n<td>0:11<\/td>\n<\/tr>\n<tr>\n<td>10<\/td>\n<td>\u00a0<a href=\"https:\/\/www.procyclingstats.com\/rider\/paul-double\" target=\"_blank\" rel=\"noopener\">DOUBLE Paul<\/a><\/td>\n<td><a href=\"https:\/\/www.procyclingstats.com\/team\/team-polti-kometa-2024\" target=\"_blank\" rel=\"noopener\">Team Polti Kometa<\/a><\/td>\n<td>0:11<\/td>\n<\/tr>\n<\/tbody>\n<\/table>\n<\/li>\n<li class=\"subreslinks\" data-id=\"302266\">\n<h5>GC<\/h5>\n<table>\n<thead>\n<tr>\n<th>Rnk<\/th>\n<th>Rider<\/th>\n<th>Team<\/th>\n<th>Time<\/th>\n<\/tr>\n<\/thead>\n<tbody>\n<tr>\n<td>1<\/td>\n<td>\u00a0ALEOTTI Giovanni<\/td>\n<td>BORA &#8211; hansgrohe<\/td>\n<td>12:47:17<\/td>\n<\/tr>\n<tr>\n<td>2<\/td>\n<td>\u00a0NARV\u00c1EZ Jhonatan<\/td>\n<td>INEOS Grenadiers<\/td>\n<td>0:12<\/td>\n<\/tr>\n<tr>\n<td>3<\/td>\n<td>\u00a0<a href=\"https:\/\/www.procyclingstats.com\/rider\/jordan-jegat\" target=\"_blank\" rel=\"noopener\">JEGAT Jordan<\/a><\/td>\n<td><a href=\"https:\/\/www.procyclingstats.com\/team\/totalenergies-2024\" target=\"_blank\" rel=\"noopener\">TotalEnergies<\/a><\/td>\n<td>0:17<\/td>\n<\/tr>\n<tr>\n<td>4<\/td>\n<td>\u00a0<a href=\"https:\/\/www.procyclingstats.com\/rider\/ben-healy\" target=\"_blank\" rel=\"noopener\">HEALY Ben<\/a><\/td>\n<td><a href=\"https:\/\/www.procyclingstats.com\/team\/ef-education-easypost-2024\" target=\"_blank\" rel=\"noopener\">EF Education &#8211; EasyPost<\/a><\/td>\n<td>0:19<\/td>\n<\/tr>\n<tr>\n<td>5<\/td>\n<td>\u00a0<a href=\"https:\/\/www.procyclingstats.com\/rider\/filippo-zana\" target=\"_blank\" rel=\"noopener\">ZANA Filippo<\/a><\/td>\n<td><a href=\"https:\/\/www.procyclingstats.com\/team\/team-jayco-alula-2024\" target=\"_blank\" rel=\"noopener\">Team Jayco AlUla<\/a><\/td>\n<td>0:21<\/td>\n<\/tr>\n<tr>\n<td>6<\/td>\n<td>\u00a0<a href=\"https:\/\/www.procyclingstats.com\/rider\/giulio-pellizzari\" target=\"_blank\" rel=\"noopener\">PELLIZZARI Giulio<\/a><\/td>\n<td><a href=\"https:\/\/www.procyclingstats.com\/team\/vf-group-bardiani-csf-faizane-2024\" target=\"_blank\" rel=\"noopener\">VF Group &#8211; Bardiani CSF &#8211; Faizan\u00e8<\/a><\/td>\n<td>0:21<\/td>\n<\/tr>\n<tr>\n<td>7<\/td>\n<td>\u00a0<a href=\"https:\/\/www.procyclingstats.com\/rider\/luca-covili\" target=\"_blank\" rel=\"noopener\">COVILI Luca<\/a><\/td>\n<td><a href=\"https:\/\/www.procyclingstats.com\/team\/vf-group-bardiani-csf-faizane-2024\" target=\"_blank\" rel=\"noopener\">VF Group &#8211; Bardiani CSF &#8211; Faizan\u00e8<\/a><\/td>\n<td>0:21<\/td>\n<\/tr>\n<tr>\n<td>8<\/td>\n<td>\u00a0<a href=\"https:\/\/www.procyclingstats.com\/rider\/pello-bilbao\" target=\"_blank\" rel=\"noopener\">BILBAO Pello<\/a><\/td>\n<td><a href=\"https:\/\/www.procyclingstats.com\/team\/bahrain-victorious-2024\" target=\"_blank\" rel=\"noopener\">Bahrain &#8211; Victorious<\/a><\/td>\n<td>0:21<\/td>\n<\/tr>\n<tr>\n<td>9<\/td>\n<td>\u00a0<a href=\"https:\/\/www.procyclingstats.com\/rider\/pablo-castrillo-zapater\" target=\"_blank\" rel=\"noopener\">CASTRILLO Pablo<\/a><\/td>\n<td><a href=\"https:\/\/www.procyclingstats.com\/team\/equipo-kern-pharma-2024\" target=\"_blank\" rel=\"noopener\">Equipo Kern Pharma<\/a><\/td>\n<td>0:21<\/td>\n<\/tr>\n<tr>\n<td>10<\/td>\n<td>\u00a0<a href=\"https:\/\/www.procyclingstats.com\/rider\/domenico-pozzovivo\" target=\"_blank\" rel=\"noopener\">POZZOVIVO Domenico<\/a><\/td>\n<td><a href=\"https:\/\/www.procyclingstats.com\/team\/vf-group-bardiani-csf-faizane-2024\" target=\"_blank\" rel=\"noopener\">VF Group &#8211; Bardiani CSF &#8211; Faizan\u00e8<\/a><\/td>\n<td>0:21<\/td>\n<\/tr>\n<\/tbody>\n<\/table>\n<\/li>\n<\/ul>\n<div class=\"powered_by\"><img decoding=\"async\" src=\"https:\/\/www.procyclingstats.com\/images\/pcs_small.png\" \/>\u00a0Results powered by\u00a0www.procyclingstats.com<\/div>\n<div><\/div>\n<div><\/div>\n<div>Fuente: evafm.net &#8211; primicias.ec<\/div>\n<div class=\"gsp_post_data\" \r\n\t            data-post_type=\"post\" \r\n\t            data-cat=\"deportes-internacionales\" \r\n\t            data-modified=\"120\"\r\n\t            data-created=\"1718451847\"\r\n\t            data-title=\"Jhonatan Narv\u00e1ez cada vez m\u00e1s cerca de la victoria en Eslovenia\" \r\n\t            data-home=\"https:\/\/www.evafm.net\/sitio\"><\/div>","protected":false},"excerpt":{"rendered":"<p>Jhonatan Narv\u00e1ez sigue mostrando su buen estado de forma. El corredor del Ineos Grenadiers volvi\u00f3 a pelear por la victoria este viernes 14 de junio, en la Etapa 3 del Tour de Eslovenia. El ecuatoriano no pudo alcanzar al escapado Giovanni Aleotti, que se llev\u00f3 la victoria y adem\u00e1s se adue\u00f1\u00f3 de la clasificaci\u00f3n general&#8230;.<\/p>\n","protected":false},"author":5,"featured_media":81113,"comment_status":"closed","ping_status":"open","sticky":false,"template":"","format":"standard","meta":{"_joinchat":[],"footnotes":""},"categories":[1342],"tags":[],"class_list":["post-81112","post","type-post","status-publish","format-standard","has-post-thumbnail","hentry","category-deportes-internacionales","have-post-thumb"],"_links":{"self":[{"href":"https:\/\/www.evafm.net\/sitio\/wp-json\/wp\/v2\/posts\/81112","targetHints":{"allow":["GET"]}}],"collection":[{"href":"https:\/\/www.evafm.net\/sitio\/wp-json\/wp\/v2\/posts"}],"about":[{"href":"https:\/\/www.evafm.net\/sitio\/wp-json\/wp\/v2\/types\/post"}],"author":[{"embeddable":true,"href":"https:\/\/www.evafm.net\/sitio\/wp-json\/wp\/v2\/users\/5"}],"replies":[{"embeddable":true,"href":"https:\/\/www.evafm.net\/sitio\/wp-json\/wp\/v2\/comments?post=81112"}],"version-history":[{"count":1,"href":"https:\/\/www.evafm.net\/sitio\/wp-json\/wp\/v2\/posts\/81112\/revisions"}],"predecessor-version":[{"id":81114,"href":"https:\/\/www.evafm.net\/sitio\/wp-json\/wp\/v2\/posts\/81112\/revisions\/81114"}],"wp:featuredmedia":[{"embeddable":true,"href":"https:\/\/www.evafm.net\/sitio\/wp-json\/wp\/v2\/media\/81113"}],"wp:attachment":[{"href":"https:\/\/www.evafm.net\/sitio\/wp-json\/wp\/v2\/media?parent=81112"}],"wp:term":[{"taxonomy":"category","embeddable":true,"href":"https:\/\/www.evafm.net\/sitio\/wp-json\/wp\/v2\/categories?post=81112"},{"taxonomy":"post_tag","embeddable":true,"href":"https:\/\/www.evafm.net\/sitio\/wp-json\/wp\/v2\/tags?post=81112"}],"curies":[{"name":"wp","href":"https:\/\/api.w.org\/{rel}","templated":true}]}}