{"id":81119,"date":"2024-06-15T12:35:12","date_gmt":"2024-06-15T17:35:12","guid":{"rendered":"https:\/\/www.evafm.net\/sitio\/?p=81119"},"modified":"2024-06-15T12:35:12","modified_gmt":"2024-06-15T17:35:12","slug":"adam-yates-gana-la-etapa-7-del-tour-de-suiza","status":"publish","type":"post","link":"https:\/\/www.evafm.net\/sitio\/adam-yates-gana-la-etapa-7-del-tour-de-suiza\/","title":{"rendered":"Adam Yates gana la etapa 7 del Tour de Suiza"},"content":{"rendered":"<p>El brit\u00e1nico Adam Yates<strong> (UAE Team Emirates)<\/strong> consigui\u00f3 la victoria en la s\u00e9ptima etapa del Tour de Suiza 2024, escoltado<\/p>\n<p>por su compa\u00f1ero <strong>Joao Almeida.<\/strong><\/p>\n<p>&nbsp;<\/p>\n<p>Demostrando claramente que son los dos corredores m\u00e1s fuertes de la carrera,\u00a0<strong>Adam Yates<\/strong>\u00a0y\u00a0<strong>Joao Almeida<\/strong>\u00a0cruzaron la l\u00ednea<\/p>\n<p>de meta juntos, siendo el brit\u00e1nico quien logr\u00f3 pasar primero con un tiempo de <strong>3 horas, 5 minutos y 41 segundos.<\/strong><\/p>\n<p>&nbsp;<\/p>\n<p>En la subida a\u00a0<em>Villars-sur-Ollon<\/em>, el d\u00fao del\u00a0<strong><em>UAE Team Emirates<\/em> <\/strong>fue el gran protagonista, primero con Joao Almeida lanzando<\/p>\n<p>el primer ataque, que poco despu\u00e9s fue seguido por <strong>Adam Yates.<\/strong><\/p>\n<p>&nbsp;<\/p>\n<p>A falta de poco menos de dos kil\u00f3metros, Adam Yates se colocaba al frente para terminar de descolgar a\u00a0<strong><em>Matthew Riccitello<\/em><\/strong><\/p>\n<p><strong><em> (Israel Premier Tech)<\/em>,<\/strong> quien era el \u00fanico que soportaba el ritmo.<\/p>\n<p>Yates, junto con Almeida a su rueda, lleg\u00f3 con una ventaja de 14 segundos sobre el <strong>joven norteamericano.<\/strong><\/p>\n<p>&nbsp;<\/p>\n<p>Con esta victoria,\u00a0<strong>Adam Yates<\/strong>\u00a0ampl\u00eda su ventaja sobre\u00a0<strong>Joao Almeida<\/strong> a 31 segundos en la clasificaci\u00f3n general del Tour de Suiza<\/p>\n<p>mientras que\u00a0<strong>Egan Bernal<\/strong> sigue en la tercera plaza a 1:51. <strong>(D)<\/strong><\/p>\n<p>&nbsp;<\/p>\n<p><strong>Etapa 8 (cronoescalada)<\/strong><\/p>\n<p>De Aigle a Villars-sur-Ollon<\/p>\n<p><strong>Distancia:<\/strong>\u00a015,7 kil\u00f3metros<\/p>\n<p><strong>Fecha:<\/strong>\u00a0Domingo 16 de junio de 2024<\/p>\n<p>Horario de transmisi\u00f3n: 08:00\u00a0<strong>(hora de Ecuador)<\/strong><\/p>\n<p>&nbsp;<\/p>\n<p>&nbsp;<\/p>\n<p>&nbsp;<\/p>\n<p><strong>TOUR DE SUIZA 2024 (ETAPA 7) CLASIFICACIONES<\/strong><\/p>\n<p><strong><em>Tour de Suiza 2024 (Etapa 7) Clasificaciones Completas<\/em><\/strong><\/p>\n<p>&nbsp;<\/p>\n<h3>\u26a1 ETAPA 7 \u2013 TOP 10<\/h3>\n<table>\n<tbody>\n<tr>\n<td><b>#<\/b><\/td>\n<td><b>[NOMBRE Y EQUIPO]<\/b><\/td>\n<td><b>Tiempo<\/b><\/td>\n<\/tr>\n<tr>\n<td><strong>1<\/strong><\/td>\n<td><strong>\u00a0Adam YATES (UAE Team Emirates)<\/strong><\/td>\n<td><strong>3:05:41<\/strong><\/td>\n<\/tr>\n<tr>\n<td><strong>2<\/strong><\/td>\n<td><strong>\u00a0Joao ALMEIDA (UAE Team Emirates)<\/strong><\/td>\n<td>M.T.<\/td>\n<\/tr>\n<tr>\n<td><strong>3<\/strong><\/td>\n<td><strong>\u00a0Matthew RICCITELLO (Israel-Premier Tech)<\/strong><\/td>\n<td><strong>+ 14<\/strong><\/td>\n<\/tr>\n<tr>\n<td>4<\/td>\n<td>\u00a0Wilco KELDERMAN (Visma-Lease a Bike)<\/td>\n<td>+ 16<\/td>\n<\/tr>\n<tr>\n<td>5<\/td>\n<td>\u00a0Mattias SKJELMOSE (Lidl-Trek)<\/td>\n<td>+ 16<\/td>\n<\/tr>\n<tr>\n<td>6<\/td>\n<td>\u00a0Egan BERNAL (INEOS Grenadiers)<\/td>\n<td>+ 16<\/td>\n<\/tr>\n<tr>\n<td>7<\/td>\n<td>\u00a0Oscar ONLEY (DSM-Firmenich PostNL)<\/td>\n<td>+ 16<\/td>\n<\/tr>\n<tr>\n<td>8<\/td>\n<td>\u00a0Felix GALL (Decathlon AG2R La Mondiale)<\/td>\n<td>+ 32<\/td>\n<\/tr>\n<tr>\n<td>9<\/td>\n<td>\u00a0Enric MAS (Movistar Team)<\/td>\n<td>+ 35<\/td>\n<\/tr>\n<tr>\n<td>10<\/td>\n<td>\u00a0Wout POELS (Bahrain Victorious)<\/td>\n<td>+ 44<\/td>\n<\/tr>\n<\/tbody>\n<\/table>\n<p>&nbsp;<\/p>\n<p>&nbsp;<\/p>\n<h3>GENERAL \u2013 TOP 10<\/h3>\n<table>\n<tbody>\n<tr>\n<td><b>#<\/b><\/td>\n<td><b>[NOMBRE Y EQUIPO]<\/b><\/td>\n<td><b>Tiempo<\/b><\/td>\n<\/tr>\n<tr>\n<td><strong>1<\/strong><\/td>\n<td><strong>\u00a0Adam YATES (UAE Team Emirates)<\/strong><\/td>\n<td><strong>19:45:17<\/strong><\/td>\n<\/tr>\n<tr>\n<td><strong>2<\/strong><\/td>\n<td><strong>\u00a0Joao ALMEIDA (UAE Team Emirates)<\/strong><\/td>\n<td><strong>+ 31<\/strong><\/td>\n<\/tr>\n<tr>\n<td><strong>3<\/strong><\/td>\n<td><strong>\u00a0Egan BERNAL (INEOS Grenadiers)<\/strong><\/td>\n<td><strong>+ 01:51<\/strong><\/td>\n<\/tr>\n<tr>\n<td>4<\/td>\n<td>\u00a0Mattias SKJELMOSE (Lidl-Trek)<\/td>\n<td>+ 02:50<\/td>\n<\/tr>\n<tr>\n<td>5<\/td>\n<td>\u00a0Matthew RICCITELLO (Israel-Premier Tech)<\/td>\n<td>+ 03:02<\/td>\n<\/tr>\n<tr>\n<td>6<\/td>\n<td>\u00a0Enric MAS (Movistar Team)<\/td>\n<td>+ 03:23<\/td>\n<\/tr>\n<tr>\n<td>7<\/td>\n<td>\u00a0Oscar ONLEY (DSM-Firmenich PostNL)<\/td>\n<td>+ 04:03<\/td>\n<\/tr>\n<tr>\n<td>8<\/td>\n<td>\u00a0Felix GALL (Decathlon AG2R La Mondiale)<\/td>\n<td>+ 04:41<\/td>\n<\/tr>\n<tr>\n<td>9<\/td>\n<td>\u00a0Wilco KELDERMAN (Visma-Lease a Bike)<\/td>\n<td>+ 04:59<\/td>\n<\/tr>\n<tr>\n<td>10<\/td>\n<td>\u00a0Pelayo SANCHEZ (Movistar Team)<\/td>\n<td>+<\/td>\n<\/tr>\n<\/tbody>\n<\/table>\n<p>&nbsp;<\/p>\n<blockquote class=\"twitter-tweet\" data-width=\"550\" data-dnt=\"true\">\n<p lang=\"es\" dir=\"ltr\">\ud83c\udfc5\ud83c\uddec\ud83c\udde7Adam Yates (UAE Team EMirates) Gana la Etapa 7 del Tour de Suiza 2024 \ud83c\udde8\ud83c\udded <a href=\"https:\/\/twitter.com\/hashtag\/TourdeSuisse?src=hash&amp;ref_src=twsrc%5Etfw\">#TourdeSuisse<\/a> <a href=\"https:\/\/twitter.com\/hashtag\/TDS2024?src=hash&amp;ref_src=twsrc%5Etfw\">#TDS2024<\/a> <a href=\"https:\/\/twitter.com\/hashtag\/TDS?src=hash&amp;ref_src=twsrc%5Etfw\">#TDS<\/a> <a href=\"https:\/\/twitter.com\/hashtag\/Noticiclismo?src=hash&amp;ref_src=twsrc%5Etfw\">#Noticiclismo<\/a> <a href=\"https:\/\/twitter.com\/hashtag\/Ciclismo?src=hash&amp;ref_src=twsrc%5Etfw\">#Ciclismo<\/a> <a href=\"https:\/\/t.co\/0EsAse2aFf\">pic.twitter.com\/0EsAse2aFf<\/a><\/p>\n<p>&mdash; InfoCiclismo (@infociclismoo) <a href=\"https:\/\/twitter.com\/infociclismoo\/status\/1802001241708368069?ref_src=twsrc%5Etfw\">June 15, 2024<\/a><\/p><\/blockquote>\n<p><script async src=\"https:\/\/platform.twitter.com\/widgets.js\" charset=\"utf-8\"><\/script><\/p>\n<p>&nbsp;<\/p>\n<p>Fuente: evafm.net &#8211; noticiclismo.com<\/p>\n<div class=\"gsp_post_data\" \r\n\t            data-post_type=\"post\" \r\n\t            data-cat=\"deportes-internacionales\" \r\n\t            data-modified=\"120\"\r\n\t            data-created=\"1718454912\"\r\n\t            data-title=\"Adam Yates gana la etapa 7 del Tour de Suiza\" \r\n\t            data-home=\"https:\/\/www.evafm.net\/sitio\"><\/div>","protected":false},"excerpt":{"rendered":"<p>El brit\u00e1nico Adam Yates (UAE Team Emirates) consigui\u00f3 la victoria en la s\u00e9ptima etapa del Tour de Suiza 2024, escoltado por su compa\u00f1ero Joao Almeida. &nbsp; Demostrando claramente que son los dos corredores m\u00e1s fuertes de la carrera,\u00a0Adam Yates\u00a0y\u00a0Joao Almeida\u00a0cruzaron la l\u00ednea de meta juntos, siendo el brit\u00e1nico quien logr\u00f3 pasar primero con un tiempo&#8230;<\/p>\n","protected":false},"author":5,"featured_media":81120,"comment_status":"closed","ping_status":"open","sticky":false,"template":"","format":"standard","meta":{"_joinchat":[],"footnotes":""},"categories":[1342],"tags":[],"class_list":["post-81119","post","type-post","status-publish","format-standard","has-post-thumbnail","hentry","category-deportes-internacionales","have-post-thumb"],"_links":{"self":[{"href":"https:\/\/www.evafm.net\/sitio\/wp-json\/wp\/v2\/posts\/81119","targetHints":{"allow":["GET"]}}],"collection":[{"href":"https:\/\/www.evafm.net\/sitio\/wp-json\/wp\/v2\/posts"}],"about":[{"href":"https:\/\/www.evafm.net\/sitio\/wp-json\/wp\/v2\/types\/post"}],"author":[{"embeddable":true,"href":"https:\/\/www.evafm.net\/sitio\/wp-json\/wp\/v2\/users\/5"}],"replies":[{"embeddable":true,"href":"https:\/\/www.evafm.net\/sitio\/wp-json\/wp\/v2\/comments?post=81119"}],"version-history":[{"count":1,"href":"https:\/\/www.evafm.net\/sitio\/wp-json\/wp\/v2\/posts\/81119\/revisions"}],"predecessor-version":[{"id":81121,"href":"https:\/\/www.evafm.net\/sitio\/wp-json\/wp\/v2\/posts\/81119\/revisions\/81121"}],"wp:featuredmedia":[{"embeddable":true,"href":"https:\/\/www.evafm.net\/sitio\/wp-json\/wp\/v2\/media\/81120"}],"wp:attachment":[{"href":"https:\/\/www.evafm.net\/sitio\/wp-json\/wp\/v2\/media?parent=81119"}],"wp:term":[{"taxonomy":"category","embeddable":true,"href":"https:\/\/www.evafm.net\/sitio\/wp-json\/wp\/v2\/categories?post=81119"},{"taxonomy":"post_tag","embeddable":true,"href":"https:\/\/www.evafm.net\/sitio\/wp-json\/wp\/v2\/tags?post=81119"}],"curies":[{"name":"wp","href":"https:\/\/api.w.org\/{rel}","templated":true}]}}