{"id":81123,"date":"2024-06-15T12:58:55","date_gmt":"2024-06-15T17:58:55","guid":{"rendered":"https:\/\/www.evafm.net\/sitio\/?p=81123"},"modified":"2024-06-15T12:58:55","modified_gmt":"2024-06-15T17:58:55","slug":"pello-bilbao-gana-la-etapa-4-del-tour-de-eslovenia","status":"publish","type":"post","link":"https:\/\/www.evafm.net\/sitio\/pello-bilbao-gana-la-etapa-4-del-tour-de-eslovenia\/","title":{"rendered":"Pello Bilbao gana la etapa 4 del Tour de Eslovenia"},"content":{"rendered":"<p>En una jornada de alta monta\u00f1a,\u00a0<strong>Pello Bilbao (Bahrain \u2013 Victorious)<\/strong>\u00a0se llev\u00f3 la victoria en la cuarta etapa del<\/p>\n<p><strong>Tour de Eslovenia 2024<\/strong>, luego de recorrer 147,2 kil\u00f3metros entre\u00a0<strong>\u0160kofljica\u00a0<\/strong>y\u00a0<strong>Krvavec<\/strong>.<\/p>\n<p>El italiano\u00a0<strong>Giovanni Aleotti (BORA \u2013 hansgrohe)<\/strong>\u00a0conserv\u00f3 el liderato de la carrera.<\/p>\n<p>&nbsp;<\/p>\n<p>Este domingo 16 de junio se disputar\u00e1 la \u00faltima etapa de la ronda eslovena, que llevar\u00e1 a los pedalistas de<\/p>\n<p><strong>\u0160entjernej<\/strong>\u00a0a\u00a0<strong>Novo Mesto<\/strong>\u00a0a lo largo de\u00a0<strong>156,9 kil\u00f3metros\u00a0<\/strong>con dos premios de monta\u00f1a de tercera categor\u00eda.<\/p>\n<p>&nbsp;<\/p>\n<p><strong>Jonatan Narv\u00e1ez Ineos Granadiers\u00a0<\/strong> se ubico en el <strong>puesto 32 con un tiempo de 4:19\u00a0<\/strong> en esta etapa 4. <strong>(D)<\/strong><\/p>\n<p>&nbsp;<\/p>\n<p class=\"has-medium-font-size\"><strong>Tour de Eslovenia (2.Pro)<br \/>\nResultados Etapa 4 | \u0160kofljica \u2013 Krvavec (147,2 km)<\/strong><\/p>\n<figure class=\"wp-block-table\">\n<table>\n<tbody>\n<tr>\n<td><strong>1<\/strong><\/td>\n<td><strong>Pello Bilbao<\/strong><\/td>\n<td><strong>Bahrain \u2013 Victorious<\/strong><\/td>\n<td><\/td>\n<td><\/td>\n<td><\/td>\n<td><strong>3:59:09<\/strong><\/td>\n<\/tr>\n<tr>\n<td><strong>2<\/strong><\/td>\n<td><strong>Paul Double<\/strong><\/td>\n<td><strong>Team Polti Kometa<\/strong><\/td>\n<td><\/td>\n<td><\/td>\n<td><\/td>\n<td><strong>0:03<\/strong><\/td>\n<\/tr>\n<tr>\n<td>3<\/td>\n<td>Giovanni Aleotti<\/td>\n<td>BORA \u2013 hansgrohe<\/td>\n<td><\/td>\n<td><\/td>\n<td><\/td>\n<td>,,<\/td>\n<\/tr>\n<tr>\n<td>4<\/td>\n<td>Giulio Pellizzari<\/td>\n<td>VF Group \u2013 Bardiani CSF \u2013 Faizan\u00e8<\/td>\n<td><\/td>\n<td><\/td>\n<td><\/td>\n<td>,,<\/td>\n<\/tr>\n<tr>\n<td>5<\/td>\n<td>Domenico Pozzovivo<\/td>\n<td>VF Group \u2013 Bardiani CSF \u2013 Faizan\u00e8<\/td>\n<td><\/td>\n<td><\/td>\n<td><\/td>\n<td>,,<\/td>\n<\/tr>\n<tr>\n<td>6<\/td>\n<td>Tobias Halland Johannessen<\/td>\n<td>Uno-X Mobility<\/td>\n<td><\/td>\n<td><\/td>\n<td><\/td>\n<td>0:09<\/td>\n<\/tr>\n<tr>\n<td>7<\/td>\n<td>Edoardo Zambanini<\/td>\n<td>Bahrain \u2013 Victorious<\/td>\n<td><\/td>\n<td><\/td>\n<td><\/td>\n<td>0:11<\/td>\n<\/tr>\n<tr>\n<td>8<\/td>\n<td>Steff Cras<\/td>\n<td>TotalEnergies<\/td>\n<td><\/td>\n<td><\/td>\n<td><\/td>\n<td>0:12<\/td>\n<\/tr>\n<tr>\n<td>9<\/td>\n<td>Domen Novak<\/td>\n<td>UAE Team Emirates<\/td>\n<td><\/td>\n<td><\/td>\n<td><\/td>\n<td>0:17<\/td>\n<\/tr>\n<tr>\n<td>10<\/td>\n<td>Pablo Castrillo<\/td>\n<td>Equipo Kern Pharma<\/td>\n<td><\/td>\n<td><\/td>\n<td><\/td>\n<td>0:20<\/td>\n<\/tr>\n<\/tbody>\n<\/table>\n<\/figure>\n<figure class=\"wp-block-table\">\n<table>\n<tbody>\n<tr>\n<td><strong>13<\/strong><\/td>\n<td><strong>Jes\u00fas David<\/strong>\u00a0<strong>Pe\u00f1a<\/strong><\/td>\n<td><strong>Team Jayco AlUla<\/strong><\/td>\n<td><\/td>\n<td><\/td>\n<td><\/td>\n<td><strong>0:33<\/strong><\/td>\n<\/tr>\n<tr>\n<td><strong>20<\/strong><\/td>\n<td><strong>Germ\u00e1n Dar\u00edo<\/strong>\u00a0<strong>G\u00f3mez<\/strong><\/td>\n<td><strong>Team Polti Kometa<\/strong><\/td>\n<td><\/td>\n<td><\/td>\n<td><\/td>\n<td><strong>1:38<\/strong><\/td>\n<\/tr>\n<tr>\n<td><strong>124<\/strong><\/td>\n<td><strong>Jonathan<\/strong>\u00a0<strong>Guatibonza<\/strong><\/td>\n<td><strong>UAE Team Emirates<\/strong><\/td>\n<td><\/td>\n<td><\/td>\n<td><\/td>\n<td><strong>20:13<\/strong><\/td>\n<\/tr>\n<\/tbody>\n<\/table>\n<\/figure>\n<p>&nbsp;<\/p>\n<p>&nbsp;<\/p>\n<p class=\"has-medium-font-size\"><strong>Clasificaci\u00f3n General Individual<\/strong><\/p>\n<figure class=\"wp-block-table\">\n<table>\n<tbody>\n<tr>\n<td><strong>1<\/strong><\/td>\n<td><\/td>\n<td><\/td>\n<td><strong>Giovanni Aleotti<\/strong><\/td>\n<td><strong>BORA \u2013 hansgrohe<\/strong><\/td>\n<td><\/td>\n<td><\/td>\n<td><strong>16:46:25<\/strong><\/td>\n<\/tr>\n<tr>\n<td><strong>2<\/strong><\/td>\n<td><\/td>\n<td><\/td>\n<td><strong>Pello Bilbao<\/strong><\/td>\n<td><strong>Bahrain \u2013 Victorious<\/strong><\/td>\n<td><\/td>\n<td><\/td>\n<td><strong>0:12<\/strong><\/td>\n<\/tr>\n<tr>\n<td>3<\/td>\n<td><\/td>\n<td><\/td>\n<td>Domenico Pozzovivo<\/td>\n<td>VF Group \u2013 Bardiani CSF \u2013 Faizan\u00e8<\/td>\n<td><\/td>\n<td><\/td>\n<td>0:25<\/td>\n<\/tr>\n<tr>\n<td>4<\/td>\n<td><\/td>\n<td><\/td>\n<td>Giulio Pellizzari<\/td>\n<td>VF Group \u2013 Bardiani CSF \u2013 Faizan\u00e8<\/td>\n<td><\/td>\n<td><\/td>\n<td>,,<\/td>\n<\/tr>\n<tr>\n<td>5<\/td>\n<td><\/td>\n<td><\/td>\n<td>Steff Cras<\/td>\n<td>TotalEnergies<\/td>\n<td><\/td>\n<td><\/td>\n<td>0:34<\/td>\n<\/tr>\n<tr>\n<td>6<\/td>\n<td><\/td>\n<td><\/td>\n<td>Paul Double<\/td>\n<td>Team Polti Kometa<\/td>\n<td><\/td>\n<td><\/td>\n<td>0:42<\/td>\n<\/tr>\n<tr>\n<td>7<\/td>\n<td><\/td>\n<td><\/td>\n<td>Pablo Castrillo<\/td>\n<td>Equipo Kern Pharma<\/td>\n<td><\/td>\n<td><\/td>\n<td>,,<\/td>\n<\/tr>\n<tr>\n<td>8<\/td>\n<td><\/td>\n<td><\/td>\n<td>Filippo Zana<\/td>\n<td>Team Jayco AlUla<\/td>\n<td><\/td>\n<td><\/td>\n<td>0:45<\/td>\n<\/tr>\n<tr>\n<td>9<\/td>\n<td><\/td>\n<td><\/td>\n<td>Ben Healy<\/td>\n<td>EF Education \u2013 EasyPost<\/td>\n<td><\/td>\n<td><\/td>\n<td>0:59<\/td>\n<\/tr>\n<tr>\n<td>10<\/td>\n<td><\/td>\n<td><\/td>\n<td>Tobias Halland Johannessen<\/td>\n<td>Uno-X Mobility<\/td>\n<td><\/td>\n<td><\/td>\n<td>1:43<\/td>\n<\/tr>\n<\/tbody>\n<\/table>\n<\/figure>\n<figure class=\"wp-block-table\">\n<table>\n<tbody>\n<tr>\n<td><strong>16<\/strong><\/td>\n<td><\/td>\n<td><\/td>\n<td><strong>Jes\u00fas David<\/strong>\u00a0<strong>Pe\u00f1a<\/strong><\/td>\n<td><strong>Team Jayco AlUla<\/strong><\/td>\n<td><\/td>\n<td><\/td>\n<td><strong>2:13<\/strong><\/td>\n<\/tr>\n<tr>\n<td><strong>69<\/strong><\/td>\n<td><\/td>\n<td><\/td>\n<td><strong>Germ\u00e1n Dar\u00edo<\/strong>\u00a0<strong>G\u00f3mez<\/strong><\/td>\n<td><strong>Team Polti Kometa<\/strong><\/td>\n<td><\/td>\n<td><\/td>\n<td><strong>25:09<\/strong><\/td>\n<\/tr>\n<tr>\n<td><strong>123<\/strong><\/td>\n<td><\/td>\n<td><\/td>\n<td><strong>Jonathan<\/strong>\u00a0<strong>Guatibonza<\/strong><\/td>\n<td><strong>UAE Team Emirates<\/strong><\/td>\n<td><\/td>\n<td><\/td>\n<td><strong>55:07<\/strong><\/td>\n<\/tr>\n<\/tbody>\n<\/table>\n<\/figure>\n<p>&nbsp;<\/p>\n<blockquote class=\"twitter-tweet\" data-width=\"550\" data-dnt=\"true\">\n<p lang=\"en\" dir=\"ltr\">\ud83c\uddf8\ud83c\uddee<a href=\"https:\/\/twitter.com\/hashtag\/TourOfSlovenia?src=hash&amp;ref_src=twsrc%5Etfw\">#TourOfSlovenia<\/a> | Stage 4<\/p>\n<p>\ud83d\udc4f Incredible teamwork from the boys today, especially <a href=\"https:\/\/twitter.com\/hashtag\/Zambanini?src=hash&amp;ref_src=twsrc%5Etfw\">#Zambanini<\/a> who showed exceptional strength in controlling the race, paving the way for <a href=\"https:\/\/twitter.com\/PelloBilbao1990?ref_src=twsrc%5Etfw\">@PelloBilbao1990<\/a> to secure this victory.<a href=\"https:\/\/twitter.com\/hashtag\/RideAsOne?src=hash&amp;ref_src=twsrc%5Etfw\">#RideAsOne<\/a> <a href=\"https:\/\/twitter.com\/hashtag\/rideforGino?src=hash&amp;ref_src=twsrc%5Etfw\">#rideforGino<\/a> <a href=\"https:\/\/t.co\/QkaYgQZc4N\">pic.twitter.com\/QkaYgQZc4N<\/a><\/p>\n<p>&mdash; Team Bahrain Victorious (@BHRVictorious) <a href=\"https:\/\/twitter.com\/BHRVictorious\/status\/1801975340883140996?ref_src=twsrc%5Etfw\">June 15, 2024<\/a><\/p><\/blockquote>\n<p><script async src=\"https:\/\/platform.twitter.com\/widgets.js\" charset=\"utf-8\"><\/script><\/p>\n<div class=\"gsp_post_data\" \r\n\t            data-post_type=\"post\" \r\n\t            data-cat=\"deportes-internacionales\" \r\n\t            data-modified=\"120\"\r\n\t            data-created=\"1718456335\"\r\n\t            data-title=\"Pello Bilbao gana la etapa 4 del Tour de Eslovenia\" \r\n\t            data-home=\"https:\/\/www.evafm.net\/sitio\"><\/div>","protected":false},"excerpt":{"rendered":"<p>En una jornada de alta monta\u00f1a,\u00a0Pello Bilbao (Bahrain \u2013 Victorious)\u00a0se llev\u00f3 la victoria en la cuarta etapa del Tour de Eslovenia 2024, luego de recorrer 147,2 kil\u00f3metros entre\u00a0\u0160kofljica\u00a0y\u00a0Krvavec. El italiano\u00a0Giovanni Aleotti (BORA \u2013 hansgrohe)\u00a0conserv\u00f3 el liderato de la carrera. &nbsp; Este domingo 16 de junio se disputar\u00e1 la \u00faltima etapa de la ronda eslovena, que&#8230;<\/p>\n","protected":false},"author":5,"featured_media":81124,"comment_status":"closed","ping_status":"open","sticky":false,"template":"","format":"standard","meta":{"_joinchat":[],"footnotes":""},"categories":[1342],"tags":[],"class_list":["post-81123","post","type-post","status-publish","format-standard","has-post-thumbnail","hentry","category-deportes-internacionales","have-post-thumb"],"_links":{"self":[{"href":"https:\/\/www.evafm.net\/sitio\/wp-json\/wp\/v2\/posts\/81123","targetHints":{"allow":["GET"]}}],"collection":[{"href":"https:\/\/www.evafm.net\/sitio\/wp-json\/wp\/v2\/posts"}],"about":[{"href":"https:\/\/www.evafm.net\/sitio\/wp-json\/wp\/v2\/types\/post"}],"author":[{"embeddable":true,"href":"https:\/\/www.evafm.net\/sitio\/wp-json\/wp\/v2\/users\/5"}],"replies":[{"embeddable":true,"href":"https:\/\/www.evafm.net\/sitio\/wp-json\/wp\/v2\/comments?post=81123"}],"version-history":[{"count":1,"href":"https:\/\/www.evafm.net\/sitio\/wp-json\/wp\/v2\/posts\/81123\/revisions"}],"predecessor-version":[{"id":81125,"href":"https:\/\/www.evafm.net\/sitio\/wp-json\/wp\/v2\/posts\/81123\/revisions\/81125"}],"wp:featuredmedia":[{"embeddable":true,"href":"https:\/\/www.evafm.net\/sitio\/wp-json\/wp\/v2\/media\/81124"}],"wp:attachment":[{"href":"https:\/\/www.evafm.net\/sitio\/wp-json\/wp\/v2\/media?parent=81123"}],"wp:term":[{"taxonomy":"category","embeddable":true,"href":"https:\/\/www.evafm.net\/sitio\/wp-json\/wp\/v2\/categories?post=81123"},{"taxonomy":"post_tag","embeddable":true,"href":"https:\/\/www.evafm.net\/sitio\/wp-json\/wp\/v2\/tags?post=81123"}],"curies":[{"name":"wp","href":"https:\/\/api.w.org\/{rel}","templated":true}]}}