{"id":81126,"date":"2024-06-15T14:07:29","date_gmt":"2024-06-15T19:07:29","guid":{"rendered":"https:\/\/www.evafm.net\/sitio\/?p=81126"},"modified":"2024-06-15T14:07:29","modified_gmt":"2024-06-15T19:07:29","slug":"homenaje-a-franz-beckenbauer-en-la-ceremonia-inaugural-de-la-eurocopa","status":"publish","type":"post","link":"https:\/\/www.evafm.net\/sitio\/homenaje-a-franz-beckenbauer-en-la-ceremonia-inaugural-de-la-eurocopa\/","title":{"rendered":"Homenaje a Franz Beckenbauer en la ceremonia inaugural de la Eurocopa"},"content":{"rendered":"<p><strong>El pasado 7 de enero,<\/strong> en Salzburgo<strong> (Austria),<\/strong> falleci\u00f3 el mejor jugador de la historia de <strong>Alemania: <\/strong><\/p>\n<p><strong>Franz Beckenbauer.<\/strong> Muri\u00f3 a sus 78 a\u00f1os, dejando un legado impresionante de t\u00edtulos y victorias con el<\/p>\n<p>&nbsp;<\/p>\n<p><strong>Bayern M\u00fanich y la selecci\u00f3n alemana. <\/strong><\/p>\n<p>En sus vitrinas lucen, entre otros t\u00edtulos, dos Mundiales <strong>(Alemania 1974 como jugador e Italia 1990 como entrenador)<\/strong><\/p>\n<p>una Eurocopa <strong>(B\u00e9lgica 1972),<\/strong> tres Copas de Europa con el Bayern M\u00fanich <strong>(1974, 1975 y 1976)<\/strong><\/p>\n<p>y <strong>dos Balones de Oro (1972 y 1976). <\/strong><\/p>\n<p>&nbsp;<\/p>\n<p>Su contribuci\u00f3n al f\u00fatbol germano fue enorme y por eso recibi\u00f3 el homenaje que merec\u00eda con una imagen muy simb\u00f3lica:<\/p>\n<p>&nbsp;<\/p>\n<p><strong> Bernard Dietz y J\u00fcrgen Klinsmann,<\/strong> capitanes de Alemania en las victorias de las Eurocopas de<strong> 1980 y 1996,<\/strong> respectivamente<\/p>\n<p>saltaron al terreno de juego portando la <strong>Copa Henri Delaunay<\/strong> -trofeo que recibir\u00e1n los ganadores al final del torneo<\/p>\n<p>&#8211; acompa\u00f1ados de una persona muy especial: la mujer de <strong>Beckenbauer, Heidi.<\/strong><\/p>\n<p>De este modo, Alemania tuvo a tres representantes de los tres t\u00edtulos que ha ganado (1972, con Heidi en el lugar de Beckenbauer<\/p>\n<p>1980 con Dietz y 1996 con Klinsmann).<\/p>\n<p>La grada del Allianz Arena ovacion\u00f3 a los tres.<\/p>\n<p>Fue el mayor aplauso de toda la ceremonia.<\/p>\n<p>Y eso que, con anterioridad actuaron <strong>OneRepublic, Leony y Meduza<\/strong>, que interpretaron <strong>&#8216;Fire&#8217;<\/strong>, el tema oficial de la Eurocopa.<\/p>\n<p>&nbsp;<\/p>\n<p>Pero todo ese espect\u00e1culo no pudo con Beckenbauer. Despu\u00e9s apareci\u00f3 por los videomarcadores del Allianz Arena levantando sus trofeos<\/p>\n<p>el p\u00fablico se emocion\u00f3 y su mujer roz\u00f3 las l\u00e1grimas.<\/p>\n<p>La presencia de los dos capitanes de 1980 y 1996 junto a su viuda Heidi, pudo con &#8216;Fire&#8217;.<\/p>\n<p>Beckenbauer, sin duda, se llev\u00f3 la \u00faltima victoria de su carrera.<\/p>\n<p>Y lo hizo ante a su afici\u00f3n y con un homenaje m\u00e1s que merecido.<\/p>\n<p>El &#8216;Kaiser&#8217; brill\u00f3 como en los viejos tiempos. EFE . <strong>(D)<\/strong><\/p>\n<div class=\"css-1dbjc4n r-18u37iz r-kzbkwu\">\n<div class=\"css-1dbjc4n r-eqz5dr r-1777fci r-4amgru r-1kh6xel\">\n<div class=\"css-1dbjc4n r-1ny4l3l\">\n<div class=\"css-1dbjc4n r-1wbh5a2 r-dnmrzs r-1ny4l3l\">\n<div class=\"css-1dbjc4n r-1wbh5a2 r-dnmrzs r-1ny4l3l\">\n<div class=\"css-1dbjc4n r-1awozwy r-18u37iz r-dnmrzs\">\n<div class=\"css-901oao r-1awozwy r-18jsvk2 r-6koalj r-1qd0xha r-a023e6 r-b88u0q r-rjixqe r-bcqeeo r-1udh08x r-3s2u2q r-qvutc0\" dir=\"auto\"><strong><span class=\"css-901oao css-16my406 css-1hf3ou5 r-poiln3 r-bcqeeo r-qvutc0\"><span class=\"css-901oao css-16my406 r-poiln3 r-bcqeeo r-qvutc0\">EFA<\/span><\/span><\/strong><\/div>\n<div class=\"css-901oao r-18jsvk2 r-xoduu5 r-18u37iz r-1q142lx r-1qd0xha r-a023e6 r-16dba41 r-rjixqe r-bcqeeo r-qvutc0\" dir=\"auto\"><\/div>\n<\/div>\n<div class=\"css-1dbjc4n r-1awozwy r-18u37iz r-1wbh5a2\">\n<div class=\"css-1dbjc4n\">\n<div class=\"css-901oao css-1hf3ou5 r-14j79pv r-18u37iz r-1qd0xha r-1wvb978 r-a023e6 r-16dba41 r-rjixqe r-bcqeeo r-qvutc0\" dir=\"ltr\"><strong><span class=\"css-901oao css-16my406 r-poiln3 r-bcqeeo r-qvutc0\">@UEFA<\/span><\/strong><\/div>\n<\/div>\n<div class=\"css-1dbjc4n r-18u37iz r-1q142lx\">\n<div class=\"css-901oao r-14j79pv r-1q142lx r-1qd0xha r-a023e6 r-16dba41 r-rjixqe r-bcqeeo r-s1qlax r-qvutc0\" dir=\"auto\" aria-hidden=\"true\"><\/div>\n<\/div>\n<\/div>\n<\/div>\n<\/div>\n<\/div>\n<\/div>\n<\/div>\n<div class=\"css-1dbjc4n\">\n<div class=\"css-901oao r-18jsvk2 r-1dqbpge r-1qd0xha r-adyw6z r-16dba41 r-135wba7 r-bcqeeo r-bnwqim r-qvutc0\" dir=\"auto\" lang=\"en\" data-testid=\"tweetText\"><span class=\"css-901oao css-16my406 r-poiln3 r-bcqeeo r-qvutc0\"> Paying tribute to a legend Franz Beckenbauer&#8217;s wife Heidi was joined by former captains <\/span><\/div>\n<div class=\"css-901oao r-18jsvk2 r-1dqbpge r-1qd0xha r-adyw6z r-16dba41 r-135wba7 r-bcqeeo r-bnwqim r-qvutc0\" dir=\"auto\" lang=\"en\" data-testid=\"tweetText\"><span class=\"css-901oao css-16my406 r-poiln3 r-bcqeeo r-qvutc0\">J\u00fcrgen Klinsmann and Bernard Dietz as we honoured the German great ahead of kick-off tonight.<\/span><\/div>\n<\/div>\n<div dir=\"auto\" lang=\"en\" data-testid=\"tweetText\"><\/div>\n<div dir=\"auto\" lang=\"en\" data-testid=\"tweetText\"><\/div>\n<p><img fetchpriority=\"high\" decoding=\"async\" class=\"\" src=\"https:\/\/pbs.twimg.com\/media\/GQDm_gLWcAAFa6c?format=jpg&amp;name=small\" alt=\"Imagen\" width=\"510\" height=\"340\" \/><\/p>\n<p>&nbsp;<\/p>\n<p>&nbsp;<\/p>\n<p><img decoding=\"async\" class=\"\" src=\"https:\/\/pbs.twimg.com\/media\/GQDnDBeWQAABQEo?format=jpg&amp;name=4096x4096\" alt=\"Imagen\" width=\"524\" height=\"358\" \/><\/p>\n<p>&nbsp;<\/p>\n<p>&nbsp;<\/p>\n<p><img decoding=\"async\" class=\"\" src=\"https:\/\/pbs.twimg.com\/media\/GQDnE2fWoAA5dtc?format=jpg&amp;name=4096x4096\" alt=\"Imagen\" width=\"536\" height=\"357\" \/><\/p>\n<p>&nbsp;<\/p>\n<p>Fuente: evafm.net &#8211; primicias.ec<\/p>\n<div class=\"gsp_post_data\" \r\n\t            data-post_type=\"post\" \r\n\t            data-cat=\"deportes-internacionales\" \r\n\t            data-modified=\"120\"\r\n\t            data-created=\"1718460449\"\r\n\t            data-title=\"Homenaje a Franz Beckenbauer en la ceremonia inaugural de la Eurocopa\" \r\n\t            data-home=\"https:\/\/www.evafm.net\/sitio\"><\/div>","protected":false},"excerpt":{"rendered":"<p>El pasado 7 de enero, en Salzburgo (Austria), falleci\u00f3 el mejor jugador de la historia de Alemania: Franz Beckenbauer. Muri\u00f3 a sus 78 a\u00f1os, dejando un legado impresionante de t\u00edtulos y victorias con el &nbsp; Bayern M\u00fanich y la selecci\u00f3n alemana. En sus vitrinas lucen, entre otros t\u00edtulos, dos Mundiales (Alemania 1974 como jugador e&#8230;<\/p>\n","protected":false},"author":5,"featured_media":81128,"comment_status":"closed","ping_status":"open","sticky":false,"template":"","format":"standard","meta":{"_joinchat":[],"footnotes":""},"categories":[1342],"tags":[],"class_list":["post-81126","post","type-post","status-publish","format-standard","has-post-thumbnail","hentry","category-deportes-internacionales","have-post-thumb"],"_links":{"self":[{"href":"https:\/\/www.evafm.net\/sitio\/wp-json\/wp\/v2\/posts\/81126","targetHints":{"allow":["GET"]}}],"collection":[{"href":"https:\/\/www.evafm.net\/sitio\/wp-json\/wp\/v2\/posts"}],"about":[{"href":"https:\/\/www.evafm.net\/sitio\/wp-json\/wp\/v2\/types\/post"}],"author":[{"embeddable":true,"href":"https:\/\/www.evafm.net\/sitio\/wp-json\/wp\/v2\/users\/5"}],"replies":[{"embeddable":true,"href":"https:\/\/www.evafm.net\/sitio\/wp-json\/wp\/v2\/comments?post=81126"}],"version-history":[{"count":1,"href":"https:\/\/www.evafm.net\/sitio\/wp-json\/wp\/v2\/posts\/81126\/revisions"}],"predecessor-version":[{"id":81129,"href":"https:\/\/www.evafm.net\/sitio\/wp-json\/wp\/v2\/posts\/81126\/revisions\/81129"}],"wp:featuredmedia":[{"embeddable":true,"href":"https:\/\/www.evafm.net\/sitio\/wp-json\/wp\/v2\/media\/81128"}],"wp:attachment":[{"href":"https:\/\/www.evafm.net\/sitio\/wp-json\/wp\/v2\/media?parent=81126"}],"wp:term":[{"taxonomy":"category","embeddable":true,"href":"https:\/\/www.evafm.net\/sitio\/wp-json\/wp\/v2\/categories?post=81126"},{"taxonomy":"post_tag","embeddable":true,"href":"https:\/\/www.evafm.net\/sitio\/wp-json\/wp\/v2\/tags?post=81126"}],"curies":[{"name":"wp","href":"https:\/\/api.w.org\/{rel}","templated":true}]}}