{"id":81207,"date":"2024-06-18T08:50:28","date_gmt":"2024-06-18T13:50:28","guid":{"rendered":"https:\/\/www.evafm.net\/sitio\/?p=81207"},"modified":"2024-06-18T08:50:28","modified_gmt":"2024-06-18T13:50:28","slug":"joe-armas-se-despide-de-imbabura","status":"publish","type":"post","link":"https:\/\/www.evafm.net\/sitio\/joe-armas-se-despide-de-imbabura\/","title":{"rendered":"Joe Armas se despide de Imbabura:"},"content":{"rendered":"<p>El t\u00e9cnico ecuatoriano <strong>Joe Armas<\/strong> present\u00f3 su renuncia y se despidi\u00f3 de Imbabura <strong>este 17 de junio,<\/strong> una vez concluy\u00f3<\/p>\n<p>la primera etapa de <strong>LigaPro.<\/strong><\/p>\n<p>&nbsp;<\/p>\n<p>\u00abMe voy muy agradecido porque confiaron en m\u00ed y en mi equipo de trabajo.<\/p>\n<p>Hemos comunicado a los due\u00f1os de Imbabura que damos por terminado este proyecto que ha durado tres a\u00f1os\u00bb.<\/p>\n<p>manifest\u00f3 el <strong>estratega de 28 a\u00f1os.<\/strong><\/p>\n<p>&nbsp;<\/p>\n<p>Imbabura y Armas terminaron este primer semestre en la d\u00e9cimo cuarta posici\u00f3n de la tabla, \u00fanicamente por encima de<\/p>\n<p><strong> Libertad y Delf\u00edn.<\/strong><\/p>\n<p>Sin embargo, el joven t\u00e9cnico &#8216;tricolor&#8217; acompa\u00f1\u00f3 al equipo en un trayecto donde concretaron dos ascensos claves.<\/p>\n<p>&nbsp;<\/p>\n<p>En agosto de 2021 lleg\u00f3 a Imbabura y obtuvo el subcampeonato de Segunda Categor\u00eda.<\/p>\n<p>Posteriormente, el oriundo de San Miguel de los Bancos hizo lo propio en Serie B para llevar a Imbabura a Serie A,<\/p>\n<p>donde actualmente se encuentra.<\/p>\n<p><strong>\u00bfCu\u00e1l ser\u00e1 el nuevo reto de Armas? . (D)<\/strong><\/p>\n<p><small><\/small><\/p>\n<p>Fuente: evafm.net &#8211; primicias.ec<\/p>\n<div class=\"gsp_post_data\" \r\n\t            data-post_type=\"post\" \r\n\t            data-cat=\"deportes-ecuador\" \r\n\t            data-modified=\"120\"\r\n\t            data-created=\"1718700628\"\r\n\t            data-title=\"Joe Armas se despide de Imbabura:\" \r\n\t            data-home=\"https:\/\/www.evafm.net\/sitio\"><\/div>","protected":false},"excerpt":{"rendered":"<p>El t\u00e9cnico ecuatoriano Joe Armas present\u00f3 su renuncia y se despidi\u00f3 de Imbabura este 17 de junio, una vez concluy\u00f3 la primera etapa de LigaPro. &nbsp; \u00abMe voy muy agradecido porque confiaron en m\u00ed y en mi equipo de trabajo. Hemos comunicado a los due\u00f1os de Imbabura que damos por terminado este proyecto que ha&#8230;<\/p>\n","protected":false},"author":5,"featured_media":81209,"comment_status":"closed","ping_status":"open","sticky":false,"template":"","format":"standard","meta":{"_joinchat":[],"footnotes":""},"categories":[1557],"tags":[],"class_list":["post-81207","post","type-post","status-publish","format-standard","has-post-thumbnail","hentry","category-deportes-ecuador","have-post-thumb"],"_links":{"self":[{"href":"https:\/\/www.evafm.net\/sitio\/wp-json\/wp\/v2\/posts\/81207","targetHints":{"allow":["GET"]}}],"collection":[{"href":"https:\/\/www.evafm.net\/sitio\/wp-json\/wp\/v2\/posts"}],"about":[{"href":"https:\/\/www.evafm.net\/sitio\/wp-json\/wp\/v2\/types\/post"}],"author":[{"embeddable":true,"href":"https:\/\/www.evafm.net\/sitio\/wp-json\/wp\/v2\/users\/5"}],"replies":[{"embeddable":true,"href":"https:\/\/www.evafm.net\/sitio\/wp-json\/wp\/v2\/comments?post=81207"}],"version-history":[{"count":1,"href":"https:\/\/www.evafm.net\/sitio\/wp-json\/wp\/v2\/posts\/81207\/revisions"}],"predecessor-version":[{"id":81210,"href":"https:\/\/www.evafm.net\/sitio\/wp-json\/wp\/v2\/posts\/81207\/revisions\/81210"}],"wp:featuredmedia":[{"embeddable":true,"href":"https:\/\/www.evafm.net\/sitio\/wp-json\/wp\/v2\/media\/81209"}],"wp:attachment":[{"href":"https:\/\/www.evafm.net\/sitio\/wp-json\/wp\/v2\/media?parent=81207"}],"wp:term":[{"taxonomy":"category","embeddable":true,"href":"https:\/\/www.evafm.net\/sitio\/wp-json\/wp\/v2\/categories?post=81207"},{"taxonomy":"post_tag","embeddable":true,"href":"https:\/\/www.evafm.net\/sitio\/wp-json\/wp\/v2\/tags?post=81207"}],"curies":[{"name":"wp","href":"https:\/\/api.w.org\/{rel}","templated":true}]}}