{"id":81215,"date":"2024-06-18T09:13:54","date_gmt":"2024-06-18T14:13:54","guid":{"rendered":"https:\/\/www.evafm.net\/sitio\/?p=81215"},"modified":"2024-06-18T09:13:54","modified_gmt":"2024-06-18T14:13:54","slug":"liga-de-quito-envia-fuerzas-a-polo-carrera","status":"publish","type":"post","link":"https:\/\/www.evafm.net\/sitio\/liga-de-quito-envia-fuerzas-a-polo-carrera\/","title":{"rendered":"Liga de Quito env\u00eda fuerzas a Polo Carrera"},"content":{"rendered":"<p>El exfutbolista y t\u00e9cnico ecuatoriano, Polo Carrera, se recupera tras sufrir un infarto el pasado s\u00e1bado 15 de junio.<\/p>\n<p>Carrera, de 79 a\u00f1os de edad, se encuentra bajo cuidados m\u00e9dicos para evaluar su recuperaci\u00f3n.<\/p>\n<p>&nbsp;<\/p>\n<p>Como jugador, el quite\u00f1o realiz\u00f3 la mayor parte de su carrera deportiva en Ecuador, pero tuvo un paso por dos<\/p>\n<p>clubes uruguayos: <strong>Pe\u00f1arol (1968) y River Plate (1969).<\/strong><\/p>\n<p>Liga de Quito, adem\u00e1s de ser el equipo donde debut\u00f3, fue uno de los m\u00e1s representativos de su trayectoria.<\/p>\n<p>&nbsp;<\/p>\n<p>Con los<strong> &#8216;albos&#8217;<\/strong> consigui\u00f3 dos campeonatos interandinos <strong>(1960 y 1961)<\/strong> y el campeonato ecuatoriano en <strong>1975. <\/strong><\/p>\n<p>Incluso, la noche de este lunes, el club envi\u00f3 sus fuerzas a Carrera con un mensaje en sus redes sociales.<\/p>\n<p>&nbsp;<\/p>\n<p>\u00abLe deseamos una pronta recuperaci\u00f3n a nuestra leyenda, ex jugador y DT\u00bb.<\/p>\n<p>&nbsp;<\/p>\n<p>Ya como t\u00e9cnico dirigi\u00f3 a varios clubes del pa\u00eds e incluso estuvo a cargo de la Selecci\u00f3n ecuatoriana.<\/p>\n<p><strong>En 1990,<\/strong> al mando de los<strong> &#8216;albos&#8217;,<\/strong> obtuvo el t\u00edtulo nacional<strong> tras 15 a\u00f1os de sequ\u00eda<\/strong> del equipo universitario. <strong>(D)<\/strong><\/p>\n<div class=\"css-1dbjc4n r-18u37iz r-kzbkwu\">\n<div class=\"css-1dbjc4n r-eqz5dr r-1777fci r-4amgru r-1kh6xel\">\n<div class=\"css-1dbjc4n r-1ny4l3l\">\n<div class=\"css-1dbjc4n r-1wbh5a2 r-dnmrzs r-1ny4l3l\">\n<div class=\"css-1dbjc4n r-1wbh5a2 r-dnmrzs r-1ny4l3l\">\n<div class=\"css-1dbjc4n r-1awozwy r-18u37iz r-dnmrzs\">\n<div class=\"css-901oao r-1awozwy r-18jsvk2 r-6koalj r-1qd0xha r-a023e6 r-b88u0q r-rjixqe r-bcqeeo r-1udh08x r-3s2u2q r-qvutc0\" dir=\"auto\"><strong><span class=\"css-901oao css-16my406 css-1hf3ou5 r-poiln3 r-bcqeeo r-qvutc0\"><span class=\"css-901oao css-16my406 r-poiln3 r-bcqeeo r-qvutc0\">LDU Oficial<\/span><\/span><\/strong><\/div>\n<div class=\"css-901oao r-18jsvk2 r-xoduu5 r-18u37iz r-1q142lx r-1qd0xha r-a023e6 r-16dba41 r-rjixqe r-bcqeeo r-qvutc0\" dir=\"auto\"><\/div>\n<\/div>\n<div class=\"css-1dbjc4n r-1awozwy r-18u37iz r-1wbh5a2\">\n<div class=\"css-1dbjc4n\">\n<div class=\"css-901oao css-1hf3ou5 r-14j79pv r-18u37iz r-1qd0xha r-1wvb978 r-a023e6 r-16dba41 r-rjixqe r-bcqeeo r-qvutc0\" dir=\"ltr\"><strong><span class=\"css-901oao css-16my406 r-poiln3 r-bcqeeo r-qvutc0\">@LDU_Oficial<\/span><\/strong><\/div>\n<\/div>\n<div class=\"css-1dbjc4n r-18u37iz r-1q142lx\">\n<div class=\"css-901oao r-14j79pv r-1q142lx r-1qd0xha r-a023e6 r-16dba41 r-rjixqe r-bcqeeo r-s1qlax r-qvutc0\" dir=\"auto\" aria-hidden=\"true\"><\/div>\n<\/div>\n<\/div>\n<\/div>\n<\/div>\n<\/div>\n<\/div>\n<\/div>\n<div class=\"css-1dbjc4n\">\n<div class=\"css-901oao r-18jsvk2 r-1dqbpge r-1qd0xha r-adyw6z r-16dba41 r-135wba7 r-bcqeeo r-bnwqim r-qvutc0\" dir=\"auto\" lang=\"es\" data-testid=\"tweetText\"><span class=\"css-901oao css-16my406 r-poiln3 r-bcqeeo r-qvutc0\">Le deseamos una pronta recuperaci\u00f3n a nuestra leyenda, ex jugador y<strong> DT, Polo Carrera <\/strong><\/span><\/div>\n<div class=\"css-901oao r-18jsvk2 r-1dqbpge r-1qd0xha r-adyw6z r-16dba41 r-135wba7 r-bcqeeo r-bnwqim r-qvutc0\" dir=\"auto\" lang=\"es\" data-testid=\"tweetText\"><span class=\"css-901oao css-16my406 r-poiln3 r-bcqeeo r-qvutc0\"> Estamos seguros que ganar\u00e1s esta batalla<\/span><\/div>\n<\/div>\n<p>&nbsp;<\/p>\n<p><img fetchpriority=\"high\" decoding=\"async\" class=\"\" src=\"https:\/\/pbs.twimg.com\/media\/GQUWG9FXwAE-SCR?format=jpg&amp;name=small\" alt=\"Imagen\" width=\"377\" height=\"471\" \/><\/p>\n<p>&nbsp;<\/p>\n<p>&nbsp;<\/p>\n<p>Fuente: evafm.net &#8211; primicias.ec<\/p>\n<div class=\"gsp_post_data\" \r\n\t            data-post_type=\"post\" \r\n\t            data-cat=\"deportes-ecuador\" \r\n\t            data-modified=\"120\"\r\n\t            data-created=\"1718702034\"\r\n\t            data-title=\"Liga de Quito env\u00eda fuerzas a Polo Carrera\" \r\n\t            data-home=\"https:\/\/www.evafm.net\/sitio\"><\/div>","protected":false},"excerpt":{"rendered":"<p>El exfutbolista y t\u00e9cnico ecuatoriano, Polo Carrera, se recupera tras sufrir un infarto el pasado s\u00e1bado 15 de junio. Carrera, de 79 a\u00f1os de edad, se encuentra bajo cuidados m\u00e9dicos para evaluar su recuperaci\u00f3n. &nbsp; Como jugador, el quite\u00f1o realiz\u00f3 la mayor parte de su carrera deportiva en Ecuador, pero tuvo un paso por dos&#8230;<\/p>\n","protected":false},"author":5,"featured_media":81216,"comment_status":"closed","ping_status":"open","sticky":false,"template":"","format":"standard","meta":{"_joinchat":[],"footnotes":""},"categories":[1557],"tags":[],"class_list":["post-81215","post","type-post","status-publish","format-standard","has-post-thumbnail","hentry","category-deportes-ecuador","have-post-thumb"],"_links":{"self":[{"href":"https:\/\/www.evafm.net\/sitio\/wp-json\/wp\/v2\/posts\/81215","targetHints":{"allow":["GET"]}}],"collection":[{"href":"https:\/\/www.evafm.net\/sitio\/wp-json\/wp\/v2\/posts"}],"about":[{"href":"https:\/\/www.evafm.net\/sitio\/wp-json\/wp\/v2\/types\/post"}],"author":[{"embeddable":true,"href":"https:\/\/www.evafm.net\/sitio\/wp-json\/wp\/v2\/users\/5"}],"replies":[{"embeddable":true,"href":"https:\/\/www.evafm.net\/sitio\/wp-json\/wp\/v2\/comments?post=81215"}],"version-history":[{"count":1,"href":"https:\/\/www.evafm.net\/sitio\/wp-json\/wp\/v2\/posts\/81215\/revisions"}],"predecessor-version":[{"id":81217,"href":"https:\/\/www.evafm.net\/sitio\/wp-json\/wp\/v2\/posts\/81215\/revisions\/81217"}],"wp:featuredmedia":[{"embeddable":true,"href":"https:\/\/www.evafm.net\/sitio\/wp-json\/wp\/v2\/media\/81216"}],"wp:attachment":[{"href":"https:\/\/www.evafm.net\/sitio\/wp-json\/wp\/v2\/media?parent=81215"}],"wp:term":[{"taxonomy":"category","embeddable":true,"href":"https:\/\/www.evafm.net\/sitio\/wp-json\/wp\/v2\/categories?post=81215"},{"taxonomy":"post_tag","embeddable":true,"href":"https:\/\/www.evafm.net\/sitio\/wp-json\/wp\/v2\/tags?post=81215"}],"curies":[{"name":"wp","href":"https:\/\/api.w.org\/{rel}","templated":true}]}}