{"id":81218,"date":"2024-06-18T09:28:40","date_gmt":"2024-06-18T14:28:40","guid":{"rendered":"https:\/\/www.evafm.net\/sitio\/?p=81218"},"modified":"2024-06-18T09:28:40","modified_gmt":"2024-06-18T14:28:40","slug":"jhonatan-narvaez-richard-me-escribio-y-me-felicito","status":"publish","type":"post","link":"https:\/\/www.evafm.net\/sitio\/jhonatan-narvaez-richard-me-escribio-y-me-felicito\/","title":{"rendered":"Jhonatan Narv\u00e1ez: Richard me escribi\u00f3 y me felicito"},"content":{"rendered":"<p>Con apenas 19 a\u00f1os, <strong>Jhonatan Narv\u00e1ez<\/strong> lleg\u00f3 a Europa en 2016 para correr en el equipo checo<strong> Klein Constantia<\/strong>, que era filial<\/p>\n<p>del <strong>Quick-Step. <\/strong><\/p>\n<p>Sus sue\u00f1os y su buen nivel en la bicicleta le fueron abriendo puertas.<\/p>\n<p>Hoy es uno de los ciclistas m\u00e1s destacados del pelot\u00f3n.<\/p>\n<p>&nbsp;<\/p>\n<p>El <strong>&#8216;Lagarto&#8217;,<\/strong> apodo que hered\u00f3 de su hermano, tiene 27 a\u00f1os y atraviesa el mejor momento de su carrera.<\/p>\n<p>Gan\u00f3 una etapa en el Giro de Italia y se visti\u00f3 con la maglia rosa.<\/p>\n<p>Y ahora se prepara para competir en los <strong>Juegos Ol\u00edmpicos.<\/strong><\/p>\n<p>&nbsp;<\/p>\n<p>En una charla con PRIMICIAS, Narv\u00e1ez confiesa que <strong>Richard Carapaz<\/strong> le escribi\u00f3 despu\u00e9s de que se conociera que el ciclista<\/p>\n<p>de Sucumb\u00edos ser\u00eda el representante de Ecuador en Par\u00eds.<\/p>\n<p>&nbsp;<\/p>\n<p>\u00abFelicidades mij\u00edn\u00bb, dec\u00eda el mensaje de la &#8216;Locomotora&#8217;, para as\u00ed terminar lo mejor posible la pol\u00e9mica que se gener\u00f3 en el pa\u00eds.<\/p>\n<p>&nbsp;<\/p>\n<p>&#8216;Jhony&#8217;, como le dicen algunos de sus compa\u00f1eros, ha recibido varias ofertas para cambiar de equipo para el pr\u00f3ximo a\u00f1o, que las<\/p>\n<p>est\u00e1 analizando junto a su empresario.<\/p>\n<p>Eso s\u00ed, hay un requisito fundamental para aceptar alguna propuesta: que le garanticen correr el Tour de Francia. <strong>(D)<\/strong><\/p>\n<p><strong>\u00bfDe qui\u00e9n hered\u00f3 el apodo de &#8216;Lagarto&#8217;? <\/strong><\/p>\n<p>Era el apodo de mi hermano. Mi pap\u00e1 dice que \u00e9l era un corredor un poco parecido a lo que soy yo.<\/p>\n<p>Pasaba la monta\u00f1a y hac\u00eda bien el sprint.<\/p>\n<p>Cuando ves la l\u00ednea de meta, no puedes dejar que te ganen, de ah\u00ed viene el apodo.<\/p>\n<p>Mi hermano es m\u00e9dico ahora, trabaja en Otavalo.<\/p>\n<p>&nbsp;<\/p>\n<p><strong>\u00bfLe gusta que le digan &#8216;Lagarto&#8217;? <\/strong><\/p>\n<p>Mis amigos, s\u00ed. Pero a veces viene un desconocido y me lo dice de mala manera.<\/p>\n<p>No es que me moleste.<\/p>\n<p>As\u00ed me conocen ya.<\/p>\n<p>&nbsp;<\/p>\n<p><strong>\u00bfHabl\u00f3 con Richard Carapaz despu\u00e9s de que se supo que usted ir\u00eda a los Juegos Ol\u00edmpicos?<\/strong><\/p>\n<p>Habl\u00e9 con \u00e9l hace dos meses.<\/p>\n<p>Ah\u00ed le dije que esperemos a ver lo que pasaba.<\/p>\n<p>Tanto \u00e9l como yo quer\u00edamos ir a la Olimpiada.<\/p>\n<p>Luego me escribi\u00f3 cuando gan\u00e9 la etapa en el Giro.<\/p>\n<p>Y el d\u00eda que el Comit\u00e9 Ol\u00edmpico anunci\u00f3 el nombre, me escribi\u00f3 y me puso: \u00abFelicidades mij\u00edn por el cupo\u00bb.<\/p>\n<p>Al final es deporte, as\u00ed se deber\u00eda considerar.<\/p>\n<p><small><\/small><\/p>\n<p><strong>Entonces, \u00bftodo termin\u00f3 bien entre ustedes?<\/strong><\/p>\n<p>S\u00ed. Entiendo que Richard ten\u00eda sus intereses y quer\u00eda transmitir al Ecuador el descontento con con el reglamento<\/p>\n<p>pero me parece que no lo hizo de la mejor manera, porque al final, yo sal\u00ed salpicado en cosas que ni me afectan.<\/p>\n<p>Pero me llamaban mis amigos a preguntar qu\u00e9 est\u00e1 pasando.<\/p>\n<p>Fue algo que yo no busqu\u00e9.<\/p>\n<p>Quiz\u00e1s si Richard lo transmit\u00eda de diferente manera, esto no iba a terminar as\u00ed.<\/p>\n<p>No termin\u00f3 mal, pero hubo pol\u00e9mica.<\/p>\n<p>Hasta el &#8216;Chito&#8217; Vera pon\u00eda en Twitter.<\/p>\n<p>Se fue de las manos.<\/p>\n<p>Fuente: evafm.net &#8211; primicias.ec<\/p>\n<div class=\"gsp_post_data\" \r\n\t            data-post_type=\"post\" \r\n\t            data-cat=\"deportes-internacionales,general\" \r\n\t            data-modified=\"120\"\r\n\t            data-created=\"1718702920\"\r\n\t            data-title=\"Jhonatan Narv\u00e1ez: Richard me escribi\u00f3 y me felicito\" \r\n\t            data-home=\"https:\/\/www.evafm.net\/sitio\"><\/div>","protected":false},"excerpt":{"rendered":"<p>Con apenas 19 a\u00f1os, Jhonatan Narv\u00e1ez lleg\u00f3 a Europa en 2016 para correr en el equipo checo Klein Constantia, que era filial del Quick-Step. Sus sue\u00f1os y su buen nivel en la bicicleta le fueron abriendo puertas. Hoy es uno de los ciclistas m\u00e1s destacados del pelot\u00f3n. &nbsp; El &#8216;Lagarto&#8217;, apodo que hered\u00f3 de su&#8230;<\/p>\n","protected":false},"author":5,"featured_media":81219,"comment_status":"closed","ping_status":"open","sticky":false,"template":"","format":"standard","meta":{"_joinchat":[],"footnotes":""},"categories":[1342,1720],"tags":[],"class_list":["post-81218","post","type-post","status-publish","format-standard","has-post-thumbnail","hentry","category-deportes-internacionales","category-general","have-post-thumb"],"_links":{"self":[{"href":"https:\/\/www.evafm.net\/sitio\/wp-json\/wp\/v2\/posts\/81218","targetHints":{"allow":["GET"]}}],"collection":[{"href":"https:\/\/www.evafm.net\/sitio\/wp-json\/wp\/v2\/posts"}],"about":[{"href":"https:\/\/www.evafm.net\/sitio\/wp-json\/wp\/v2\/types\/post"}],"author":[{"embeddable":true,"href":"https:\/\/www.evafm.net\/sitio\/wp-json\/wp\/v2\/users\/5"}],"replies":[{"embeddable":true,"href":"https:\/\/www.evafm.net\/sitio\/wp-json\/wp\/v2\/comments?post=81218"}],"version-history":[{"count":1,"href":"https:\/\/www.evafm.net\/sitio\/wp-json\/wp\/v2\/posts\/81218\/revisions"}],"predecessor-version":[{"id":81220,"href":"https:\/\/www.evafm.net\/sitio\/wp-json\/wp\/v2\/posts\/81218\/revisions\/81220"}],"wp:featuredmedia":[{"embeddable":true,"href":"https:\/\/www.evafm.net\/sitio\/wp-json\/wp\/v2\/media\/81219"}],"wp:attachment":[{"href":"https:\/\/www.evafm.net\/sitio\/wp-json\/wp\/v2\/media?parent=81218"}],"wp:term":[{"taxonomy":"category","embeddable":true,"href":"https:\/\/www.evafm.net\/sitio\/wp-json\/wp\/v2\/categories?post=81218"},{"taxonomy":"post_tag","embeddable":true,"href":"https:\/\/www.evafm.net\/sitio\/wp-json\/wp\/v2\/tags?post=81218"}],"curies":[{"name":"wp","href":"https:\/\/api.w.org\/{rel}","templated":true}]}}