{"id":81224,"date":"2024-06-18T10:08:38","date_gmt":"2024-06-18T15:08:38","guid":{"rendered":"https:\/\/www.evafm.net\/sitio\/?p=81224"},"modified":"2024-06-18T10:08:38","modified_gmt":"2024-06-18T15:08:38","slug":"arbitros-designados-para-ecuador-vs-venezuela-por-copa-america","status":"publish","type":"post","link":"https:\/\/www.evafm.net\/sitio\/arbitros-designados-para-ecuador-vs-venezuela-por-copa-america\/","title":{"rendered":"\u00c1rbitros designados para Ecuador vs. Venezuela por Copa Am\u00e9rica"},"content":{"rendered":"<p>Un nuevo sue\u00f1o y a la vez una gran prueba.<\/p>\n<p><strong>Ecuador<\/strong> se alista para debutar en esta<strong> Copa Am\u00e9rica 2024<\/strong> ante<strong> Venezuela<\/strong>, el pr\u00f3ximo<strong> s\u00e1bado 22 de junio<\/strong> <strong>(17:00)<\/strong><\/p>\n<p>en el <strong>Levi&#8217;s Stadium.<\/strong><\/p>\n<p>La <strong>&#8216;Tri&#8217;<\/strong> comparte el Grupo B junto a la <strong>&#8216;vinotinto&#8217;,<\/strong> <strong>M\u00e9xico y Jamaica,<\/strong> con la necesidad no solo de mejorar sus \u00faltimas<\/p>\n<p>participaciones sino tambi\u00e9n de avanzar de ronda ante rivales que ser\u00edan no superiores en la previa.<\/p>\n<p>&nbsp;<\/p>\n<p><strong>La Copa Am\u00e9rica se transmitir\u00e1 para Ecuador por DSports y DGO, y en se\u00f1al abierta por Ecuavisa. (D)<\/strong><\/p>\n<p>&nbsp;<\/p>\n<p><strong>\u00c1rbitros designados para Ecuador vs. Venezuela <\/strong><\/p>\n<p>\u00c1rbitro: Wilmar Rold\u00e1n<strong> (COL)<\/strong><\/p>\n<p>\u00c1rbitro asistente 1: Alexander Guzm\u00e1n <strong>(COL)<\/strong><\/p>\n<p>\u00c1rbitro asistente 2: John Le\u00f3n <strong>(COL) <\/strong><\/p>\n<p>4to \u00e1rbitro: Kevin Ortega <strong>(PER) <\/strong><\/p>\n<p>5to \u00e1rbitro: Michael Orue <strong>(PER) <\/strong><\/p>\n<p><strong>VAR:<\/strong> Juan Lara <strong>(CHI) <\/strong><\/p>\n<p><strong>AVAR:<\/strong> Edison Cisternas <strong>(CHI) <\/strong><\/p>\n<p><strong>Asesor de \u00e1rbitros:<\/strong> \u00c1ngel S\u00e1nchez <strong>(ARG) <\/strong><\/p>\n<p><strong>Quality Manager:<\/strong> V\u00edctor Hugo Carrrillo (<strong>PER)<\/strong><\/p>\n<p>Fuente: evafm.net &#8211; primicias.ec<\/p>\n<div class=\"gsp_post_data\" \r\n\t            data-post_type=\"post\" \r\n\t            data-cat=\"deportes-internacionales\" \r\n\t            data-modified=\"120\"\r\n\t            data-created=\"1718705318\"\r\n\t            data-title=\"\u00c1rbitros designados para Ecuador vs. Venezuela por Copa Am\u00e9rica\" \r\n\t            data-home=\"https:\/\/www.evafm.net\/sitio\"><\/div>","protected":false},"excerpt":{"rendered":"<p>Un nuevo sue\u00f1o y a la vez una gran prueba. Ecuador se alista para debutar en esta Copa Am\u00e9rica 2024 ante Venezuela, el pr\u00f3ximo s\u00e1bado 22 de junio (17:00) en el Levi&#8217;s Stadium. La &#8216;Tri&#8217; comparte el Grupo B junto a la &#8216;vinotinto&#8217;, M\u00e9xico y Jamaica, con la necesidad no solo de mejorar sus \u00faltimas&#8230;<\/p>\n","protected":false},"author":5,"featured_media":81226,"comment_status":"closed","ping_status":"open","sticky":false,"template":"","format":"standard","meta":{"_joinchat":[],"footnotes":""},"categories":[1342],"tags":[],"class_list":["post-81224","post","type-post","status-publish","format-standard","has-post-thumbnail","hentry","category-deportes-internacionales","have-post-thumb"],"_links":{"self":[{"href":"https:\/\/www.evafm.net\/sitio\/wp-json\/wp\/v2\/posts\/81224","targetHints":{"allow":["GET"]}}],"collection":[{"href":"https:\/\/www.evafm.net\/sitio\/wp-json\/wp\/v2\/posts"}],"about":[{"href":"https:\/\/www.evafm.net\/sitio\/wp-json\/wp\/v2\/types\/post"}],"author":[{"embeddable":true,"href":"https:\/\/www.evafm.net\/sitio\/wp-json\/wp\/v2\/users\/5"}],"replies":[{"embeddable":true,"href":"https:\/\/www.evafm.net\/sitio\/wp-json\/wp\/v2\/comments?post=81224"}],"version-history":[{"count":1,"href":"https:\/\/www.evafm.net\/sitio\/wp-json\/wp\/v2\/posts\/81224\/revisions"}],"predecessor-version":[{"id":81227,"href":"https:\/\/www.evafm.net\/sitio\/wp-json\/wp\/v2\/posts\/81224\/revisions\/81227"}],"wp:featuredmedia":[{"embeddable":true,"href":"https:\/\/www.evafm.net\/sitio\/wp-json\/wp\/v2\/media\/81226"}],"wp:attachment":[{"href":"https:\/\/www.evafm.net\/sitio\/wp-json\/wp\/v2\/media?parent=81224"}],"wp:term":[{"taxonomy":"category","embeddable":true,"href":"https:\/\/www.evafm.net\/sitio\/wp-json\/wp\/v2\/categories?post=81224"},{"taxonomy":"post_tag","embeddable":true,"href":"https:\/\/www.evafm.net\/sitio\/wp-json\/wp\/v2\/tags?post=81224"}],"curies":[{"name":"wp","href":"https:\/\/api.w.org\/{rel}","templated":true}]}}