{"id":81257,"date":"2024-06-19T14:59:37","date_gmt":"2024-06-19T19:59:37","guid":{"rendered":"https:\/\/www.evafm.net\/sitio\/?p=81257"},"modified":"2024-06-19T14:59:37","modified_gmt":"2024-06-19T19:59:37","slug":"emelec-presento-a-leonel-alvarez-como-dt","status":"publish","type":"post","link":"https:\/\/www.evafm.net\/sitio\/emelec-presento-a-leonel-alvarez-como-dt\/","title":{"rendered":"Emelec presento a Leonel \u00c1lvarez como DT"},"content":{"rendered":"<p>Leonel \u00c1lvarez aterriz\u00f3 en el aeropuerto Jos\u00e9 Joaqu\u00edn de Olmedo cerca de las 10:00 y fue recibido por una gran cantidad<\/p>\n<p>de hinchas de Emelec.<\/p>\n<p>De inmediato, el DT se traslad\u00f3 al estadio <strong>Capwell. <\/strong><\/p>\n<p>&nbsp;<\/p>\n<p>\u00abVamos a devolver a este club al lugar que merece\u00bb, dijo en su presentaci\u00f3n.<\/p>\n<p>&nbsp;<\/p>\n<p>El experimentado entrenador llega proveniente de <strong>Deportivo Pereira de Colombia,<\/strong> en donde estuvo apenas siete meses<\/p>\n<p>y dirigi\u00f3 31 partidos.<\/p>\n<p>De hecho, el equipo <strong>&#8216;mateca\u00f1a&#8217;<\/strong> ya le encontr\u00f3 reemplazo y anunci\u00f3 a <strong>Luis Fernando Su\u00e1rez<\/strong> como nuevo <strong>DT. <\/strong><\/p>\n<p>&nbsp;<\/p>\n<p>El estratega colombiano fue presentado por el presidente <strong>Jos\u00e9 Pileggi<\/strong> en la sala de prensa del estadio <strong>Capwell. <\/strong><\/p>\n<p>En sus primeras palabras, el DT asegur\u00f3 que Emelec tiene <strong>\u201cuna plantilla competitiva\u201d.<\/strong><\/p>\n<p>El presidente del club \u2018el\u00e9ctrico\u2019 indic\u00f3 que hubo varios interesados en ser parte del<strong> \u201cproyecto\u201d,<\/strong> pero apenas encontraron<\/p>\n<p>la oportunidad de contactar a \u00c1lvarez fueron por \u00e9l.<\/p>\n<p>Respecto a los refuerzos, \u00c1lvarez dijo que \u00abuno siempre va a querer m\u00e1s.<\/p>\n<p>Siempre que exista la posibilidad de traer jugadores que est\u00e9n en la l\u00ednea que queremos, conversaremos y nos pondremos de acuerdo\u201d.<\/p>\n<p>El colombiano tambi\u00e9n habl\u00f3 de mostrar el mismo estilo de juego en todos los estadios y asegur\u00f3 que para que Emelec sea campe\u00f3n<\/p>\n<p>\u00abtiene que ganar en la altura\u00bb. Una vez terminada la rueda de prensa, Leonel \u00c1lvarez y su cuerpo t\u00e9cnico firmaron sus contratos<\/p>\n<p>que los vincula al equipo el\u00e9ctrico hasta 2026. <strong>(D)<\/strong><\/p>\n<p><strong><span class=\"css-1jxf684 r-dnmrzs r-1udh08x r-3s2u2q r-bcqeeo r-1ttztb7 r-qvutc0 r-poiln3\"><span class=\"css-1jxf684 r-bcqeeo r-1ttztb7 r-qvutc0 r-poiln3\">Club Sport Emelec<\/span><\/span><\/strong><\/p>\n<div class=\"css-175oi2r r-zl2h9q\">\n<div class=\"css-175oi2r r-k4xj1c r-18u37iz r-1wtj0ep\">\n<div class=\"css-175oi2r r-1d09ksm r-18u37iz r-1wbh5a2\">\n<div class=\"css-175oi2r r-1wbh5a2 r-dnmrzs r-1ny4l3l\">\n<div id=\"id__pyefw4mclp\" class=\"css-175oi2r r-1wbh5a2 r-dnmrzs r-1ny4l3l r-1awozwy r-18u37iz\" data-testid=\"User-Name\">\n<div class=\"css-175oi2r r-1awozwy r-18u37iz r-1wbh5a2 r-dnmrzs\">\n<div class=\"css-175oi2r r-1wbh5a2 r-dnmrzs\">\n<div class=\"css-175oi2r r-1awozwy r-18u37iz r-1wbh5a2 r-dnmrzs\">\n<div class=\"css-146c3p1 r-bcqeeo r-1ttztb7 r-qvutc0 r-37j5jr r-a023e6 r-rjixqe r-16dba41 r-xoduu5 r-18u37iz r-1q142lx\" dir=\"ltr\"><\/div>\n<\/div>\n<\/div>\n<\/div>\n<div class=\"css-175oi2r r-18u37iz r-1wbh5a2 r-1ez5h0i\">\n<div class=\"css-175oi2r r-1d09ksm r-18u37iz r-1wbh5a2\">\n<div class=\"css-175oi2r r-1wbh5a2 r-dnmrzs\">\n<div class=\"css-146c3p1 r-dnmrzs r-1udh08x r-3s2u2q r-bcqeeo r-1ttztb7 r-qvutc0 r-37j5jr r-a023e6 r-rjixqe r-16dba41 r-18u37iz r-1wvb978\" dir=\"ltr\"><strong><span class=\"css-1jxf684 r-bcqeeo r-1ttztb7 r-qvutc0 r-poiln3\">@CSEmelec<\/span><\/strong><\/div>\n<\/div>\n<div class=\"css-146c3p1 r-bcqeeo r-1ttztb7 r-qvutc0 r-37j5jr r-a023e6 r-rjixqe r-16dba41 r-1q142lx r-n7gxbd\" dir=\"ltr\" aria-hidden=\"true\"><\/div>\n<\/div>\n<\/div>\n<\/div>\n<\/div>\n<\/div>\n<div class=\"css-175oi2r r-1kkk96v\">\n<div class=\"css-175oi2r r-1awozwy r-18u37iz r-1cmwbt1 r-1wtj0ep\">\n<div class=\"css-175oi2r r-1awozwy r-6koalj r-18u37iz\">\n<div class=\"css-175oi2r\">\n<div class=\"css-175oi2r r-18u37iz r-1h0z5md\">\n<div class=\"css-146c3p1 r-bcqeeo r-1ttztb7 r-qvutc0 r-37j5jr r-a023e6 r-rjixqe r-16dba41 r-1awozwy r-6koalj r-1h0z5md r-o7ynqc r-clp7b1 r-3s2u2q\" dir=\"ltr\">\n<div class=\"css-175oi2r r-xoduu5\">\n<div class=\"css-175oi2r r-xoduu5 r-1p0dtai r-1d2f490 r-u8s1d r-zchlnj r-ipm5af r-1niwhzg r-sdzlij r-xf4iuw r-o7ynqc r-6416eg r-1ny4l3l\"><\/div>\n<\/div>\n<\/div>\n<\/div>\n<\/div>\n<\/div>\n<\/div>\n<\/div>\n<\/div>\n<\/div>\n<div class=\"css-175oi2r\">\n<div id=\"id__1im6wdrf0lf\" class=\"css-146c3p1 r-8akbws r-krxsd3 r-dnmrzs r-1udh08x r-bcqeeo r-1ttztb7 r-qvutc0 r-37j5jr r-a023e6 r-rjixqe r-16dba41 r-bnwqim\" dir=\"auto\" lang=\"qme\" data-testid=\"tweetText\"><\/div>\n<\/div>\n<p><img fetchpriority=\"high\" decoding=\"async\" class=\"\" src=\"https:\/\/pbs.twimg.com\/media\/GQYrdUhWYAAV_F2?format=jpg&amp;name=large\" alt=\"Imagen\" width=\"600\" height=\"400\" \/><\/p>\n<p>&nbsp;<\/p>\n<p>&nbsp;<\/p>\n<p><img decoding=\"async\" class=\"\" src=\"https:\/\/pbs.twimg.com\/media\/GQYrhdWWsAARH8b?format=jpg&amp;name=large\" alt=\"Imagen\" width=\"599\" height=\"399\" \/><\/p>\n<p>&nbsp;<\/p>\n<p><img decoding=\"async\" class=\"\" src=\"https:\/\/pbs.twimg.com\/media\/GQYrhbwXAAATqgx?format=jpg&amp;name=large\" alt=\"Imagen\" width=\"596\" height=\"397\" \/><\/p>\n<p>&nbsp;<\/p>\n<p>&nbsp;<\/p>\n<p>Fuente: evafm.net &#8211; primicias.ec<\/p>\n<div class=\"gsp_post_data\" \r\n\t            data-post_type=\"post\" \r\n\t            data-cat=\"deportes-ecuador,general\" \r\n\t            data-modified=\"120\"\r\n\t            data-created=\"1718809177\"\r\n\t            data-title=\"Emelec presento a Leonel \u00c1lvarez como DT\" \r\n\t            data-home=\"https:\/\/www.evafm.net\/sitio\"><\/div>","protected":false},"excerpt":{"rendered":"<p>Leonel \u00c1lvarez aterriz\u00f3 en el aeropuerto Jos\u00e9 Joaqu\u00edn de Olmedo cerca de las 10:00 y fue recibido por una gran cantidad de hinchas de Emelec. De inmediato, el DT se traslad\u00f3 al estadio Capwell. &nbsp; \u00abVamos a devolver a este club al lugar que merece\u00bb, dijo en su presentaci\u00f3n. &nbsp; El experimentado entrenador llega proveniente&#8230;<\/p>\n","protected":false},"author":5,"featured_media":81258,"comment_status":"closed","ping_status":"open","sticky":false,"template":"","format":"standard","meta":{"_joinchat":[],"footnotes":""},"categories":[1557,1720],"tags":[],"class_list":["post-81257","post","type-post","status-publish","format-standard","has-post-thumbnail","hentry","category-deportes-ecuador","category-general","have-post-thumb"],"_links":{"self":[{"href":"https:\/\/www.evafm.net\/sitio\/wp-json\/wp\/v2\/posts\/81257","targetHints":{"allow":["GET"]}}],"collection":[{"href":"https:\/\/www.evafm.net\/sitio\/wp-json\/wp\/v2\/posts"}],"about":[{"href":"https:\/\/www.evafm.net\/sitio\/wp-json\/wp\/v2\/types\/post"}],"author":[{"embeddable":true,"href":"https:\/\/www.evafm.net\/sitio\/wp-json\/wp\/v2\/users\/5"}],"replies":[{"embeddable":true,"href":"https:\/\/www.evafm.net\/sitio\/wp-json\/wp\/v2\/comments?post=81257"}],"version-history":[{"count":1,"href":"https:\/\/www.evafm.net\/sitio\/wp-json\/wp\/v2\/posts\/81257\/revisions"}],"predecessor-version":[{"id":81259,"href":"https:\/\/www.evafm.net\/sitio\/wp-json\/wp\/v2\/posts\/81257\/revisions\/81259"}],"wp:featuredmedia":[{"embeddable":true,"href":"https:\/\/www.evafm.net\/sitio\/wp-json\/wp\/v2\/media\/81258"}],"wp:attachment":[{"href":"https:\/\/www.evafm.net\/sitio\/wp-json\/wp\/v2\/media?parent=81257"}],"wp:term":[{"taxonomy":"category","embeddable":true,"href":"https:\/\/www.evafm.net\/sitio\/wp-json\/wp\/v2\/categories?post=81257"},{"taxonomy":"post_tag","embeddable":true,"href":"https:\/\/www.evafm.net\/sitio\/wp-json\/wp\/v2\/tags?post=81257"}],"curies":[{"name":"wp","href":"https:\/\/api.w.org\/{rel}","templated":true}]}}