{"id":81265,"date":"2024-06-19T20:42:01","date_gmt":"2024-06-20T01:42:01","guid":{"rendered":"https:\/\/www.evafm.net\/sitio\/?p=81265"},"modified":"2024-06-19T20:42:20","modified_gmt":"2024-06-20T01:42:20","slug":"pablo-vitamina-sanchez-y-su-mensaje-para-liga-de-quito","status":"publish","type":"post","link":"https:\/\/www.evafm.net\/sitio\/pablo-vitamina-sanchez-y-su-mensaje-para-liga-de-quito\/","title":{"rendered":"Pablo &#8216;Vitamina&#8217; S\u00e1nchez  y su mensaje para Liga de Quito"},"content":{"rendered":"<p>Est\u00e1 a punto de comenzar una nueva etapa en Liga de Quito, bajo el mando del director t\u00e9cnico Pablo &#8216;Vitamina&#8217; S\u00e1nchez.<\/p>\n<p>Si bien el entrenador a\u00fan no ha sido anunciado oficialmente en las redes del club, el argentino confirm\u00f3 que ser\u00e1 el nuevo<\/p>\n<p>DT de los &#8216;albos&#8217;.<\/p>\n<p>\u00abEstoy muy feliz de llegar a Liga\u00bb, expres\u00f3 el exentrenador de Palestino, en una conversaci\u00f3n con el periodista<\/p>\n<p><strong>Michael Rosero <\/strong>en FB Radio, este <strong>mi\u00e9rcoles 19 de junio.<\/strong><\/p>\n<p>\u201cEs el m\u00e1s grande de Ecuador en t\u00edtulos, es un grande de Sudam\u00e9rica y lo dirigi\u00f3 con \u00e9xito el <strong>&#8216;Pat\u00f3n&#8217; Bauza\u201d. <\/strong><\/p>\n<p>El argentino, que ya se describe como &#8216;DT de LDU&#8217; en su cuenta oficial de Instagram, se despidi\u00f3 de Palestino con un<\/p>\n<p>video publicado por el mismo club.<\/p>\n<p>&nbsp;<\/p>\n<p>\u00abAprovecho para tomarme unos minutos y poder despedirme de este maravilloso club que me dio una oportunidad<\/p>\n<p>enorme\u00bb. dijo &#8216;Vitamina&#8217; S\u00e1nchez.<\/p>\n<p>&nbsp;<\/p>\n<p>El entrenador se despidi\u00f3 de la dirigencia, de los jugadores y de los aficionados tambi\u00e9n.<\/p>\n<p><strong> \u00abQuiero agradecer a aquellos hinchas que nos apoyaron en los malos momentos\u00bb.<\/strong><\/p>\n<p>Pablo S\u00e1nchez llegar\u00e1 a Ecuador el jueves 20 de junio.<\/p>\n<p>Inmediatamente, el argentino ir\u00e1 al Centro de Alto Rendimiento de Liga de Quito, en Pomasqui, para conocer al plantel.<\/p>\n<p>Horas m\u00e1s tarde, &#8216;Vitamina&#8217; ser\u00e1 presentado oficialmente en una rueda de prensa en un hotel de la capital. <strong>(D)<\/strong><\/p>\n<blockquote class=\"twitter-tweet\" data-width=\"550\" data-dnt=\"true\">\n<p lang=\"es\" dir=\"ltr\">\ud83c\udf99\ufe0f \u201cQuiero agradecer a aquellos hinchas que nos apoyaron en los malos momentos\u201d. La palabra de Pablo \u201cVitamina\u201d S\u00e1nchez, tras despedirse de Palestino \u26bd\ufe0f<a href=\"https:\/\/twitter.com\/hashtag\/TodoUnPueblo?src=hash&amp;ref_src=twsrc%5Etfw\">#TodoUnPueblo<\/a> \ud83c\uddf5\ud83c\uddf8 <a href=\"https:\/\/t.co\/LsAcaqOHQl\">pic.twitter.com\/LsAcaqOHQl<\/a><\/p>\n<p>&mdash; Club Deportivo Palestino (@CDPalestinoSADP) <a href=\"https:\/\/twitter.com\/CDPalestinoSADP\/status\/1803465573717651748?ref_src=twsrc%5Etfw\">June 19, 2024<\/a><\/p><\/blockquote>\n<p><script async src=\"https:\/\/platform.twitter.com\/widgets.js\" charset=\"utf-8\"><\/script><\/p>\n<p>&nbsp;<\/p>\n<p>Fuente: evafm.net &#8211; primicias.ec<\/p>\n<p>&nbsp;<\/p>\n<div class=\"gsp_post_data\" \r\n\t            data-post_type=\"post\" \r\n\t            data-cat=\"deportes-ecuador\" \r\n\t            data-modified=\"120\"\r\n\t            data-created=\"1718829721\"\r\n\t            data-title=\"Pablo &#8216;Vitamina&#8217; S\u00e1nchez  y su mensaje para Liga de Quito\" \r\n\t            data-home=\"https:\/\/www.evafm.net\/sitio\"><\/div>","protected":false},"excerpt":{"rendered":"<p>Est\u00e1 a punto de comenzar una nueva etapa en Liga de Quito, bajo el mando del director t\u00e9cnico Pablo &#8216;Vitamina&#8217; S\u00e1nchez. Si bien el entrenador a\u00fan no ha sido anunciado oficialmente en las redes del club, el argentino confirm\u00f3 que ser\u00e1 el nuevo DT de los &#8216;albos&#8217;. \u00abEstoy muy feliz de llegar a Liga\u00bb, expres\u00f3&#8230;<\/p>\n","protected":false},"author":5,"featured_media":81266,"comment_status":"closed","ping_status":"open","sticky":false,"template":"","format":"standard","meta":{"_joinchat":[],"footnotes":""},"categories":[1557],"tags":[],"class_list":["post-81265","post","type-post","status-publish","format-standard","has-post-thumbnail","hentry","category-deportes-ecuador","have-post-thumb"],"_links":{"self":[{"href":"https:\/\/www.evafm.net\/sitio\/wp-json\/wp\/v2\/posts\/81265","targetHints":{"allow":["GET"]}}],"collection":[{"href":"https:\/\/www.evafm.net\/sitio\/wp-json\/wp\/v2\/posts"}],"about":[{"href":"https:\/\/www.evafm.net\/sitio\/wp-json\/wp\/v2\/types\/post"}],"author":[{"embeddable":true,"href":"https:\/\/www.evafm.net\/sitio\/wp-json\/wp\/v2\/users\/5"}],"replies":[{"embeddable":true,"href":"https:\/\/www.evafm.net\/sitio\/wp-json\/wp\/v2\/comments?post=81265"}],"version-history":[{"count":1,"href":"https:\/\/www.evafm.net\/sitio\/wp-json\/wp\/v2\/posts\/81265\/revisions"}],"predecessor-version":[{"id":81267,"href":"https:\/\/www.evafm.net\/sitio\/wp-json\/wp\/v2\/posts\/81265\/revisions\/81267"}],"wp:featuredmedia":[{"embeddable":true,"href":"https:\/\/www.evafm.net\/sitio\/wp-json\/wp\/v2\/media\/81266"}],"wp:attachment":[{"href":"https:\/\/www.evafm.net\/sitio\/wp-json\/wp\/v2\/media?parent=81265"}],"wp:term":[{"taxonomy":"category","embeddable":true,"href":"https:\/\/www.evafm.net\/sitio\/wp-json\/wp\/v2\/categories?post=81265"},{"taxonomy":"post_tag","embeddable":true,"href":"https:\/\/www.evafm.net\/sitio\/wp-json\/wp\/v2\/tags?post=81265"}],"curies":[{"name":"wp","href":"https:\/\/api.w.org\/{rel}","templated":true}]}}