{"id":81311,"date":"2024-06-26T21:34:47","date_gmt":"2024-06-27T02:34:47","guid":{"rendered":"https:\/\/www.evafm.net\/sitio\/?p=81311"},"modified":"2024-06-26T21:35:58","modified_gmt":"2024-06-27T02:35:58","slug":"emelec-cambia-de-fecha-en-gira-por-estados-unidos","status":"publish","type":"post","link":"https:\/\/www.evafm.net\/sitio\/emelec-cambia-de-fecha-en-gira-por-estados-unidos\/","title":{"rendered":"Emelec cambia de Fecha en gira por Estados Unidos"},"content":{"rendered":"<p><strong>Luego de tantas idas y vueltas, y que<a title=\" se caiga la disputa del cl\u00e1sico del astillero en Estadios Unidos\" href=\"https:\/\/www.ole.com.ar\/ecuador\/liga-pro\/clasico-astillero-unidos-emelec-barcelona-motivo-nose-jugara-ariel-holan-decidio_0_0z21itdGSZ.html\">\u00a0<\/a><\/strong>se caiga la disputa del cl\u00e1sico del astillero en Estadios Unidos<strong>,\u00a0Emelec\u00a0s\u00ed viajar\u00e1<\/strong><\/p>\n<p>a ese pa\u00eds para hacer una mini pretemporada<strong>,\u00a0<\/strong>pero no en la fecha estipulada<strong>.\u00a0<\/strong><\/p>\n<p>Estaba previsto que el Bombillo salga rumbo a territorio norteamericano este jueves a las 22.30, pero<strong>\u00a0este se pospuso para <\/strong><\/p>\n<p><strong>el pr\u00f3ximo mes<\/strong>, debido a que\u00a0<strong>Leonel \u00c1lvarez<\/strong>, entrenador del equipo, quiere tener mas entrenamientos en Guayaquil antes<\/p>\n<p>de viajar.<\/p>\n<p>&nbsp;<\/p>\n<div class=\"custom-text \">\n<p><strong>La fecha tentativa para el viaje, est\u00e1 prevista entre el 9 y el 10 de julio<\/strong>.<\/p>\n<p>Tal y como estaba previsto, el amistoso ante el equipo colombiano finalmente se confirm\u00f3:<strong>\u00a0<\/strong><\/p>\n<p><strong>el rival ser\u00e1\u00a0Independiente de Medell\u00edn<\/strong>.<\/p>\n<p>&nbsp;<\/p>\n<p>El cambio de fecha\u00a0<strong>ayuda al DIM <\/strong>ya que tendr\u00e1 mas tiempo para resolver el tema de la <strong>VISA<\/strong> para sus jugadores y cuerpo t\u00e9cnico.<\/p>\n<\/div>\n<div class=\"custom-text \">\n<p>De todas formas,<strong>\u00a0qued\u00f3 absolutamente descartado el cotejo ante Unisamba FC<\/strong>, equipo que fue rival de Barcelona en la<\/p>\n<p>Noche Amarilla <strong>2024.<\/strong><\/p>\n<\/div>\n<div class=\"custom-text \">\n<p>&nbsp;<\/p>\n<p>Desde la dirigencia\u00a0no descartan un <strong>segundo amistoso<\/strong>, por lo que ya se est\u00e1n moviendo para buscar otro rival\u00a0adem\u00e1s del<\/p>\n<p>conjunto cafetero, por lo que el regreso a suelo ecuatoriano se dar\u00eda entre el 16 y 17 de julio, para as\u00ed completar una semana en la<\/p>\n<p>pretemporada de <strong>Estados Unidos.<\/strong><\/p>\n<\/div>\n<p>&nbsp;<\/p>\n<div class=\"custom-text \">\n<p>De esta manera, el cuadro Millonario se sigue preparando para el segundo semestre del a\u00f1o bajo la direcci\u00f3n t\u00e9cnica de<\/p>\n<p><strong> Leonel \u00c1lvarez,\u00a0<\/strong>que espera por refuerzos a pesar de la\u00a0sanci\u00f3n de la<strong> FIFA<\/strong> que les impide incorporar.<\/p>\n<\/div>\n<div class=\"custom-text \">\n<p>&nbsp;<\/p>\n<p>El estratega cafetero est\u00e1 convencido que la pena ser\u00e1 levantada y que\u00a0podr\u00e1 contar con caras nuevas para la<strong> Fase 2 de la LigaPro. <\/strong><\/p>\n<p>Y uno de los puestos a reforzar es el de centrodelantero, que qued\u00f3 con un lugar vacante tras la lesi\u00f3n de\u00a0<strong>Facundo Castelli,<\/strong> quien se<\/p>\n<p>rompi\u00f3 los ligamentos.<\/p>\n<\/div>\n<div class=\"custom-text \">\n<p>&nbsp;<\/p>\n<p>\u00abAc\u00e1 nosotros tenemos un di\u00e1logo permanente con los directivos.<\/p>\n<p>Hay buena respuesta por el tema refuerzos.<\/p>\n<p>Seguramente se har\u00e1 un esfuerzo para traer un jugador que tenga las caracter\u00edsticas de<strong> Castelli, <\/strong>que nos ayude con los goles<strong>. <\/strong><\/p>\n<p><strong>Un jugador de equipo, esperamos poder acertar en ese jugador<\/strong>\u00ab, coment\u00f3 Alvarez, sobre el mercado que se le viene al Bombillo. <strong>(D)<\/strong><\/p>\n<\/div>\n<p>&nbsp;<\/p>\n<p>Fuente: evafm.net &#8211; ole.com.ar<\/p>\n<div class=\"gsp_post_data\" \r\n\t            data-post_type=\"post\" \r\n\t            data-cat=\"deportes-ecuador,general\" \r\n\t            data-modified=\"120\"\r\n\t            data-created=\"1719437687\"\r\n\t            data-title=\"Emelec cambia de Fecha en gira por Estados Unidos\" \r\n\t            data-home=\"https:\/\/www.evafm.net\/sitio\"><\/div>","protected":false},"excerpt":{"rendered":"<p>Luego de tantas idas y vueltas, y que\u00a0se caiga la disputa del cl\u00e1sico del astillero en Estadios Unidos,\u00a0Emelec\u00a0s\u00ed viajar\u00e1 a ese pa\u00eds para hacer una mini pretemporada,\u00a0pero no en la fecha estipulada.\u00a0 Estaba previsto que el Bombillo salga rumbo a territorio norteamericano este jueves a las 22.30, pero\u00a0este se pospuso para el pr\u00f3ximo mes, debido&#8230;<\/p>\n","protected":false},"author":5,"featured_media":81313,"comment_status":"closed","ping_status":"open","sticky":false,"template":"","format":"standard","meta":{"_joinchat":[],"footnotes":""},"categories":[1557,1720],"tags":[],"class_list":["post-81311","post","type-post","status-publish","format-standard","has-post-thumbnail","hentry","category-deportes-ecuador","category-general","have-post-thumb"],"_links":{"self":[{"href":"https:\/\/www.evafm.net\/sitio\/wp-json\/wp\/v2\/posts\/81311","targetHints":{"allow":["GET"]}}],"collection":[{"href":"https:\/\/www.evafm.net\/sitio\/wp-json\/wp\/v2\/posts"}],"about":[{"href":"https:\/\/www.evafm.net\/sitio\/wp-json\/wp\/v2\/types\/post"}],"author":[{"embeddable":true,"href":"https:\/\/www.evafm.net\/sitio\/wp-json\/wp\/v2\/users\/5"}],"replies":[{"embeddable":true,"href":"https:\/\/www.evafm.net\/sitio\/wp-json\/wp\/v2\/comments?post=81311"}],"version-history":[{"count":1,"href":"https:\/\/www.evafm.net\/sitio\/wp-json\/wp\/v2\/posts\/81311\/revisions"}],"predecessor-version":[{"id":81312,"href":"https:\/\/www.evafm.net\/sitio\/wp-json\/wp\/v2\/posts\/81311\/revisions\/81312"}],"wp:featuredmedia":[{"embeddable":true,"href":"https:\/\/www.evafm.net\/sitio\/wp-json\/wp\/v2\/media\/81313"}],"wp:attachment":[{"href":"https:\/\/www.evafm.net\/sitio\/wp-json\/wp\/v2\/media?parent=81311"}],"wp:term":[{"taxonomy":"category","embeddable":true,"href":"https:\/\/www.evafm.net\/sitio\/wp-json\/wp\/v2\/categories?post=81311"},{"taxonomy":"post_tag","embeddable":true,"href":"https:\/\/www.evafm.net\/sitio\/wp-json\/wp\/v2\/tags?post=81311"}],"curies":[{"name":"wp","href":"https:\/\/api.w.org\/{rel}","templated":true}]}}