{"id":84335,"date":"2024-12-17T18:52:20","date_gmt":"2024-12-17T23:52:20","guid":{"rendered":"https:\/\/www.evafm.net\/sitio\/?p=84335"},"modified":"2024-12-17T18:52:20","modified_gmt":"2024-12-17T23:52:20","slug":"barcelona-sc-confirmo-a-segundo-castillo-como-dt-2025","status":"publish","type":"post","link":"https:\/\/www.evafm.net\/sitio\/barcelona-sc-confirmo-a-segundo-castillo-como-dt-2025\/","title":{"rendered":"Barcelona SC confirm\u00f3 a Segundo Castillo como DT 2025"},"content":{"rendered":"<p><strong>Barcelona S. C<\/strong>, por medio de sus redes sociales, confirm\u00f3 que ha llegado a un acuerdo con el entrenador<\/p>\n<p><strong> Segundo Alejandro Castillo,<\/strong> para convertirse en el director t\u00e9cnico del primer equipo.<\/p>\n<p>&nbsp;<\/p>\n<p>El estratega que hab\u00eda venido siendo asistente t\u00e9cnico del plantel principal desde el 2022, firm\u00f3 un<\/p>\n<p>contrato por todo el a\u00f1o 2025.<\/p>\n<p>Como parte de su grupo de trabajo, se mantendr\u00e1 Orlando Cede\u00f1o <strong>(analista de video)<\/strong><\/p>\n<p>Robin Pico <strong>(preparador de arqueros)<\/strong> y en los pr\u00f3ximos d\u00edas se anunciar\u00e1 al nuevo<\/p>\n<p><strong> preparador f\u00edsico con el asistente t\u00e9cnico.<\/strong><\/p>\n<p>&nbsp;<\/p>\n<p>Segundo Castillo ya trabaja en la planificaci\u00f3n de la pretemporada, que iniciar\u00e1 desde el 3 de enero con los<\/p>\n<p>chequeos m\u00e9dicos.<\/p>\n<p>Recordar que el conjunto amarillo tiene retos importantes, en el mes de febrero tendr\u00e1n que participar<\/p>\n<p>en la Fase DOS de la Libertadores, sumado a que la hinchada exige ganar la LigaPro en el a\u00f1o del<\/p>\n<p>centenario de la instituci\u00f3n. <strong>(D)<\/strong><\/p>\n<p>&nbsp;<\/p>\n<blockquote class=\"twitter-tweet\" data-width=\"550\" data-dnt=\"true\">\n<p lang=\"en\" dir=\"ltr\">\u00a1Yes, SIR! \ud83e\udee1\ud83c\udfa9<\/p>\n<p>\ud83d\udcbb Detalles: <a href=\"https:\/\/t.co\/LfS5DdrknU\">https:\/\/t.co\/LfS5DdrknU<\/a><a href=\"https:\/\/twitter.com\/hashtag\/CentenarioBSC?src=hash&amp;ref_src=twsrc%5Etfw\">#CentenarioBSC<\/a><a href=\"https:\/\/twitter.com\/hashtag\/BarcelonaSomosTodos?src=hash&amp;ref_src=twsrc%5Etfw\">#BarcelonaSomosTodos<\/a> <a href=\"https:\/\/t.co\/V3NRXYNrY4\">pic.twitter.com\/V3NRXYNrY4<\/a><\/p>\n<p>&mdash; BARCELONA S.C. (@BarcelonaSC) <a href=\"https:\/\/twitter.com\/BarcelonaSC\/status\/1869029435971863009?ref_src=twsrc%5Etfw\">December 17, 2024<\/a><\/p><\/blockquote>\n<p><script async src=\"https:\/\/platform.twitter.com\/widgets.js\" charset=\"utf-8\"><\/script><\/p>\n<p>&nbsp;<\/p>\n<p>Fuente: evafm.net &#8211; studiofutbol.com.ec<\/p>\n<div class=\"gsp_post_data\" \r\n\t            data-post_type=\"post\" \r\n\t            data-cat=\"deportes-ecuador,general\" \r\n\t            data-modified=\"120\"\r\n\t            data-created=\"1734461540\"\r\n\t            data-title=\"Barcelona SC confirm\u00f3 a Segundo Castillo como DT 2025\" \r\n\t            data-home=\"https:\/\/www.evafm.net\/sitio\"><\/div>","protected":false},"excerpt":{"rendered":"<p>Barcelona S. C, por medio de sus redes sociales, confirm\u00f3 que ha llegado a un acuerdo con el entrenador Segundo Alejandro Castillo, para convertirse en el director t\u00e9cnico del primer equipo. &nbsp; El estratega que hab\u00eda venido siendo asistente t\u00e9cnico del plantel principal desde el 2022, firm\u00f3 un contrato por todo el a\u00f1o 2025. Como&#8230;<\/p>\n","protected":false},"author":5,"featured_media":84336,"comment_status":"closed","ping_status":"open","sticky":false,"template":"","format":"standard","meta":{"_joinchat":[],"footnotes":""},"categories":[1557,1720],"tags":[],"class_list":["post-84335","post","type-post","status-publish","format-standard","has-post-thumbnail","hentry","category-deportes-ecuador","category-general","have-post-thumb"],"_links":{"self":[{"href":"https:\/\/www.evafm.net\/sitio\/wp-json\/wp\/v2\/posts\/84335","targetHints":{"allow":["GET"]}}],"collection":[{"href":"https:\/\/www.evafm.net\/sitio\/wp-json\/wp\/v2\/posts"}],"about":[{"href":"https:\/\/www.evafm.net\/sitio\/wp-json\/wp\/v2\/types\/post"}],"author":[{"embeddable":true,"href":"https:\/\/www.evafm.net\/sitio\/wp-json\/wp\/v2\/users\/5"}],"replies":[{"embeddable":true,"href":"https:\/\/www.evafm.net\/sitio\/wp-json\/wp\/v2\/comments?post=84335"}],"version-history":[{"count":1,"href":"https:\/\/www.evafm.net\/sitio\/wp-json\/wp\/v2\/posts\/84335\/revisions"}],"predecessor-version":[{"id":84337,"href":"https:\/\/www.evafm.net\/sitio\/wp-json\/wp\/v2\/posts\/84335\/revisions\/84337"}],"wp:featuredmedia":[{"embeddable":true,"href":"https:\/\/www.evafm.net\/sitio\/wp-json\/wp\/v2\/media\/84336"}],"wp:attachment":[{"href":"https:\/\/www.evafm.net\/sitio\/wp-json\/wp\/v2\/media?parent=84335"}],"wp:term":[{"taxonomy":"category","embeddable":true,"href":"https:\/\/www.evafm.net\/sitio\/wp-json\/wp\/v2\/categories?post=84335"},{"taxonomy":"post_tag","embeddable":true,"href":"https:\/\/www.evafm.net\/sitio\/wp-json\/wp\/v2\/tags?post=84335"}],"curies":[{"name":"wp","href":"https:\/\/api.w.org\/{rel}","templated":true}]}}