{"id":84338,"date":"2024-12-17T19:15:51","date_gmt":"2024-12-18T00:15:51","guid":{"rendered":"https:\/\/www.evafm.net\/sitio\/?p=84338"},"modified":"2024-12-17T19:15:51","modified_gmt":"2024-12-18T00:15:51","slug":"orense-sc-oficializo-a-diego-armas-nuevo-refuerzo-2025","status":"publish","type":"post","link":"https:\/\/www.evafm.net\/sitio\/orense-sc-oficializo-a-diego-armas-nuevo-refuerzo-2025\/","title":{"rendered":"Orense SC oficializo a Diego Armas nuevo refuerzo 2025"},"content":{"rendered":"<p>Diego Armas, Figura y goleador de T\u00e9cnico Universitario la temporada pasada, tiene nuevo equipo para el 2025.<\/p>\n<p>En medio de la celebraci\u00f3n por los 15 a\u00f1os del equipo, <strong>Orense S. C<\/strong> anunci\u00f3 oficialmente el fichaje del<\/p>\n<p>volante ecuatoriano.<\/p>\n<p>&nbsp;<\/p>\n<p><strong>Mediante sus redes sociales, los machale\u00f1os le dieron la bienvenida:<\/strong><\/p>\n<p>&nbsp;<\/p>\n<p>\u00abEs un gusto y un honor presentar a Diego Armas, quien llega para potenciar al equipo de la provincia y afrontar<\/p>\n<p>nuestro debut en un torneo internacional\u00bb.<\/p>\n<p>\u00ab\u00a1Bienvenido Diego al club de los 14 cantones! <strong>\u00a1Bienvenido a Orense Sporting Club!\u00bb. (D)<\/strong><\/p>\n<p>&nbsp;<\/p>\n<div class=\"css-1dbjc4n r-18u37iz r-kzbkwu\">\n<div class=\"css-1dbjc4n r-eqz5dr r-1777fci r-4amgru r-1kh6xel\">\n<div class=\"css-1dbjc4n r-1ny4l3l\">\n<div class=\"css-1dbjc4n r-1wbh5a2 r-dnmrzs r-1ny4l3l\">\n<div class=\"css-1dbjc4n r-1wbh5a2 r-dnmrzs r-1ny4l3l\">\n<div class=\"css-1dbjc4n r-1awozwy r-18u37iz r-dnmrzs\">\n<div class=\"css-901oao r-1awozwy r-18jsvk2 r-6koalj r-1qd0xha r-a023e6 r-b88u0q r-rjixqe r-bcqeeo r-1udh08x r-3s2u2q r-qvutc0\" dir=\"auto\"><strong><span class=\"css-901oao css-16my406 css-1hf3ou5 r-poiln3 r-bcqeeo r-qvutc0\"><span class=\"css-901oao css-16my406 r-poiln3 r-bcqeeo r-qvutc0\">Orense Sporting Club<\/span><\/span><\/strong><\/div>\n<div class=\"css-901oao r-18jsvk2 r-xoduu5 r-18u37iz r-1q142lx r-1qd0xha r-a023e6 r-16dba41 r-rjixqe r-bcqeeo r-qvutc0\" dir=\"auto\"><\/div>\n<\/div>\n<div class=\"css-1dbjc4n r-1awozwy r-18u37iz r-1wbh5a2\">\n<div class=\"css-1dbjc4n\">\n<div class=\"css-901oao css-1hf3ou5 r-14j79pv r-18u37iz r-1qd0xha r-1wvb978 r-a023e6 r-16dba41 r-rjixqe r-bcqeeo r-qvutc0\" dir=\"ltr\"><strong><span class=\"css-901oao css-16my406 r-poiln3 r-bcqeeo r-qvutc0\">@Orense_SC<\/span><\/strong><\/div>\n<\/div>\n<div class=\"css-1dbjc4n r-18u37iz r-1q142lx\">\n<div class=\"css-901oao r-14j79pv r-1q142lx r-1qd0xha r-a023e6 r-16dba41 r-rjixqe r-bcqeeo r-s1qlax r-qvutc0\" dir=\"auto\" aria-hidden=\"true\"><\/div>\n<\/div>\n<\/div>\n<\/div>\n<\/div>\n<\/div>\n<\/div>\n<\/div>\n<div class=\"css-1dbjc4n\">\n<div class=\"css-901oao r-18jsvk2 r-1dqbpge r-1qd0xha r-adyw6z r-16dba41 r-135wba7 r-bcqeeo r-bnwqim r-qvutc0\" dir=\"auto\" lang=\"es\" data-testid=\"tweetText\"><span class=\"css-901oao css-16my406 r-poiln3 r-bcqeeo r-qvutc0\">En la temporada 2024 marc\u00f3 20 tantos y se convirti\u00f3 en uno de los goleadores de la LigaPro. <\/span><\/div>\n<div class=\"css-901oao r-18jsvk2 r-1dqbpge r-1qd0xha r-adyw6z r-16dba41 r-135wba7 r-bcqeeo r-bnwqim r-qvutc0\" dir=\"auto\" lang=\"es\" data-testid=\"tweetText\"><span class=\"css-901oao css-16my406 r-poiln3 r-bcqeeo r-qvutc0\"> Es un gusto y un honor presentar a Diego Armas, quien llega para potenciar al equipo<\/span><\/div>\n<div class=\"css-901oao r-18jsvk2 r-1dqbpge r-1qd0xha r-adyw6z r-16dba41 r-135wba7 r-bcqeeo r-bnwqim r-qvutc0\" dir=\"auto\" lang=\"es\" data-testid=\"tweetText\"><span class=\"css-901oao css-16my406 r-poiln3 r-bcqeeo r-qvutc0\"> de la provincia y afrontar nuestro debut en un torneo internacional. \u00a1Bienvenido Diego al club\u2026<\/span><\/div>\n<\/div>\n<p>&nbsp;<\/p>\n<p><img fetchpriority=\"high\" decoding=\"async\" class=\"\" src=\"https:\/\/pbs.twimg.com\/media\/Ge9d-B4WYAA9XeM?format=jpg&amp;name=large\" alt=\"Imagen\" width=\"505\" height=\"631\" \/><\/p>\n<p>&nbsp;<\/p>\n<p><img decoding=\"async\" class=\"\" src=\"https:\/\/pbs.twimg.com\/media\/Ge9d-B3WQAApBHS?format=jpg&amp;name=large\" alt=\"Imagen\" width=\"498\" height=\"622\" \/><\/p>\n<p>&nbsp;<\/p>\n<p>Fuente: evafm.net &#8211; studiofutbol.com.ec<\/p>\n<p>&nbsp;<\/p>\n<div class=\"gsp_post_data\" \r\n\t            data-post_type=\"post\" \r\n\t            data-cat=\"deportes-ecuador\" \r\n\t            data-modified=\"120\"\r\n\t            data-created=\"1734462951\"\r\n\t            data-title=\"Orense SC oficializo a Diego Armas nuevo refuerzo 2025\" \r\n\t            data-home=\"https:\/\/www.evafm.net\/sitio\"><\/div>","protected":false},"excerpt":{"rendered":"<p>Diego Armas, Figura y goleador de T\u00e9cnico Universitario la temporada pasada, tiene nuevo equipo para el 2025. En medio de la celebraci\u00f3n por los 15 a\u00f1os del equipo, Orense S. C anunci\u00f3 oficialmente el fichaje del volante ecuatoriano. &nbsp; Mediante sus redes sociales, los machale\u00f1os le dieron la bienvenida: &nbsp; \u00abEs un gusto y un&#8230;<\/p>\n","protected":false},"author":5,"featured_media":84339,"comment_status":"closed","ping_status":"open","sticky":false,"template":"","format":"standard","meta":{"_joinchat":[],"footnotes":""},"categories":[1557],"tags":[],"class_list":["post-84338","post","type-post","status-publish","format-standard","has-post-thumbnail","hentry","category-deportes-ecuador","have-post-thumb"],"_links":{"self":[{"href":"https:\/\/www.evafm.net\/sitio\/wp-json\/wp\/v2\/posts\/84338","targetHints":{"allow":["GET"]}}],"collection":[{"href":"https:\/\/www.evafm.net\/sitio\/wp-json\/wp\/v2\/posts"}],"about":[{"href":"https:\/\/www.evafm.net\/sitio\/wp-json\/wp\/v2\/types\/post"}],"author":[{"embeddable":true,"href":"https:\/\/www.evafm.net\/sitio\/wp-json\/wp\/v2\/users\/5"}],"replies":[{"embeddable":true,"href":"https:\/\/www.evafm.net\/sitio\/wp-json\/wp\/v2\/comments?post=84338"}],"version-history":[{"count":1,"href":"https:\/\/www.evafm.net\/sitio\/wp-json\/wp\/v2\/posts\/84338\/revisions"}],"predecessor-version":[{"id":84340,"href":"https:\/\/www.evafm.net\/sitio\/wp-json\/wp\/v2\/posts\/84338\/revisions\/84340"}],"wp:featuredmedia":[{"embeddable":true,"href":"https:\/\/www.evafm.net\/sitio\/wp-json\/wp\/v2\/media\/84339"}],"wp:attachment":[{"href":"https:\/\/www.evafm.net\/sitio\/wp-json\/wp\/v2\/media?parent=84338"}],"wp:term":[{"taxonomy":"category","embeddable":true,"href":"https:\/\/www.evafm.net\/sitio\/wp-json\/wp\/v2\/categories?post=84338"},{"taxonomy":"post_tag","embeddable":true,"href":"https:\/\/www.evafm.net\/sitio\/wp-json\/wp\/v2\/tags?post=84338"}],"curies":[{"name":"wp","href":"https:\/\/api.w.org\/{rel}","templated":true}]}}