{"id":84341,"date":"2024-12-17T19:22:37","date_gmt":"2024-12-18T00:22:37","guid":{"rendered":"https:\/\/www.evafm.net\/sitio\/?p=84341"},"modified":"2024-12-17T19:22:37","modified_gmt":"2024-12-18T00:22:37","slug":"juan-pablo-ruiz-gomez-no-seguira-en-emelec","status":"publish","type":"post","link":"https:\/\/www.evafm.net\/sitio\/juan-pablo-ruiz-gomez-no-seguira-en-emelec\/","title":{"rendered":"Juan Pablo Ruiz G\u00f3mez no seguir\u00e1 en Emelec"},"content":{"rendered":"<p><strong>Juan Pablo Ruiz<\/strong> no continuar\u00e1 en el C. S. Emelec tras el cierre de la Temporada 2024.<\/p>\n<p>El jugador afirm\u00f3 que ten\u00eda toda la intenci\u00f3n de quedarse en el club azul, pero<\/p>\n<p><strong>\u00abla gesti\u00f3n ha sido muy poca por parte de la actual directiva\u00bb.<\/strong><\/p>\n<p>&nbsp;<\/p>\n<p>Esper\u00f3 una respuesta de la dirigencia en torno al pago del pr\u00e9stamo con Estudiantes<\/p>\n<p>pero no existi\u00f3 respuesta:<\/p>\n<p>&nbsp;<\/p>\n<p>\u201cMe qued\u00e9 hasta esta fecha en Guayaquil para ver si tenia una respuesta y estamos a<\/p>\n<p>4 d\u00edas de que mi contrato se venza.<\/p>\n<p>&nbsp;<\/p>\n<p>Ten\u00eda las ganas de quedarme. Se ha dado un vuelco terrible de mi rumbo, por m\u00e1s<\/p>\n<p>ilusiones que tenga, veo imposible que siga en Emelec\u201d.<\/p>\n<p>\u00abNo me voy con bronca, las intenciones de ellos (dirigentes) siempre fueron buenas<\/p>\n<p>pero con intenciones no hacemos todo.<\/p>\n<p>Si bronca desde lo deportivo por el segundo semestre que tuvimos, quer\u00eda quedarme<\/p>\n<p>para revertir la situaci\u00f3n\u00bb, finaliz\u00f3 el argentino. <strong>(D)<\/strong><\/p>\n<p>&nbsp;<\/p>\n<blockquote class=\"twitter-tweet\" data-width=\"550\" data-dnt=\"true\">\n<p lang=\"es\" dir=\"ltr\">\ud83d\udde3\ufe0f\u00a1\ud835\uddd8\ud835\udde6\ud835\udde3\ud835\uddd8\ud835\udde5\ud835\uddd8\u0301 \ud835\udddb\ud835\uddd4\ud835\udde6\ud835\udde7\ud835\uddd4 \ud835\uddd8\ud835\udde6\ud835\udde7\ud835\uddd4 \ud835\uddd9\ud835\uddd8\ud835\uddd6\ud835\udddb\ud835\uddd4 \ud835\uddec \ud835\udde1\ud835\uddd4\ud835\uddd7\ud835\uddd4!\ud83d\udd35 <br \/>As\u00ed expres\u00f3 Juan Pablo Ruiz, jugador de <a href=\"https:\/\/twitter.com\/CSEmelec?ref_src=twsrc%5Etfw\">@CSEmelec<\/a> <a href=\"https:\/\/twitter.com\/hashtag\/CSE?src=hash&amp;ref_src=twsrc%5Etfw\">#CSE<\/a> la temporada que finaliz\u00f3<br \/>Ruiz, dice que tiene toda la intenci\u00f3n de quedarse  en club azul, pero &quot;la gesti\u00f3n ha sido muy poca por parte de la actual directiva&quot;\u2026 <a href=\"https:\/\/t.co\/9ONjjSoAqu\">pic.twitter.com\/9ONjjSoAqu<\/a><\/p>\n<p>&mdash; Radio SUCRE 700 AM (@radio_sucre700) <a href=\"https:\/\/twitter.com\/radio_sucre700\/status\/1868805843036389430?ref_src=twsrc%5Etfw\">December 16, 2024<\/a><\/p><\/blockquote>\n<p><script async src=\"https:\/\/platform.twitter.com\/widgets.js\" charset=\"utf-8\"><\/script><\/p>\n<p>&nbsp;<\/p>\n<p>Fuente: evafm.net &#8211; studiofutbol.com.ec<\/p>\n<div class=\"gsp_post_data\" \r\n\t            data-post_type=\"post\" \r\n\t            data-cat=\"deportes-ecuador\" \r\n\t            data-modified=\"120\"\r\n\t            data-created=\"1734463357\"\r\n\t            data-title=\"Juan Pablo Ruiz G\u00f3mez no seguir\u00e1 en Emelec\" \r\n\t            data-home=\"https:\/\/www.evafm.net\/sitio\"><\/div>","protected":false},"excerpt":{"rendered":"<p>Juan Pablo Ruiz no continuar\u00e1 en el C. S. Emelec tras el cierre de la Temporada 2024. El jugador afirm\u00f3 que ten\u00eda toda la intenci\u00f3n de quedarse en el club azul, pero \u00abla gesti\u00f3n ha sido muy poca por parte de la actual directiva\u00bb. &nbsp; Esper\u00f3 una respuesta de la dirigencia en torno al pago&#8230;<\/p>\n","protected":false},"author":5,"featured_media":84342,"comment_status":"closed","ping_status":"open","sticky":false,"template":"","format":"standard","meta":{"_joinchat":[],"footnotes":""},"categories":[1557],"tags":[],"class_list":["post-84341","post","type-post","status-publish","format-standard","has-post-thumbnail","hentry","category-deportes-ecuador","have-post-thumb"],"_links":{"self":[{"href":"https:\/\/www.evafm.net\/sitio\/wp-json\/wp\/v2\/posts\/84341","targetHints":{"allow":["GET"]}}],"collection":[{"href":"https:\/\/www.evafm.net\/sitio\/wp-json\/wp\/v2\/posts"}],"about":[{"href":"https:\/\/www.evafm.net\/sitio\/wp-json\/wp\/v2\/types\/post"}],"author":[{"embeddable":true,"href":"https:\/\/www.evafm.net\/sitio\/wp-json\/wp\/v2\/users\/5"}],"replies":[{"embeddable":true,"href":"https:\/\/www.evafm.net\/sitio\/wp-json\/wp\/v2\/comments?post=84341"}],"version-history":[{"count":1,"href":"https:\/\/www.evafm.net\/sitio\/wp-json\/wp\/v2\/posts\/84341\/revisions"}],"predecessor-version":[{"id":84343,"href":"https:\/\/www.evafm.net\/sitio\/wp-json\/wp\/v2\/posts\/84341\/revisions\/84343"}],"wp:featuredmedia":[{"embeddable":true,"href":"https:\/\/www.evafm.net\/sitio\/wp-json\/wp\/v2\/media\/84342"}],"wp:attachment":[{"href":"https:\/\/www.evafm.net\/sitio\/wp-json\/wp\/v2\/media?parent=84341"}],"wp:term":[{"taxonomy":"category","embeddable":true,"href":"https:\/\/www.evafm.net\/sitio\/wp-json\/wp\/v2\/categories?post=84341"},{"taxonomy":"post_tag","embeddable":true,"href":"https:\/\/www.evafm.net\/sitio\/wp-json\/wp\/v2\/tags?post=84341"}],"curies":[{"name":"wp","href":"https:\/\/api.w.org\/{rel}","templated":true}]}}