{"id":84546,"date":"2024-12-25T20:58:52","date_gmt":"2024-12-26T01:58:52","guid":{"rendered":"https:\/\/www.evafm.net\/sitio\/?p=84546"},"modified":"2024-12-25T20:58:52","modified_gmt":"2024-12-26T01:58:52","slug":"gustavo-quinteros-no-seguira-en-velez-sarsfield","status":"publish","type":"post","link":"https:\/\/www.evafm.net\/sitio\/gustavo-quinteros-no-seguira-en-velez-sarsfield\/","title":{"rendered":"Gustavo Quinteros no seguir\u00e1 en V\u00e9lez Sarsfield"},"content":{"rendered":"<p><strong>Gustavo Quinteros<\/strong> tom\u00f3 la decisi\u00f3n de no continuar como entrenador de <strong>V\u00e9lez Sarsfield,<\/strong> a pesar de haber logrado un \u00e9xito significativo<\/p>\n<p>al conseguir el t\u00edtulo de la Liga Profesional 2024 en Argentina.<\/p>\n<p>&nbsp;<\/p>\n<p>La decisi\u00f3n, seg\u00fan se ha informado, tiene un fundamento principalmente deportivo, ya que el estratega no ve\u00eda que el club pudiera armar<\/p>\n<p>un equipo lo suficientemente competitivo para disputar con garant\u00edas la Copa Libertadores.<\/p>\n<p>&nbsp;<\/p>\n<p>Quinteros expres\u00f3 que su objetivo era dirigir un equipo con la capacidad de pelear en el plano internacional, algo que, en su evaluaci\u00f3n<\/p>\n<p>no se lograba en V\u00e9lez bajo las condiciones actuales.<\/p>\n<p>&nbsp;<\/p>\n<p>A lo largo de su etapa en el club, Quinteros demostr\u00f3 ser un entrenador exitoso, consiguiendo buenos resultados y destacando al equipo<\/p>\n<p>en la competencia local.<\/p>\n<p>Sin embargo, la falta de refuerzos y de una estructura s\u00f3lida para afrontar los desaf\u00edos internacionales fue un factor determinante<\/p>\n<p>en su decisi\u00f3n.<\/p>\n<p>El t\u00e9cnico entendi\u00f3 que, con el plantel que actualmente tiene V\u00e9lez, no se pod\u00eda aspirar a grandes metas en la Libertadores, lo que le llev\u00f3<\/p>\n<p>a tomar la dif\u00edcil decisi\u00f3n de dar un paso al costado.<\/p>\n<p>&nbsp;<\/p>\n<p>Quinteros, ex entrenador bicampe\u00f3n con Emelec en Ecuador, donde dej\u00f3 una huella importante en la historia del club, ha sido una figura<\/p>\n<p>clave en el f\u00fatbol sudamericano.<\/p>\n<p>Adem\u00e1s, tambi\u00e9n tuvo un paso como director t\u00e9cnico de la Selecci\u00f3n ecuatoriana.<\/p>\n<p>&nbsp;<\/p>\n<p>Seg\u00fan el periodista C\u00e9sar Luis Merlo, a esta hora hay chances concretas de que Gustavo Quinteros se convierta en el nuevo director t\u00e9cnico<\/p>\n<p>de Gremio, el reconocido club brasile\u00f1o que actualmente est\u00e1 buscando un nuevo l\u00edder en el banquillo.<\/p>\n<p>&nbsp;<\/p>\n<p>Gremio, que atraviesa un proceso de renovaci\u00f3n, ha mostrado inter\u00e9s en contar con los servicios de Quinteros, quien podr\u00eda asumir este<\/p>\n<p>nuevo desaf\u00edo en el f\u00fatbol brasile\u00f1o tras su exitoso paso por Argentina. <strong>(D)<\/strong><\/p>\n<p>&nbsp;<\/p>\n<p>&nbsp;<\/p>\n<p>Fuente: evafm.net &#8211; studiofutbol.com.ec<\/p>\n<p>&nbsp;<\/p>\n<p>&nbsp;<\/p>\n<div class=\"gsp_post_data\" \r\n\t            data-post_type=\"post\" \r\n\t            data-cat=\"deportes-internacionales,general\" \r\n\t            data-modified=\"120\"\r\n\t            data-created=\"1735160332\"\r\n\t            data-title=\"Gustavo Quinteros no seguir\u00e1 en V\u00e9lez Sarsfield\" \r\n\t            data-home=\"https:\/\/www.evafm.net\/sitio\"><\/div>","protected":false},"excerpt":{"rendered":"<p>Gustavo Quinteros tom\u00f3 la decisi\u00f3n de no continuar como entrenador de V\u00e9lez Sarsfield, a pesar de haber logrado un \u00e9xito significativo al conseguir el t\u00edtulo de la Liga Profesional 2024 en Argentina. &nbsp; La decisi\u00f3n, seg\u00fan se ha informado, tiene un fundamento principalmente deportivo, ya que el estratega no ve\u00eda que el club pudiera armar&#8230;<\/p>\n","protected":false},"author":5,"featured_media":84547,"comment_status":"closed","ping_status":"open","sticky":false,"template":"","format":"standard","meta":{"_joinchat":[],"footnotes":""},"categories":[1342,1720],"tags":[],"class_list":["post-84546","post","type-post","status-publish","format-standard","has-post-thumbnail","hentry","category-deportes-internacionales","category-general","have-post-thumb"],"_links":{"self":[{"href":"https:\/\/www.evafm.net\/sitio\/wp-json\/wp\/v2\/posts\/84546","targetHints":{"allow":["GET"]}}],"collection":[{"href":"https:\/\/www.evafm.net\/sitio\/wp-json\/wp\/v2\/posts"}],"about":[{"href":"https:\/\/www.evafm.net\/sitio\/wp-json\/wp\/v2\/types\/post"}],"author":[{"embeddable":true,"href":"https:\/\/www.evafm.net\/sitio\/wp-json\/wp\/v2\/users\/5"}],"replies":[{"embeddable":true,"href":"https:\/\/www.evafm.net\/sitio\/wp-json\/wp\/v2\/comments?post=84546"}],"version-history":[{"count":1,"href":"https:\/\/www.evafm.net\/sitio\/wp-json\/wp\/v2\/posts\/84546\/revisions"}],"predecessor-version":[{"id":84548,"href":"https:\/\/www.evafm.net\/sitio\/wp-json\/wp\/v2\/posts\/84546\/revisions\/84548"}],"wp:featuredmedia":[{"embeddable":true,"href":"https:\/\/www.evafm.net\/sitio\/wp-json\/wp\/v2\/media\/84547"}],"wp:attachment":[{"href":"https:\/\/www.evafm.net\/sitio\/wp-json\/wp\/v2\/media?parent=84546"}],"wp:term":[{"taxonomy":"category","embeddable":true,"href":"https:\/\/www.evafm.net\/sitio\/wp-json\/wp\/v2\/categories?post=84546"},{"taxonomy":"post_tag","embeddable":true,"href":"https:\/\/www.evafm.net\/sitio\/wp-json\/wp\/v2\/tags?post=84546"}],"curies":[{"name":"wp","href":"https:\/\/api.w.org\/{rel}","templated":true}]}}