{"id":84549,"date":"2024-12-26T12:39:59","date_gmt":"2024-12-26T17:39:59","guid":{"rendered":"https:\/\/www.evafm.net\/sitio\/?p=84549"},"modified":"2024-12-26T12:40:55","modified_gmt":"2024-12-26T17:40:55","slug":"central-hidroelectrica-alluriquin-empezo-pruebas","status":"publish","type":"post","link":"https:\/\/www.evafm.net\/sitio\/central-hidroelectrica-alluriquin-empezo-pruebas\/","title":{"rendered":"Central hidroel\u00e9ctrica Alluriqu\u00edn empez\u00f3 pruebas"},"content":{"rendered":"<p>La segunda unidad de generaci\u00f3n de la hidroel\u00e9ctrica Alluriqu\u00edn avanza con las pruebas para sumar <strong>68 megavatios (MW) <\/strong><\/p>\n<p>al Sistema Nacional Interconectado.<\/p>\n<p>&nbsp;<\/p>\n<p>El Ministerio de Energ\u00eda y Minas indic\u00f3 que, hasta ahora se constata el \u00f3ptimo funcionamiento de los sistemas y equipos.<\/p>\n<p>&nbsp;<\/p>\n<p>Las pruebas mec\u00e1nicas y de giro en la unidad de generaci\u00f3n Nro. 2 empezaron el 21 de diciembre y el siguiente paso es<\/p>\n<p>avanzar con la sincronizaci\u00f3n de esta central que incorporar\u00e1 otros 68 MW al Complejo Toachi Pilat\u00f3n, generando<\/p>\n<p>un total de 136 MW para la red nacional.<\/p>\n<p>&nbsp;<\/p>\n<p>La cartera de Estado recalc\u00f3 que el objetivo de generaci\u00f3n es de 204 MW de las 3 unidades de Alluriqu\u00edn. <strong>(I)<\/strong><\/p>\n<p>&nbsp;<\/p>\n<p>Fuente: evafm.net &#8211; radiosucre,com.ec<\/p>\n<div class=\"gsp_post_data\" \r\n\t            data-post_type=\"post\" \r\n\t            data-cat=\"general,noticias-ecuador\" \r\n\t            data-modified=\"120\"\r\n\t            data-created=\"1735216799\"\r\n\t            data-title=\"Central hidroel\u00e9ctrica Alluriqu\u00edn empez\u00f3 pruebas\" \r\n\t            data-home=\"https:\/\/www.evafm.net\/sitio\"><\/div>","protected":false},"excerpt":{"rendered":"<p>La segunda unidad de generaci\u00f3n de la hidroel\u00e9ctrica Alluriqu\u00edn avanza con las pruebas para sumar 68 megavatios (MW) al Sistema Nacional Interconectado. &nbsp; El Ministerio de Energ\u00eda y Minas indic\u00f3 que, hasta ahora se constata el \u00f3ptimo funcionamiento de los sistemas y equipos. &nbsp; Las pruebas mec\u00e1nicas y de giro en la unidad de generaci\u00f3n&#8230;<\/p>\n","protected":false},"author":5,"featured_media":84550,"comment_status":"closed","ping_status":"open","sticky":false,"template":"","format":"standard","meta":{"_joinchat":[],"footnotes":""},"categories":[1720,1558],"tags":[],"class_list":["post-84549","post","type-post","status-publish","format-standard","has-post-thumbnail","hentry","category-general","category-noticias-ecuador","have-post-thumb"],"_links":{"self":[{"href":"https:\/\/www.evafm.net\/sitio\/wp-json\/wp\/v2\/posts\/84549","targetHints":{"allow":["GET"]}}],"collection":[{"href":"https:\/\/www.evafm.net\/sitio\/wp-json\/wp\/v2\/posts"}],"about":[{"href":"https:\/\/www.evafm.net\/sitio\/wp-json\/wp\/v2\/types\/post"}],"author":[{"embeddable":true,"href":"https:\/\/www.evafm.net\/sitio\/wp-json\/wp\/v2\/users\/5"}],"replies":[{"embeddable":true,"href":"https:\/\/www.evafm.net\/sitio\/wp-json\/wp\/v2\/comments?post=84549"}],"version-history":[{"count":1,"href":"https:\/\/www.evafm.net\/sitio\/wp-json\/wp\/v2\/posts\/84549\/revisions"}],"predecessor-version":[{"id":84551,"href":"https:\/\/www.evafm.net\/sitio\/wp-json\/wp\/v2\/posts\/84549\/revisions\/84551"}],"wp:featuredmedia":[{"embeddable":true,"href":"https:\/\/www.evafm.net\/sitio\/wp-json\/wp\/v2\/media\/84550"}],"wp:attachment":[{"href":"https:\/\/www.evafm.net\/sitio\/wp-json\/wp\/v2\/media?parent=84549"}],"wp:term":[{"taxonomy":"category","embeddable":true,"href":"https:\/\/www.evafm.net\/sitio\/wp-json\/wp\/v2\/categories?post=84549"},{"taxonomy":"post_tag","embeddable":true,"href":"https:\/\/www.evafm.net\/sitio\/wp-json\/wp\/v2\/tags?post=84549"}],"curies":[{"name":"wp","href":"https:\/\/api.w.org\/{rel}","templated":true}]}}