{"id":84555,"date":"2024-12-26T13:02:04","date_gmt":"2024-12-26T18:02:04","guid":{"rendered":"https:\/\/www.evafm.net\/sitio\/?p=84555"},"modified":"2024-12-26T13:03:58","modified_gmt":"2024-12-26T18:03:58","slug":"emelec-emitio-un-comunicado-y-habra-elecciones-en-el-2025","status":"publish","type":"post","link":"https:\/\/www.evafm.net\/sitio\/emelec-emitio-un-comunicado-y-habra-elecciones-en-el-2025\/","title":{"rendered":"Emelec emitio un comunicado y habra elecciones en el 2025"},"content":{"rendered":"<p>Lo tan esperado por la afici\u00f3n del <strong>Club Sport Emelec<\/strong> ahora es oficial.<\/p>\n<p>Este<strong> jueves 26 de diciembre del 2024<\/strong>, los &#8216;azules&#8217; emitieron un comunicado dando a conocer que habr\u00e1 elecciones<\/p>\n<p>para conocer el nuevo directorio.<\/p>\n<p>&nbsp;<\/p>\n<p><strong>Comunicado oficial:<\/strong><\/p>\n<p>De conformidad con lo resuelto en sesi\u00f3n celebrada el 30 de noviembre de 2024, invita a todos sus socios aptos para<\/p>\n<p>elegir y ser elegidos, a las elecciones generales que se llevar\u00e1n a cabo el jueves 27 de febrero del a\u00f1o 2025, en donde<\/p>\n<p>se elegir\u00e1n:<\/p>\n<ul>\n<li><strong>Presidente<\/strong><\/li>\n<li><strong>Primer Vicepresidente<\/strong><\/li>\n<li><strong>Segundo Vicepresidente<\/strong><\/li>\n<li><strong>Secretario<\/strong><\/li>\n<li><strong>Tesorero<\/strong><\/li>\n<li><strong>Doce Directores (Vocales principales)<\/strong><\/li>\n<\/ul>\n<p>&nbsp;<\/p>\n<p>La fecha m\u00e1xima hasta la que se podr\u00e1 receptar inscripciones de listas, ser\u00e1 la establecida en el articulo <strong>79.6<\/strong><\/p>\n<p>del Estatuto esto es, hasta 15 d\u00edas antes al d\u00eda fijado para las elecciones, el <strong>mi\u00e9rcoles 12 de febrero de 2025 <\/strong><\/p>\n<p>a las 17h00.<\/p>\n<p>Las elecciones se llevar\u00e1n a cabo entre las<strong> 9hoo y 17h00, en el estadio George Capwell. (D)<\/strong><\/p>\n<p>&nbsp;<\/p>\n<p>&nbsp;<\/p>\n<div class=\"css-175oi2r r-zl2h9q\">\n<div class=\"css-175oi2r r-k4xj1c r-18u37iz r-1wtj0ep\">\n<div class=\"css-175oi2r r-1d09ksm r-18u37iz r-1wbh5a2\">\n<div class=\"css-175oi2r r-1wbh5a2 r-dnmrzs r-1ny4l3l\">\n<div id=\"id__ydvtfq41btg\" class=\"css-175oi2r r-1wbh5a2 r-dnmrzs r-1ny4l3l r-1awozwy r-18u37iz\" data-testid=\"User-Name\">\n<div class=\"css-175oi2r r-1awozwy r-18u37iz r-1wbh5a2 r-dnmrzs\">\n<div class=\"css-175oi2r r-1wbh5a2 r-dnmrzs\">\n<div class=\"css-175oi2r r-1awozwy r-18u37iz r-1wbh5a2 r-dnmrzs\">\n<div class=\"css-146c3p1 r-bcqeeo r-1ttztb7 r-qvutc0 r-37j5jr r-a023e6 r-rjixqe r-b88u0q r-1awozwy r-6koalj r-1udh08x r-3s2u2q\" dir=\"ltr\"><strong><span class=\"css-1jxf684 r-dnmrzs r-1udh08x r-3s2u2q r-bcqeeo r-1ttztb7 r-qvutc0 r-poiln3\"><span class=\"css-1jxf684 r-bcqeeo r-1ttztb7 r-qvutc0 r-poiln3\">Club Sport Emelec<\/span><\/span><\/strong><\/div>\n<div class=\"css-146c3p1 r-bcqeeo r-1ttztb7 r-qvutc0 r-37j5jr r-a023e6 r-rjixqe r-16dba41 r-xoduu5 r-18u37iz r-1q142lx\" dir=\"ltr\"><\/div>\n<\/div>\n<\/div>\n<\/div>\n<div class=\"css-175oi2r r-18u37iz r-1wbh5a2 r-1ez5h0i\">\n<div class=\"css-175oi2r r-1d09ksm r-18u37iz r-1wbh5a2\">\n<div class=\"css-175oi2r r-1wbh5a2 r-dnmrzs\">\n<div class=\"css-146c3p1 r-dnmrzs r-1udh08x r-3s2u2q r-bcqeeo r-1ttztb7 r-qvutc0 r-37j5jr r-a023e6 r-rjixqe r-16dba41 r-18u37iz r-1wvb978\" dir=\"ltr\"><strong><span class=\"css-1jxf684 r-bcqeeo r-1ttztb7 r-qvutc0 r-poiln3\">@CSEmelec<\/span><\/strong><\/div>\n<\/div>\n<div class=\"css-146c3p1 r-bcqeeo r-1ttztb7 r-qvutc0 r-37j5jr r-a023e6 r-rjixqe r-16dba41 r-1q142lx r-n7gxbd\" dir=\"ltr\" aria-hidden=\"true\"><\/div>\n<\/div>\n<\/div>\n<\/div>\n<\/div>\n<\/div>\n<div class=\"css-175oi2r r-1kkk96v\">\n<div class=\"css-175oi2r r-1awozwy r-18u37iz r-1cmwbt1 r-1wtj0ep\">\n<div class=\"css-175oi2r r-1awozwy r-6koalj r-18u37iz\">\n<div class=\"css-175oi2r\">\n<div class=\"css-175oi2r r-18u37iz r-1h0z5md\">\n<div class=\"css-146c3p1 r-bcqeeo r-1ttztb7 r-qvutc0 r-37j5jr r-a023e6 r-rjixqe r-16dba41 r-1awozwy r-6koalj r-1h0z5md r-o7ynqc r-clp7b1 r-3s2u2q\" dir=\"ltr\">\n<div class=\"css-175oi2r r-xoduu5\">\n<div class=\"css-175oi2r r-xoduu5 r-1p0dtai r-1d2f490 r-u8s1d r-zchlnj r-ipm5af r-1niwhzg r-sdzlij r-xf4iuw r-o7ynqc r-6416eg r-1ny4l3l\"><\/div>\n<\/div>\n<\/div>\n<\/div>\n<\/div>\n<\/div>\n<\/div>\n<\/div>\n<\/div>\n<\/div>\n<div class=\"css-175oi2r\">\n<div id=\"id__1kgzc4hhoai\" class=\"css-146c3p1 r-8akbws r-krxsd3 r-dnmrzs r-1udh08x r-bcqeeo r-1ttztb7 r-qvutc0 r-37j5jr r-a023e6 r-rjixqe r-16dba41 r-bnwqim\" dir=\"auto\" lang=\"pt\" data-testid=\"tweetText\"><strong><span class=\"css-1jxf684 r-bcqeeo r-1ttztb7 r-qvutc0 r-poiln3\"> Comunicado Oficial<\/span><\/strong><\/div>\n<\/div>\n<p><img decoding=\"async\" src=\"https:\/\/pbs.twimg.com\/media\/GfvMawXWIAA8KGb?format=jpg&amp;name=small\" alt=\"Image\" \/><\/p>\n<p>&nbsp;<\/p>\n<p>Fuente: evafm.net &#8211; studiofutbol.com.ec<\/p>\n<div class=\"gsp_post_data\" \r\n\t            data-post_type=\"post\" \r\n\t            data-cat=\"deportes-ecuador,general\" \r\n\t            data-modified=\"120\"\r\n\t            data-created=\"1735218124\"\r\n\t            data-title=\"Emelec emitio un comunicado y habra elecciones en el 2025\" \r\n\t            data-home=\"https:\/\/www.evafm.net\/sitio\"><\/div>","protected":false},"excerpt":{"rendered":"<p>Lo tan esperado por la afici\u00f3n del Club Sport Emelec ahora es oficial. Este jueves 26 de diciembre del 2024, los &#8216;azules&#8217; emitieron un comunicado dando a conocer que habr\u00e1 elecciones para conocer el nuevo directorio. &nbsp; Comunicado oficial: De conformidad con lo resuelto en sesi\u00f3n celebrada el 30 de noviembre de 2024, invita a&#8230;<\/p>\n","protected":false},"author":5,"featured_media":84556,"comment_status":"closed","ping_status":"open","sticky":false,"template":"","format":"standard","meta":{"_joinchat":[],"footnotes":""},"categories":[1557,1720],"tags":[],"class_list":["post-84555","post","type-post","status-publish","format-standard","has-post-thumbnail","hentry","category-deportes-ecuador","category-general","have-post-thumb"],"_links":{"self":[{"href":"https:\/\/www.evafm.net\/sitio\/wp-json\/wp\/v2\/posts\/84555","targetHints":{"allow":["GET"]}}],"collection":[{"href":"https:\/\/www.evafm.net\/sitio\/wp-json\/wp\/v2\/posts"}],"about":[{"href":"https:\/\/www.evafm.net\/sitio\/wp-json\/wp\/v2\/types\/post"}],"author":[{"embeddable":true,"href":"https:\/\/www.evafm.net\/sitio\/wp-json\/wp\/v2\/users\/5"}],"replies":[{"embeddable":true,"href":"https:\/\/www.evafm.net\/sitio\/wp-json\/wp\/v2\/comments?post=84555"}],"version-history":[{"count":1,"href":"https:\/\/www.evafm.net\/sitio\/wp-json\/wp\/v2\/posts\/84555\/revisions"}],"predecessor-version":[{"id":84557,"href":"https:\/\/www.evafm.net\/sitio\/wp-json\/wp\/v2\/posts\/84555\/revisions\/84557"}],"wp:featuredmedia":[{"embeddable":true,"href":"https:\/\/www.evafm.net\/sitio\/wp-json\/wp\/v2\/media\/84556"}],"wp:attachment":[{"href":"https:\/\/www.evafm.net\/sitio\/wp-json\/wp\/v2\/media?parent=84555"}],"wp:term":[{"taxonomy":"category","embeddable":true,"href":"https:\/\/www.evafm.net\/sitio\/wp-json\/wp\/v2\/categories?post=84555"},{"taxonomy":"post_tag","embeddable":true,"href":"https:\/\/www.evafm.net\/sitio\/wp-json\/wp\/v2\/tags?post=84555"}],"curies":[{"name":"wp","href":"https:\/\/api.w.org\/{rel}","templated":true}]}}