{"id":84558,"date":"2024-12-26T13:08:04","date_gmt":"2024-12-26T18:08:04","guid":{"rendered":"https:\/\/www.evafm.net\/sitio\/?p=84558"},"modified":"2024-12-26T13:08:04","modified_gmt":"2024-12-26T18:08:04","slug":"diego-palacios-podria-volver-a-jugar-a-inicios-del-2025","status":"publish","type":"post","link":"https:\/\/www.evafm.net\/sitio\/diego-palacios-podria-volver-a-jugar-a-inicios-del-2025\/","title":{"rendered":"Diego Palacios podr\u00eda volver a jugar a inicios del 2025"},"content":{"rendered":"<p><strong>Diego &#8216;Chiqui&#8217; Palacios<\/strong> est\u00e1 casi listo para regresar a las canchas luego de estar casi un a\u00f1o fuera.<\/p>\n<p>El jugador ecuatoriano, que sufri\u00f3 una lesi\u00f3n el pasado 27 de enero en su debut con el <strong>Corinthians<\/strong><\/p>\n<p>ha completado su proceso de recuperaci\u00f3n con \u00e9xito.<\/p>\n<p>&nbsp;<\/p>\n<p>As\u00ed lo dio a conocer el portal brasile\u00f1o,\u00a0<strong>UOL Sporte<\/strong>, mencionando que Palacios se encuentra cerca<\/p>\n<p>de la forma f\u00edsica ideal para regresar al terreno de juego.<\/p>\n<p>&nbsp;<\/p>\n<p>Recordar que el futbolista sufri\u00f3 un problema cr\u00f3nico en el cart\u00edlago de su rodilla izquierda a inicios<\/p>\n<p>del 2024 y en junio fue sometido a una<strong> artroscopia correctiva.<\/strong><\/p>\n<p>&nbsp;<\/p>\n<p><strong>UOL Sporte<\/strong> revel\u00f3 que el departamento m\u00e9dico del club vio un progreso impresionante por parte<\/p>\n<p>de Palacios.<\/p>\n<p>Finalmente mencionan que el regreso del lateral tricolor podr\u00eda llegar en <strong>enero de 2025. (D)<\/strong><\/p>\n<p>&nbsp;<\/p>\n<p>Fuente: evafm.net &#8211; studiofutbol.com.ec<\/p>\n<p>&nbsp;<\/p>\n<div class=\"gsp_post_data\" \r\n\t            data-post_type=\"post\" \r\n\t            data-cat=\"deportes-internacionales,general\" \r\n\t            data-modified=\"120\"\r\n\t            data-created=\"1735218484\"\r\n\t            data-title=\"Diego Palacios podr\u00eda volver a jugar a inicios del 2025\" \r\n\t            data-home=\"https:\/\/www.evafm.net\/sitio\"><\/div>","protected":false},"excerpt":{"rendered":"<p>Diego &#8216;Chiqui&#8217; Palacios est\u00e1 casi listo para regresar a las canchas luego de estar casi un a\u00f1o fuera. El jugador ecuatoriano, que sufri\u00f3 una lesi\u00f3n el pasado 27 de enero en su debut con el Corinthians ha completado su proceso de recuperaci\u00f3n con \u00e9xito. &nbsp; As\u00ed lo dio a conocer el portal brasile\u00f1o,\u00a0UOL Sporte, mencionando&#8230;<\/p>\n","protected":false},"author":5,"featured_media":84559,"comment_status":"closed","ping_status":"open","sticky":false,"template":"","format":"standard","meta":{"_joinchat":[],"footnotes":""},"categories":[1342,1720],"tags":[],"class_list":["post-84558","post","type-post","status-publish","format-standard","has-post-thumbnail","hentry","category-deportes-internacionales","category-general","have-post-thumb"],"_links":{"self":[{"href":"https:\/\/www.evafm.net\/sitio\/wp-json\/wp\/v2\/posts\/84558","targetHints":{"allow":["GET"]}}],"collection":[{"href":"https:\/\/www.evafm.net\/sitio\/wp-json\/wp\/v2\/posts"}],"about":[{"href":"https:\/\/www.evafm.net\/sitio\/wp-json\/wp\/v2\/types\/post"}],"author":[{"embeddable":true,"href":"https:\/\/www.evafm.net\/sitio\/wp-json\/wp\/v2\/users\/5"}],"replies":[{"embeddable":true,"href":"https:\/\/www.evafm.net\/sitio\/wp-json\/wp\/v2\/comments?post=84558"}],"version-history":[{"count":1,"href":"https:\/\/www.evafm.net\/sitio\/wp-json\/wp\/v2\/posts\/84558\/revisions"}],"predecessor-version":[{"id":84560,"href":"https:\/\/www.evafm.net\/sitio\/wp-json\/wp\/v2\/posts\/84558\/revisions\/84560"}],"wp:featuredmedia":[{"embeddable":true,"href":"https:\/\/www.evafm.net\/sitio\/wp-json\/wp\/v2\/media\/84559"}],"wp:attachment":[{"href":"https:\/\/www.evafm.net\/sitio\/wp-json\/wp\/v2\/media?parent=84558"}],"wp:term":[{"taxonomy":"category","embeddable":true,"href":"https:\/\/www.evafm.net\/sitio\/wp-json\/wp\/v2\/categories?post=84558"},{"taxonomy":"post_tag","embeddable":true,"href":"https:\/\/www.evafm.net\/sitio\/wp-json\/wp\/v2\/tags?post=84558"}],"curies":[{"name":"wp","href":"https:\/\/api.w.org\/{rel}","templated":true}]}}