{"id":84561,"date":"2024-12-27T12:48:38","date_gmt":"2024-12-27T17:48:38","guid":{"rendered":"https:\/\/www.evafm.net\/sitio\/?p=84561"},"modified":"2024-12-27T12:48:38","modified_gmt":"2024-12-27T17:48:38","slug":"emelec-renovo-con-jaime-ayovi-para-el-2025","status":"publish","type":"post","link":"https:\/\/www.evafm.net\/sitio\/emelec-renovo-con-jaime-ayovi-para-el-2025\/","title":{"rendered":"Emelec renov\u00f3 con Jaime Ayovi para el 2025"},"content":{"rendered":"<p><strong>Club Sport Emelec<\/strong> hizo oficial la renovaci\u00f3n de <strong>&#8216;la yoya&#8217; Jaime Ayov\u00ed,<\/strong> por<strong> 1 temporada m\u00e1s. <\/strong><\/p>\n<p>El experimentado delantero ecuatoriano que arrib\u00f3 a mediados del 2023, se convirti\u00f3 en un<\/p>\n<p>referente ofensivo y decidi\u00f3 continuar pese a la crisis que vive el equipo guayaquile\u00f1o.<\/p>\n<p>&nbsp;<\/p>\n<p>Ayov\u00ed, de 36 a\u00f1os, acumul\u00f3 cuatro goles en 25 partidos por <strong>Liga Pro<\/strong> la pasada temporada, n\u00fameros<\/p>\n<p>que no impactaron, sin embargo fue regular en una formaci\u00f3n que sufri\u00f3 varias bajas.<\/p>\n<p>&nbsp;<\/p>\n<p>Cabe recordar que Emelec no puede fichar en la pr\u00f3xima ventana de transferencias, por lo que renovar<\/p>\n<p>a jugadores de su plantilla es clave para poder competir. <strong>(D)<\/strong><\/p>\n<p>&nbsp;<\/p>\n<div class=\"css-1dbjc4n r-18u37iz r-kzbkwu\">\n<div class=\"css-1dbjc4n r-eqz5dr r-1777fci r-4amgru r-1kh6xel\">\n<div class=\"css-1dbjc4n r-1ny4l3l\">\n<div class=\"css-1dbjc4n r-1wbh5a2 r-dnmrzs r-1ny4l3l\">\n<div class=\"css-1dbjc4n r-1wbh5a2 r-dnmrzs r-1ny4l3l\">\n<div class=\"css-1dbjc4n r-1awozwy r-18u37iz r-dnmrzs\">\n<div class=\"css-901oao r-1awozwy r-18jsvk2 r-6koalj r-1qd0xha r-a023e6 r-b88u0q r-rjixqe r-bcqeeo r-1udh08x r-3s2u2q r-qvutc0\" dir=\"auto\"><strong><span class=\"css-901oao css-16my406 css-1hf3ou5 r-poiln3 r-bcqeeo r-qvutc0\"><span class=\"css-901oao css-16my406 r-poiln3 r-bcqeeo r-qvutc0\">Club Sport Emelec<\/span><\/span><\/strong><\/div>\n<div class=\"css-901oao r-18jsvk2 r-xoduu5 r-18u37iz r-1q142lx r-1qd0xha r-a023e6 r-16dba41 r-rjixqe r-bcqeeo r-qvutc0\" dir=\"auto\"><\/div>\n<\/div>\n<div class=\"css-1dbjc4n r-1awozwy r-18u37iz r-1wbh5a2\">\n<div class=\"css-1dbjc4n\">\n<div class=\"css-901oao css-1hf3ou5 r-14j79pv r-18u37iz r-1qd0xha r-1wvb978 r-a023e6 r-16dba41 r-rjixqe r-bcqeeo r-qvutc0\" dir=\"ltr\"><strong><span class=\"css-901oao css-16my406 r-poiln3 r-bcqeeo r-qvutc0\">@CSEmelec<\/span><\/strong><\/div>\n<\/div>\n<div class=\"css-1dbjc4n r-18u37iz r-1q142lx\">\n<div class=\"css-901oao r-14j79pv r-1q142lx r-1qd0xha r-a023e6 r-16dba41 r-rjixqe r-bcqeeo r-s1qlax r-qvutc0\" dir=\"auto\" aria-hidden=\"true\"><\/div>\n<\/div>\n<\/div>\n<\/div>\n<\/div>\n<\/div>\n<\/div>\n<\/div>\n<div class=\"css-1dbjc4n\">\n<div class=\"css-901oao r-18jsvk2 r-1dqbpge r-1qd0xha r-adyw6z r-16dba41 r-135wba7 r-bcqeeo r-bnwqim r-qvutc0\" dir=\"auto\" lang=\"es\" data-testid=\"tweetText\"><span class=\"css-901oao css-16my406 r-poiln3 r-bcqeeo r-qvutc0\"> Jaime Ayov\u00ed seguir\u00e1 en el Bombillo <\/span><span class=\"css-901oao css-16my406 r-poiln3 r-bcqeeo r-qvutc0\"> La Yoya renueva con el <strong>Club Sport Emelec<\/strong> hasta Diciembre del<\/span><\/div>\n<div dir=\"auto\" lang=\"es\" data-testid=\"tweetText\"><strong>2025<\/strong><\/div>\n<\/div>\n<p>&nbsp;<\/p>\n<p><img decoding=\"async\" src=\"https:\/\/pbs.twimg.com\/media\/Gf0B2OHXkAAU3RM?format=jpg&amp;name=small\" alt=\"Image\" \/><\/p>\n<p>&nbsp;<\/p>\n<p>Fuente: evafm.net &#8211; studiofutbol.com.ec<\/p>\n<p>&nbsp;<\/p>\n<p>&nbsp;<\/p>\n<p>&nbsp;<\/p>\n<p>&nbsp;<\/p>\n<div class=\"gsp_post_data\" \r\n\t            data-post_type=\"post\" \r\n\t            data-cat=\"deportes-ecuador,general\" \r\n\t            data-modified=\"120\"\r\n\t            data-created=\"1735303718\"\r\n\t            data-title=\"Emelec renov\u00f3 con Jaime Ayovi para el 2025\" \r\n\t            data-home=\"https:\/\/www.evafm.net\/sitio\"><\/div>","protected":false},"excerpt":{"rendered":"<p>Club Sport Emelec hizo oficial la renovaci\u00f3n de &#8216;la yoya&#8217; Jaime Ayov\u00ed, por 1 temporada m\u00e1s. El experimentado delantero ecuatoriano que arrib\u00f3 a mediados del 2023, se convirti\u00f3 en un referente ofensivo y decidi\u00f3 continuar pese a la crisis que vive el equipo guayaquile\u00f1o. &nbsp; Ayov\u00ed, de 36 a\u00f1os, acumul\u00f3 cuatro goles en 25 partidos&#8230;<\/p>\n","protected":false},"author":5,"featured_media":84562,"comment_status":"closed","ping_status":"open","sticky":false,"template":"","format":"standard","meta":{"_joinchat":[],"footnotes":""},"categories":[1557,1720],"tags":[],"class_list":["post-84561","post","type-post","status-publish","format-standard","has-post-thumbnail","hentry","category-deportes-ecuador","category-general","have-post-thumb"],"_links":{"self":[{"href":"https:\/\/www.evafm.net\/sitio\/wp-json\/wp\/v2\/posts\/84561","targetHints":{"allow":["GET"]}}],"collection":[{"href":"https:\/\/www.evafm.net\/sitio\/wp-json\/wp\/v2\/posts"}],"about":[{"href":"https:\/\/www.evafm.net\/sitio\/wp-json\/wp\/v2\/types\/post"}],"author":[{"embeddable":true,"href":"https:\/\/www.evafm.net\/sitio\/wp-json\/wp\/v2\/users\/5"}],"replies":[{"embeddable":true,"href":"https:\/\/www.evafm.net\/sitio\/wp-json\/wp\/v2\/comments?post=84561"}],"version-history":[{"count":1,"href":"https:\/\/www.evafm.net\/sitio\/wp-json\/wp\/v2\/posts\/84561\/revisions"}],"predecessor-version":[{"id":84563,"href":"https:\/\/www.evafm.net\/sitio\/wp-json\/wp\/v2\/posts\/84561\/revisions\/84563"}],"wp:featuredmedia":[{"embeddable":true,"href":"https:\/\/www.evafm.net\/sitio\/wp-json\/wp\/v2\/media\/84562"}],"wp:attachment":[{"href":"https:\/\/www.evafm.net\/sitio\/wp-json\/wp\/v2\/media?parent=84561"}],"wp:term":[{"taxonomy":"category","embeddable":true,"href":"https:\/\/www.evafm.net\/sitio\/wp-json\/wp\/v2\/categories?post=84561"},{"taxonomy":"post_tag","embeddable":true,"href":"https:\/\/www.evafm.net\/sitio\/wp-json\/wp\/v2\/tags?post=84561"}],"curies":[{"name":"wp","href":"https:\/\/api.w.org\/{rel}","templated":true}]}}