{"id":84564,"date":"2024-12-27T13:06:14","date_gmt":"2024-12-27T18:06:14","guid":{"rendered":"https:\/\/www.evafm.net\/sitio\/?p=84564"},"modified":"2024-12-27T13:06:14","modified_gmt":"2024-12-27T18:06:14","slug":"barcelona-no-renovo-con-adonis-preciado","status":"publish","type":"post","link":"https:\/\/www.evafm.net\/sitio\/barcelona-no-renovo-con-adonis-preciado\/","title":{"rendered":"Barcelona no renov\u00f3 con Adonis Preciado"},"content":{"rendered":"<p>Luego de finalizar contrato con <strong>Barcelona S.C, Adonis Preciado<\/strong> estar\u00eda muy cerca de jugar en el f\u00fatbol del exterior<\/p>\n<p>m\u00e1s espec\u00edficamente en el <strong>Quer\u00e9taro de M\u00e9xico.<\/strong><\/p>\n<p>&nbsp;<\/p>\n<p>Seg\u00fan informaci\u00f3n de la colega <strong>Gabriela Jurado,<\/strong> el extremo tendr\u00e1 su primera experiencia internacional y jugar\u00e1<\/p>\n<p>en el 2025 para los<strong> &#8216;gallos blancos&#8217;. <\/strong><\/p>\n<p>&nbsp;<\/p>\n<p>Habr\u00eda firmado por 2 a\u00f1os tras quedar libre.<\/p>\n<p>Preciado jug\u00f3 las \u00faltimas 5 temporadas en BSC, disputando un total de 150 compromisos <strong>(10 goles).<\/strong><\/p>\n<p>En Quer\u00e9taro, compartir\u00eda camerino con otro compatriota,<strong> Jonathan Perlaza. (D)<\/strong><\/p>\n<p>&nbsp;<\/p>\n<div class=\"css-1dbjc4n r-18u37iz r-kzbkwu\">\n<div class=\"css-1dbjc4n r-1ny4l3l\">\n<div class=\"css-1dbjc4n r-1adg3ll r-bztko3\" data-testid=\"UserAvatar-Container-GabyJuradoCalvo\">\n<div class=\"r-1p0dtai r-1pi2tsx r-1d2f490 r-u8s1d r-ipm5af r-13qz1uu\">\n<div class=\"css-1dbjc4n r-1adg3ll r-1pi2tsx r-1wyvozj r-bztko3 r-u8s1d r-1v2oles r-desppf r-13qz1uu\">\n<div class=\"r-1p0dtai r-1pi2tsx r-1d2f490 r-u8s1d r-ipm5af r-13qz1uu\">\n<div class=\"css-1dbjc4n r-sdzlij r-ggadg3 r-1udh08x r-u8s1d r-8jfcpp\">\n<div class=\"css-1dbjc4n r-14lw9ot r-sdzlij r-1wyvozj r-1udh08x r-633pao r-u8s1d r-1v2oles r-desppf\">\n<div class=\"css-1dbjc4n r-1adg3ll r-1udh08x\">\n<div class=\"r-1p0dtai r-1pi2tsx r-1d2f490 r-u8s1d r-ipm5af r-13qz1uu\">\n<div class=\"css-1dbjc4n r-1p0dtai r-1mlwlqe r-1d2f490 r-1udh08x r-u8s1d r-zchlnj r-ipm5af r-417010\" aria-label=\"\">\n<div class=\"css-1dbjc4n r-1niwhzg r-vvn4in r-u6sd8q r-4gszlv r-1p0dtai r-1pi2tsx r-1d2f490 r-u8s1d r-zchlnj r-ipm5af r-13qz1uu r-1wyyakw\"><\/div>\n<p><img decoding=\"async\" class=\"css-9pa8cd\" src=\"https:\/\/pbs.twimg.com\/profile_images\/1674588317596147712\/aeeoTt1N_normal.jpg\" alt=\"\" \/><\/div>\n<\/div>\n<\/div>\n<\/div>\n<div class=\"css-1dbjc4n r-sdzlij r-1wyvozj r-1udh08x r-u8s1d r-1v2oles r-desppf\">\n<div class=\"css-1dbjc4n r-12181gd r-1pi2tsx r-1ny4l3l r-o7ynqc r-6416eg r-13qz1uu\"><\/div>\n<\/div>\n<\/div>\n<\/div>\n<\/div>\n<\/div>\n<\/div>\n<\/div>\n<div class=\"css-1dbjc4n r-eqz5dr r-1777fci r-4amgru r-1kh6xel\">\n<div class=\"css-1dbjc4n r-1ny4l3l\">\n<div class=\"css-1dbjc4n r-1wbh5a2 r-dnmrzs r-1ny4l3l\">\n<div class=\"css-1dbjc4n r-1wbh5a2 r-dnmrzs r-1ny4l3l\">\n<div class=\"css-1dbjc4n r-1awozwy r-18u37iz r-dnmrzs\">\n<div class=\"css-901oao r-1awozwy r-18jsvk2 r-6koalj r-1qd0xha r-a023e6 r-b88u0q r-rjixqe r-bcqeeo r-1udh08x r-3s2u2q r-qvutc0\" dir=\"auto\"><strong><span class=\"css-901oao css-16my406 css-1hf3ou5 r-poiln3 r-bcqeeo r-qvutc0\"><span class=\"css-901oao css-16my406 r-poiln3 r-bcqeeo r-qvutc0\">Gaby Jurado Calvo<\/span><\/span><\/strong><\/div>\n<div class=\"css-901oao r-18jsvk2 r-xoduu5 r-18u37iz r-1q142lx r-1qd0xha r-a023e6 r-16dba41 r-rjixqe r-bcqeeo r-qvutc0\" dir=\"auto\"><\/div>\n<\/div>\n<div class=\"css-1dbjc4n r-1awozwy r-18u37iz r-1wbh5a2\">\n<div class=\"css-1dbjc4n\">\n<div class=\"css-901oao css-1hf3ou5 r-14j79pv r-18u37iz r-1qd0xha r-1wvb978 r-a023e6 r-16dba41 r-rjixqe r-bcqeeo r-qvutc0\" dir=\"ltr\"><strong><span class=\"css-901oao css-16my406 r-poiln3 r-bcqeeo r-qvutc0\">@GabyJuradoCalvo<\/span><\/strong><\/div>\n<\/div>\n<div class=\"css-1dbjc4n r-18u37iz r-1q142lx\">\n<div class=\"css-901oao r-14j79pv r-1q142lx r-1qd0xha r-a023e6 r-16dba41 r-rjixqe r-bcqeeo r-s1qlax r-qvutc0\" dir=\"auto\" aria-hidden=\"true\"><\/div>\n<\/div>\n<\/div>\n<\/div>\n<\/div>\n<\/div>\n<\/div>\n<\/div>\n<div class=\"css-1dbjc4n\">\n<div class=\"css-901oao r-18jsvk2 r-1dqbpge r-1qd0xha r-adyw6z r-16dba41 r-135wba7 r-bcqeeo r-bnwqim r-qvutc0\" dir=\"auto\" lang=\"es\" data-testid=\"tweetText\"><span class=\"css-901oao css-16my406 r-poiln3 r-bcqeeo r-qvutc0\"> Adonis Preciado deja Barcelona y es nuevo jugador del <\/span><strong><span class=\"r-18u37iz\">#Quer\u00e9taro<\/span><\/strong><span class=\"css-901oao css-16my406 r-poiln3 r-bcqeeo r-qvutc0\"> de M\u00e9xico <\/span><span class=\"css-901oao css-16my406 r-poiln3 r-bcqeeo r-qvutc0\"> Firm\u00f3 por dos a\u00f1os<\/span><\/div>\n<div class=\"css-901oao r-18jsvk2 r-1dqbpge r-1qd0xha r-adyw6z r-16dba41 r-135wba7 r-bcqeeo r-bnwqim r-qvutc0\" dir=\"auto\" lang=\"es\" data-testid=\"tweetText\"><span class=\"css-901oao css-16my406 r-poiln3 r-bcqeeo r-qvutc0\"> y llega como jugador libre.<\/span><\/div>\n<\/div>\n<div dir=\"auto\" lang=\"es\" data-testid=\"tweetText\"><\/div>\n<div dir=\"auto\" lang=\"es\" data-testid=\"tweetText\"><\/div>\n<div dir=\"auto\" lang=\"es\" data-testid=\"tweetText\"><img decoding=\"async\" src=\"https:\/\/pbs.twimg.com\/media\/Gfxi0JOXkAAh7Th?format=jpg&amp;name=small\" alt=\"Image\" \/><\/div>\n<div dir=\"auto\" lang=\"es\" data-testid=\"tweetText\"><\/div>\n<div dir=\"auto\" lang=\"es\" data-testid=\"tweetText\"><\/div>\n<div dir=\"auto\" lang=\"es\" data-testid=\"tweetText\">Fuente: evafm.net &#8211; studiofutbol.com.ec<\/div>\n<p>&nbsp;<\/p>\n<p>&nbsp;<\/p>\n<div class=\"gsp_post_data\" \r\n\t            data-post_type=\"post\" \r\n\t            data-cat=\"deportes-ecuador\" \r\n\t            data-modified=\"120\"\r\n\t            data-created=\"1735304774\"\r\n\t            data-title=\"Barcelona no renov\u00f3 con Adonis Preciado\" \r\n\t            data-home=\"https:\/\/www.evafm.net\/sitio\"><\/div>","protected":false},"excerpt":{"rendered":"<p>Luego de finalizar contrato con Barcelona S.C, Adonis Preciado estar\u00eda muy cerca de jugar en el f\u00fatbol del exterior m\u00e1s espec\u00edficamente en el Quer\u00e9taro de M\u00e9xico. &nbsp; Seg\u00fan informaci\u00f3n de la colega Gabriela Jurado, el extremo tendr\u00e1 su primera experiencia internacional y jugar\u00e1 en el 2025 para los &#8216;gallos blancos&#8217;. &nbsp; Habr\u00eda firmado por 2&#8230;<\/p>\n","protected":false},"author":5,"featured_media":84565,"comment_status":"closed","ping_status":"open","sticky":false,"template":"","format":"standard","meta":{"_joinchat":[],"footnotes":""},"categories":[1557],"tags":[],"class_list":["post-84564","post","type-post","status-publish","format-standard","has-post-thumbnail","hentry","category-deportes-ecuador","have-post-thumb"],"_links":{"self":[{"href":"https:\/\/www.evafm.net\/sitio\/wp-json\/wp\/v2\/posts\/84564","targetHints":{"allow":["GET"]}}],"collection":[{"href":"https:\/\/www.evafm.net\/sitio\/wp-json\/wp\/v2\/posts"}],"about":[{"href":"https:\/\/www.evafm.net\/sitio\/wp-json\/wp\/v2\/types\/post"}],"author":[{"embeddable":true,"href":"https:\/\/www.evafm.net\/sitio\/wp-json\/wp\/v2\/users\/5"}],"replies":[{"embeddable":true,"href":"https:\/\/www.evafm.net\/sitio\/wp-json\/wp\/v2\/comments?post=84564"}],"version-history":[{"count":1,"href":"https:\/\/www.evafm.net\/sitio\/wp-json\/wp\/v2\/posts\/84564\/revisions"}],"predecessor-version":[{"id":84566,"href":"https:\/\/www.evafm.net\/sitio\/wp-json\/wp\/v2\/posts\/84564\/revisions\/84566"}],"wp:featuredmedia":[{"embeddable":true,"href":"https:\/\/www.evafm.net\/sitio\/wp-json\/wp\/v2\/media\/84565"}],"wp:attachment":[{"href":"https:\/\/www.evafm.net\/sitio\/wp-json\/wp\/v2\/media?parent=84564"}],"wp:term":[{"taxonomy":"category","embeddable":true,"href":"https:\/\/www.evafm.net\/sitio\/wp-json\/wp\/v2\/categories?post=84564"},{"taxonomy":"post_tag","embeddable":true,"href":"https:\/\/www.evafm.net\/sitio\/wp-json\/wp\/v2\/tags?post=84564"}],"curies":[{"name":"wp","href":"https:\/\/api.w.org\/{rel}","templated":true}]}}