{"id":84567,"date":"2024-12-27T13:13:15","date_gmt":"2024-12-27T18:13:15","guid":{"rendered":"https:\/\/www.evafm.net\/sitio\/?p=84567"},"modified":"2024-12-27T13:13:15","modified_gmt":"2024-12-27T18:13:15","slug":"madison-julio-las-metas-con-liga-de-quito-para-el-2025","status":"publish","type":"post","link":"https:\/\/www.evafm.net\/sitio\/madison-julio-las-metas-con-liga-de-quito-para-el-2025\/","title":{"rendered":"Madison Julio las metas con Liga de Quito para el 2025"},"content":{"rendered":"<p>Madison Julio volante de Liga de Quito pas\u00f3 por el programa<strong> MUNDO DEPORTIVO de RADIO COBERTURA 104.1 FM.<\/strong><\/p>\n<p>Donde habl\u00f3 de lo que ser\u00e1 la temporada 2025 para \u00e9l y el equipo <strong>&#8216;albo&#8217;.<\/strong><\/p>\n<p>&nbsp;<\/p>\n<p>Ante los rumores de la posible llegada de Carlos Gruezo y otros jugadores en la zona media:<\/p>\n<p>\u00abHabr\u00e1 una competencia sana con los refuerzos que vengan en mi puesto, todos estamos para aportar y el fin com\u00fan<\/p>\n<p>es que el equipo cumpla los objetivos\u00bb.<\/p>\n<p>&nbsp;<\/p>\n<p><strong>Los objetivos 2025: <\/strong><\/p>\n<p>\u00abGanar la Libertadores o la Sudamericana, cualquiera de las dos es la meta para el pr\u00f3ximo a\u00f1o\u00bb.<\/p>\n<p><strong>Su deseo de estar en La TRI:<\/strong><\/p>\n<p>\u00abEs el m\u00e1ximo sue\u00f1o que uno tiene, para eso se trabaja d\u00eda a d\u00eda\u00bb.<\/p>\n<p>&nbsp;<\/p>\n<p><strong>Lo que significa LDU para Madison Julio:<\/strong><\/p>\n<p>\u00abLiga representa parte de mi vida, es muy lindo estar aqu\u00ed, es maravilloso, de alentar al equipo en las gradas a ser jugador<\/p>\n<p>y salir campe\u00f3n es maravilloso\u00bb.<\/p>\n<p>&nbsp;<\/p>\n<p><strong>Sobre como cay\u00f3 en el camerino la muerte de Marco Angulo:<\/strong><\/p>\n<p>\u00abPeg\u00f3 muy fuerte al grupo, fue algo muy feo para nosotros, en la segunda final cuando Piovi habl\u00f3 en la arenga previa se nos<\/p>\n<p>salieron las l\u00e1grimas\u00bb. <strong>(D)<\/strong><\/p>\n<p>&nbsp;<\/p>\n<p>Fuente: evafm.net &#8211; studiofutbol.com.ec<\/p>\n<div class=\"gsp_post_data\" \r\n\t            data-post_type=\"post\" \r\n\t            data-cat=\"deportes-ecuador\" \r\n\t            data-modified=\"120\"\r\n\t            data-created=\"1735305195\"\r\n\t            data-title=\"Madison Julio las metas con Liga de Quito para el 2025\" \r\n\t            data-home=\"https:\/\/www.evafm.net\/sitio\"><\/div>","protected":false},"excerpt":{"rendered":"<p>Madison Julio volante de Liga de Quito pas\u00f3 por el programa MUNDO DEPORTIVO de RADIO COBERTURA 104.1 FM. Donde habl\u00f3 de lo que ser\u00e1 la temporada 2025 para \u00e9l y el equipo &#8216;albo&#8217;. &nbsp; Ante los rumores de la posible llegada de Carlos Gruezo y otros jugadores en la zona media: \u00abHabr\u00e1 una competencia sana&#8230;<\/p>\n","protected":false},"author":5,"featured_media":84568,"comment_status":"closed","ping_status":"open","sticky":false,"template":"","format":"standard","meta":{"_joinchat":[],"footnotes":""},"categories":[1557],"tags":[],"class_list":["post-84567","post","type-post","status-publish","format-standard","has-post-thumbnail","hentry","category-deportes-ecuador","have-post-thumb"],"_links":{"self":[{"href":"https:\/\/www.evafm.net\/sitio\/wp-json\/wp\/v2\/posts\/84567","targetHints":{"allow":["GET"]}}],"collection":[{"href":"https:\/\/www.evafm.net\/sitio\/wp-json\/wp\/v2\/posts"}],"about":[{"href":"https:\/\/www.evafm.net\/sitio\/wp-json\/wp\/v2\/types\/post"}],"author":[{"embeddable":true,"href":"https:\/\/www.evafm.net\/sitio\/wp-json\/wp\/v2\/users\/5"}],"replies":[{"embeddable":true,"href":"https:\/\/www.evafm.net\/sitio\/wp-json\/wp\/v2\/comments?post=84567"}],"version-history":[{"count":1,"href":"https:\/\/www.evafm.net\/sitio\/wp-json\/wp\/v2\/posts\/84567\/revisions"}],"predecessor-version":[{"id":84569,"href":"https:\/\/www.evafm.net\/sitio\/wp-json\/wp\/v2\/posts\/84567\/revisions\/84569"}],"wp:featuredmedia":[{"embeddable":true,"href":"https:\/\/www.evafm.net\/sitio\/wp-json\/wp\/v2\/media\/84568"}],"wp:attachment":[{"href":"https:\/\/www.evafm.net\/sitio\/wp-json\/wp\/v2\/media?parent=84567"}],"wp:term":[{"taxonomy":"category","embeddable":true,"href":"https:\/\/www.evafm.net\/sitio\/wp-json\/wp\/v2\/categories?post=84567"},{"taxonomy":"post_tag","embeddable":true,"href":"https:\/\/www.evafm.net\/sitio\/wp-json\/wp\/v2\/tags?post=84567"}],"curies":[{"name":"wp","href":"https:\/\/api.w.org\/{rel}","templated":true}]}}