{"id":84570,"date":"2024-12-27T13:21:04","date_gmt":"2024-12-27T18:21:04","guid":{"rendered":"https:\/\/www.evafm.net\/sitio\/?p=84570"},"modified":"2024-12-27T13:21:04","modified_gmt":"2024-12-27T18:21:04","slug":"deportivo-cuenca-decidio-no-continuar-con-francisco-mera","status":"publish","type":"post","link":"https:\/\/www.evafm.net\/sitio\/deportivo-cuenca-decidio-no-continuar-con-francisco-mera\/","title":{"rendered":"Deportivo Cuenca decidi\u00f3 no continuar con Francisco Mera"},"content":{"rendered":"<p>Seg\u00fan informaci\u00f3n de la colega Viviana S\u00e1nchez de DIRECTF\u00daTBOL, el volante no seguir\u00e1 m\u00e1s en el equipo <strong>&#8216;morlaco&#8217;. <\/strong><\/p>\n<p>El jugador ya fue notificado que no cuentan con \u00e9l para la temporada 2025.<\/p>\n<p>&nbsp;<\/p>\n<p><strong>Mediante sus redes sociales, Mera se despidi\u00f3 del club:<\/strong><\/p>\n<p>\u201cGracias por una segunda oportunidad para mi carrera! Estos 3 a\u00f1os y medio fueron maravillosos, pero mi ciclo<\/p>\n<p>en el club ha terminado.<\/p>\n<p>Solo tengo palabras de agradecimiento a todos quienes forman parte del club y a esa bonita hinchada que siempre<\/p>\n<p>nos respald\u00f3, aun en los momentos mas cr\u00edticos del club\u201d, escribi\u00f3 \u2018pancho\u2019.<\/p>\n<p>&nbsp;<\/p>\n<p>\u201cHoy me despido de una ciudad no solo de un club porque encontramos personas maravillosas en nuestra vida<\/p>\n<p>todo fue gracias al futbol y al club.<\/p>\n<p>Espero que sea un hasta luego y no una despedida definitiva.<\/p>\n<p>Solo me queda decir \u00a1GRACIAS CUENCA MI BUEN AMIGO!\u201d. finaliz\u00f3. <strong>(D)<\/strong><\/p>\n<p>&nbsp;<\/p>\n<p>Fuente: evafm.net studiofutbol.com.ec<\/p>\n<div class=\"gsp_post_data\" \r\n\t            data-post_type=\"post\" \r\n\t            data-cat=\"deportes-ecuador\" \r\n\t            data-modified=\"120\"\r\n\t            data-created=\"1735305664\"\r\n\t            data-title=\"Deportivo Cuenca decidi\u00f3 no continuar con Francisco Mera\" \r\n\t            data-home=\"https:\/\/www.evafm.net\/sitio\"><\/div>","protected":false},"excerpt":{"rendered":"<p>Seg\u00fan informaci\u00f3n de la colega Viviana S\u00e1nchez de DIRECTF\u00daTBOL, el volante no seguir\u00e1 m\u00e1s en el equipo &#8216;morlaco&#8217;. El jugador ya fue notificado que no cuentan con \u00e9l para la temporada 2025. &nbsp; Mediante sus redes sociales, Mera se despidi\u00f3 del club: \u201cGracias por una segunda oportunidad para mi carrera! Estos 3 a\u00f1os y medio&#8230;<\/p>\n","protected":false},"author":5,"featured_media":84571,"comment_status":"closed","ping_status":"open","sticky":false,"template":"","format":"standard","meta":{"_joinchat":[],"footnotes":""},"categories":[1557],"tags":[],"class_list":["post-84570","post","type-post","status-publish","format-standard","has-post-thumbnail","hentry","category-deportes-ecuador","have-post-thumb"],"_links":{"self":[{"href":"https:\/\/www.evafm.net\/sitio\/wp-json\/wp\/v2\/posts\/84570","targetHints":{"allow":["GET"]}}],"collection":[{"href":"https:\/\/www.evafm.net\/sitio\/wp-json\/wp\/v2\/posts"}],"about":[{"href":"https:\/\/www.evafm.net\/sitio\/wp-json\/wp\/v2\/types\/post"}],"author":[{"embeddable":true,"href":"https:\/\/www.evafm.net\/sitio\/wp-json\/wp\/v2\/users\/5"}],"replies":[{"embeddable":true,"href":"https:\/\/www.evafm.net\/sitio\/wp-json\/wp\/v2\/comments?post=84570"}],"version-history":[{"count":1,"href":"https:\/\/www.evafm.net\/sitio\/wp-json\/wp\/v2\/posts\/84570\/revisions"}],"predecessor-version":[{"id":84572,"href":"https:\/\/www.evafm.net\/sitio\/wp-json\/wp\/v2\/posts\/84570\/revisions\/84572"}],"wp:featuredmedia":[{"embeddable":true,"href":"https:\/\/www.evafm.net\/sitio\/wp-json\/wp\/v2\/media\/84571"}],"wp:attachment":[{"href":"https:\/\/www.evafm.net\/sitio\/wp-json\/wp\/v2\/media?parent=84570"}],"wp:term":[{"taxonomy":"category","embeddable":true,"href":"https:\/\/www.evafm.net\/sitio\/wp-json\/wp\/v2\/categories?post=84570"},{"taxonomy":"post_tag","embeddable":true,"href":"https:\/\/www.evafm.net\/sitio\/wp-json\/wp\/v2\/tags?post=84570"}],"curies":[{"name":"wp","href":"https:\/\/api.w.org\/{rel}","templated":true}]}}