{"id":84573,"date":"2024-12-27T14:13:20","date_gmt":"2024-12-27T19:13:20","guid":{"rendered":"https:\/\/www.evafm.net\/sitio\/?p=84573"},"modified":"2024-12-27T14:13:20","modified_gmt":"2024-12-27T19:13:20","slug":"cristian-riveros-anuncio-su-retiro-del-futbol","status":"publish","type":"post","link":"https:\/\/www.evafm.net\/sitio\/cristian-riveros-anuncio-su-retiro-del-futbol\/","title":{"rendered":"Cristian Riveros anunci\u00f3 su retiro del f\u00fatbol"},"content":{"rendered":"<p>Un hist\u00f3rico de la<strong> &#8216;albirroja&#8217;<\/strong> inform\u00f3 el final de su carrera futbol\u00edstica.<\/p>\n<p>Luego de 27 a\u00f1os, Cristian Riveros puso fin a su etapa como jugador, y se retira siendo el \u00faltimo jugador paraguayo<\/p>\n<p>que anot\u00f3 en una <strong>Copa del Mundo.<\/strong><\/p>\n<p>&nbsp;<\/p>\n<p>\u00abLleg\u00f3 el momento de decir adi\u00f3s al f\u00fatbol como profesional.<\/p>\n<p>Fueron m\u00e1s o menos 25 a\u00f1os de dedicaci\u00f3n y de dar siempre todo en cada instituci\u00f3n que me toc\u00f3 estar.<\/p>\n<p>Podr\u00eda escribir demasiadas cosas, pero todo se resume a \u00a1Gracias!\u00bb, sostuvo el ya exjugador de 42 a\u00f1os.<\/p>\n<p>&nbsp;<\/p>\n<p><strong>La carrera de Riveros:<\/strong><\/p>\n<p>A nivel de Selecci\u00f3n, Cristian Riveros disput\u00f3 el Mundial 2006 y 2010, marc\u00e1ndole un gol a Eslovaquia, siendo este<\/p>\n<p>el \u00faltimo a la <strong>&#8216;albirroja&#8217;<\/strong> en una Copa del Mundo.<\/p>\n<p>&nbsp;<\/p>\n<p>Adem\u00e1s, disput\u00f3 las ediciones de la <strong>Copa Am\u00e9rica 2007 y 2011,<\/strong> en donde Paraguay qued\u00f3 subcampe\u00f3n<\/p>\n<p>&nbsp;<\/p>\n<p>A nivel de clubes debut\u00f3 en 1997 por el Crist\u00f3bal Col\u00f3n, jug\u00f3 en el Cruz Azul de M\u00e9xico, Sunderland de Inglaterra<\/p>\n<p>Gremio de Brasil, Olimpia, Nacional de su pa\u00eds, y se retir\u00f3 en el Libertad logrando ganar la Copa de Paraguay en este 2024. <strong>(D)<\/strong><\/p>\n<p>&nbsp;<\/p>\n<p>&nbsp;<\/p>\n<p>Fuente: evafm.net &#8211; studiofutbl.com.ec<\/p>\n<p>&nbsp;<\/p>\n<p>&nbsp;<\/p>\n<div class=\"gsp_post_data\" \r\n\t            data-post_type=\"post\" \r\n\t            data-cat=\"deportes-internacionales,general\" \r\n\t            data-modified=\"120\"\r\n\t            data-created=\"1735308800\"\r\n\t            data-title=\"Cristian Riveros anunci\u00f3 su retiro del f\u00fatbol\" \r\n\t            data-home=\"https:\/\/www.evafm.net\/sitio\"><\/div>","protected":false},"excerpt":{"rendered":"<p>Un hist\u00f3rico de la &#8216;albirroja&#8217; inform\u00f3 el final de su carrera futbol\u00edstica. Luego de 27 a\u00f1os, Cristian Riveros puso fin a su etapa como jugador, y se retira siendo el \u00faltimo jugador paraguayo que anot\u00f3 en una Copa del Mundo. &nbsp; \u00abLleg\u00f3 el momento de decir adi\u00f3s al f\u00fatbol como profesional. Fueron m\u00e1s o menos&#8230;<\/p>\n","protected":false},"author":5,"featured_media":84574,"comment_status":"closed","ping_status":"open","sticky":false,"template":"","format":"standard","meta":{"_joinchat":[],"footnotes":""},"categories":[1342,1720],"tags":[],"class_list":["post-84573","post","type-post","status-publish","format-standard","has-post-thumbnail","hentry","category-deportes-internacionales","category-general","have-post-thumb"],"_links":{"self":[{"href":"https:\/\/www.evafm.net\/sitio\/wp-json\/wp\/v2\/posts\/84573","targetHints":{"allow":["GET"]}}],"collection":[{"href":"https:\/\/www.evafm.net\/sitio\/wp-json\/wp\/v2\/posts"}],"about":[{"href":"https:\/\/www.evafm.net\/sitio\/wp-json\/wp\/v2\/types\/post"}],"author":[{"embeddable":true,"href":"https:\/\/www.evafm.net\/sitio\/wp-json\/wp\/v2\/users\/5"}],"replies":[{"embeddable":true,"href":"https:\/\/www.evafm.net\/sitio\/wp-json\/wp\/v2\/comments?post=84573"}],"version-history":[{"count":1,"href":"https:\/\/www.evafm.net\/sitio\/wp-json\/wp\/v2\/posts\/84573\/revisions"}],"predecessor-version":[{"id":84575,"href":"https:\/\/www.evafm.net\/sitio\/wp-json\/wp\/v2\/posts\/84573\/revisions\/84575"}],"wp:featuredmedia":[{"embeddable":true,"href":"https:\/\/www.evafm.net\/sitio\/wp-json\/wp\/v2\/media\/84574"}],"wp:attachment":[{"href":"https:\/\/www.evafm.net\/sitio\/wp-json\/wp\/v2\/media?parent=84573"}],"wp:term":[{"taxonomy":"category","embeddable":true,"href":"https:\/\/www.evafm.net\/sitio\/wp-json\/wp\/v2\/categories?post=84573"},{"taxonomy":"post_tag","embeddable":true,"href":"https:\/\/www.evafm.net\/sitio\/wp-json\/wp\/v2\/tags?post=84573"}],"curies":[{"name":"wp","href":"https:\/\/api.w.org\/{rel}","templated":true}]}}